{"id":95991,"date":"2016-09-07T08:17:05","date_gmt":"2016-09-07T11:17:05","guid":{"rendered":"http:\/\/senoticias.com.br\/se\/?p=95991"},"modified":"2016-09-07T09:37:50","modified_gmt":"2016-09-07T12:37:50","slug":"luciano-bispo-ganha-por-unanimidade-no-tse-e-volta-a-presidir-a-assembleia","status":"publish","type":"post","link":"https:\/\/senoticias.com.br\/se\/luciano-bispo-ganha-por-unanimidade-no-tse-e-volta-a-presidir-a-assembleia\/","title":{"rendered":"Luciano Bispo ganha por unanimidade no TSE e volta a presidir a Assembleia"},"content":{"rendered":"<p style=\"text-align: justify;\">Em uma luta que se arrastou ao longo dos \u00faltimos tr\u00eas meses, a defesa de Luciano Bispo (PMDB) conseguiu nesta ter\u00e7a-feira (06) reverter a decis\u00e3o inicial do Tribunal Superior Eleitoral (TSE) pelo indeferimento do registro da candidatura de deputado estadual e imediato afastamento da Assembleia Legislativa do Estado de Sergipe (Alese).<\/p>\n<div id=\"attachment_95992\" style=\"width: 610px\" class=\"wp-caption aligncenter\"><img loading=\"lazy\" decoding=\"async\" aria-describedby=\"caption-attachment-95992\" class=\"size-full wp-image-95992\" src=\"http:\/\/senoticias.com.br\/se\/wp-content\/uploads\/2016\/09\/Luciano-Bispo-volta-vence-por-uninimidade-SE-Noticias.jpg\" alt=\"O Plen\u00e1rio do Tribunal Superior Eleitoral (TSE) aprovou, nesta ter\u00e7a-feira (6), por unanimidade, o registro de candidatura apresentado por Luciano Bispo de Lima ao cargo de deputado estadual. (Foto: arquivo\/Alese)\" width=\"600\" height=\"450\" srcset=\"https:\/\/senoticias.com.br\/se\/wp-content\/uploads\/2016\/09\/Luciano-Bispo-volta-vence-por-uninimidade-SE-Noticias.jpg 600w, https:\/\/senoticias.com.br\/se\/wp-content\/uploads\/2016\/09\/Luciano-Bispo-volta-vence-por-uninimidade-SE-Noticias-300x225.jpg 300w, https:\/\/senoticias.com.br\/se\/wp-content\/uploads\/2016\/09\/Luciano-Bispo-volta-vence-por-uninimidade-SE-Noticias-45x35.jpg 45w\" sizes=\"(max-width: 600px) 100vw, 600px\" \/><p id=\"caption-attachment-95992\" class=\"wp-caption-text\">O Plen\u00e1rio do Tribunal Superior Eleitoral (TSE) aprovou, nesta ter\u00e7a-feira (6), por unanimidade, o registro de candidatura apresentado por Luciano Bispo de Lima ao cargo de deputado estadual. (Foto: arquivo\/Alese)<\/p><\/div>\n<p style=\"text-align: justify;\">A decis\u00e3o aconteceu ap\u00f3s o Supremo Tribunal Federal (STF) deliberar que apenas as C\u00e2maras de Vereadores t\u00eam compet\u00eancia legal para julgar contas e tornar candidatos ineleg\u00edveis, sendo os pareceres dos Tribunais de Contas de Estado meros subs\u00eddios.<\/p>\n<p style=\"text-align: justify;\">Assim sendo, na sess\u00e3o de ontem (6) os ministros julgaram os recursos e, por unanimidade, com sete votos, Luciano foi inocentado das acusa\u00e7\u00f5es feitas pela coliga\u00e7\u00e3o \u2018Diga Sim&#8217; (Eduardo Amorim)\u00a0e pelo Minist\u00e9rio P\u00fablico\u00a0que alegavam haver irregularidade envolvendo uso dos recursos do Fundo de Manuten\u00e7\u00e3o e Desenvolvimento do Ensino Fundamental e de Valoriza\u00e7\u00e3o do Magist\u00e9rio (Fundef).<\/p>\n<p style=\"text-align: justify;\">De acordo com a assessoria jur\u00eddica de Luciano Bispo a notifica\u00e7\u00e3o oficial dever\u00e1 ser recebida e ele retomar\u00e1 a cadeira na Alese, reassumindo inclusive a presid\u00eancia da Casa. <em>(Com informa\u00e7\u00f5es de Iane G\u00f3is\/Itnet)<\/em><\/p>\n<p style=\"text-align: justify;\"><img loading=\"lazy\" decoding=\"async\" class=\"aligncenter size-full wp-image-95901\" src=\"http:\/\/senoticias.com.br\/se\/wp-content\/uploads\/2016\/09\/Logo-fone-1.jpg\" alt=\"Logo-fone-1\" width=\"599\" height=\"78\" srcset=\"https:\/\/senoticias.com.br\/se\/wp-content\/uploads\/2016\/09\/Logo-fone-1.jpg 599w, https:\/\/senoticias.com.br\/se\/wp-content\/uploads\/2016\/09\/Logo-fone-1-300x39.jpg 300w\" sizes=\"(max-width: 599px) 100vw, 599px\" \/><\/p>\n<p><em><strong>Acompanhe tamb\u00e9m o SE Not\u00edcias no<\/strong><strong>\u00a0<\/strong><strong><a href=\"https:\/\/twitter.com\/Senoticias\">Twitter<\/a>,<\/strong><strong>\u00a0<\/strong><strong><a href=\"https:\/\/www.facebook.com\/senoticias1\">Facebook\u00a0<\/a>e no<\/strong><strong>\u00a0<\/strong><strong><a href=\"https:\/\/www.instagram.com\/senoticias\/\">Instagram<\/a><\/strong><\/em><\/p>\n<p style=\"text-align: justify;\">\n","protected":false},"excerpt":{"rendered":"<p>Em uma luta que se arrastou ao longo dos \u00faltimos tr\u00eas meses, a defesa de Luciano Bispo (PMDB) conseguiu nesta ter\u00e7a-feira (06) reverter a decis\u00e3o inicial do Tribunal Superior Eleitoral (TSE) pelo indeferimento do registro da candidatura de deputado estadual e imediato afastamento da Assembleia Legislativa do Estado de Sergipe (Alese). A decis\u00e3o aconteceu ap\u00f3s [&hellip;]<\/p>\n","protected":false},"author":2,"featured_media":95992,"comment_status":"closed","ping_status":"closed","sticky":false,"template":"","format":"standard","meta":{"footnotes":""},"categories":[15,6],"tags":[1405,1406,1408,140,1407,1268,1409],"class_list":{"0":"post-95991","1":"post","2":"type-post","3":"status-publish","4":"format-standard","5":"has-post-thumbnail","7":"category-destaques","8":"category-politica","9":"tag-deputado-luciano-bispo","10":"tag-ganha-por-unanimidade","11":"tag-lucano-volta-a-presidir-a-assembleia","12":"tag-luciano-bispo","13":"tag-luciano-ganha-de-7-x-0","14":"tag-mensagem-do-novo-presidente-da-assembleia-legislativa-de-sergipe","15":"tag-presidente-luciano-bispo"},"_links":{"self":[{"href":"https:\/\/senoticias.com.br\/se\/wp-json\/wp\/v2\/posts\/95991"}],"collection":[{"href":"https:\/\/senoticias.com.br\/se\/wp-json\/wp\/v2\/posts"}],"about":[{"href":"https:\/\/senoticias.com.br\/se\/wp-json\/wp\/v2\/types\/post"}],"author":[{"embeddable":true,"href":"https:\/\/senoticias.com.br\/se\/wp-json\/wp\/v2\/users\/2"}],"replies":[{"embeddable":true,"href":"https:\/\/senoticias.com.br\/se\/wp-json\/wp\/v2\/comments?post=95991"}],"version-history":[{"count":0,"href":"https:\/\/senoticias.com.br\/se\/wp-json\/wp\/v2\/posts\/95991\/revisions"}],"wp:featuredmedia":[{"embeddable":true,"href":"https:\/\/senoticias.com.br\/se\/wp-json\/wp\/v2\/media\/95992"}],"wp:attachment":[{"href":"https:\/\/senoticias.com.br\/se\/wp-json\/wp\/v2\/media?parent=95991"}],"wp:term":[{"taxonomy":"category","embeddable":true,"href":"https:\/\/senoticias.com.br\/se\/wp-json\/wp\/v2\/categories?post=95991"},{"taxonomy":"post_tag","embeddable":true,"href":"https:\/\/senoticias.com.br\/se\/wp-json\/wp\/v2\/tags?post=95991"}],"curies":[{"name":"wp","href":"https:\/\/api.w.org\/{rel}","templated":true}]}}