{"id":95440,"date":"2016-08-19T10:54:25","date_gmt":"2016-08-19T13:54:25","guid":{"rendered":"http:\/\/senoticias.com.br\/se\/?p=95440"},"modified":"2016-08-19T10:55:03","modified_gmt":"2016-08-19T13:55:03","slug":"ex-presidiario-morre-em-confronto-com-pm-em-tobias-barreto","status":"publish","type":"post","link":"https:\/\/senoticias.com.br\/se\/ex-presidiario-morre-em-confronto-com-pm-em-tobias-barreto\/","title":{"rendered":"Ex-presidi\u00e1rio morre em confronto com a PM em Tobias Barreto"},"content":{"rendered":"<p>O ex<a href=\"http:\/\/www.pm.se.gov.br\/files\/2016\/08\/Corr%C3%B3.jpeg\" data-caption=\"\"><img loading=\"lazy\" decoding=\"async\" class=\"size-medium wp-image-41258 alignright\" src=\"http:\/\/www.pm.se.gov.br\/files\/2016\/08\/Corr%C3%B3-300x200.jpeg\" sizes=\"(max-width: 300px) 100vw, 300px\" srcset=\"http:\/\/www.pm.se.gov.br\/files\/2016\/08\/Corr\u00f3-200x133.jpeg 200w, http:\/\/www.pm.se.gov.br\/files\/2016\/08\/Corr\u00f3-300x200.jpeg 300w, http:\/\/www.pm.se.gov.br\/files\/2016\/08\/Corr\u00f3-400x267.jpeg 400w, http:\/\/www.pm.se.gov.br\/files\/2016\/08\/Corr\u00f3-600x400.jpeg 600w, http:\/\/www.pm.se.gov.br\/files\/2016\/08\/Corr\u00f3-768x512.jpeg 768w, http:\/\/www.pm.se.gov.br\/files\/2016\/08\/Corr\u00f3.jpeg 800w\" alt=\"Corr\u00f3\" width=\"300\" height=\"200\" \/><\/a>-presidi\u00e1rio Rog\u00e9rio Santos de Jesus, vulgo \u201cCorr\u00f3\u201d, de 24 anos, foi alvejado e veio a \u00f3bito ap\u00f3s entrar em confronto com a Pol\u00edcia Militar, por volta das 08h desta quinta-feira, 18, no munic\u00edpio de Tobias Barreto, Centro Sul de Sergipe, distante 127 quil\u00f4metros de Aracaju.<\/p>\n<p>Na manh\u00e3 de hoje, policiais do 11\u00ba Batalh\u00e3o de Pol\u00edcia Militar (11\u00baBPM), receberam a informa\u00e7\u00e3o, via 190, que um foragido da justi\u00e7a, acusado de cometer diversos crimes em Sergipe, estava homiziado em uma resid\u00eancia no bairro Santa Rita.<\/p>\n<div id=\"attachment_95441\" style=\"width: 310px\" class=\"wp-caption alignright\"><img loading=\"lazy\" decoding=\"async\" aria-describedby=\"caption-attachment-95441\" class=\"size-full wp-image-95441\" src=\"http:\/\/senoticias.com.br\/se\/wp-content\/uploads\/2016\/08\/Ex-presidiario-SE-Noticias.jpeg\" alt=\"Rog\u00e9rio Santos de Jesus, vulgo \u201cCorr\u00f3\u201d, de 24 anos, foi alvejado e veio a \u00f3bito ap\u00f3s entrar em confronto com a Pol\u00edcia Militar. (Foto: PM\/SE)\" width=\"300\" height=\"200\" srcset=\"https:\/\/senoticias.com.br\/se\/wp-content\/uploads\/2016\/08\/Ex-presidiario-SE-Noticias.jpeg 300w, https:\/\/senoticias.com.br\/se\/wp-content\/uploads\/2016\/08\/Ex-presidiario-SE-Noticias-90x60.jpeg 90w, https:\/\/senoticias.com.br\/se\/wp-content\/uploads\/2016\/08\/Ex-presidiario-SE-Noticias-180x120.jpeg 180w, https:\/\/senoticias.com.br\/se\/wp-content\/uploads\/2016\/08\/Ex-presidiario-SE-Noticias-95x64.jpeg 95w\" sizes=\"(max-width: 300px) 100vw, 300px\" \/><p id=\"caption-attachment-95441\" class=\"wp-caption-text\">Rog\u00e9rio Santos de Jesus, vulgo \u201cCorr\u00f3\u201d, de 24 anos, foi alvejado e veio a \u00f3bito ap\u00f3s entrar em confronto com a Pol\u00edcia Militar. (Foto: PM\/SE)<\/p><\/div>\n<p style=\"text-align: justify;\">As guarni\u00e7\u00f5es For\u00e7a T\u00e1tica e Condor 01 foram designadas para verificar a veracidade da informa\u00e7\u00e3o. No local indicado, o suspeito percebeu a chegada das viaturas, efetuando v\u00e1rios disparos de arma de fogo na dire\u00e7\u00e3o dos militares. Em rea\u00e7\u00e3o imediata, buscando repelir a injusta agress\u00e3o, os policias revidaram, e no confronto, alvejaram o agressor.<\/p>\n<p style=\"text-align: justify;\">O infrator foi socorrido imediatamente, sendo encaminhado ao hospital local, por\u00e9m n\u00e3o resistiu aos ferimentos e veio a falecer. Com ele, foi apreendido um rev\u00f3lver calibre 32, contendo cinco muni\u00e7\u00f5es, sendo quatro deflagradas e apenas uma intacta.<\/p>\n<p style=\"text-align: justify;\">O criminoso era investigado por policiais civis do Complexo de Opera\u00e7\u00f5es Policiais Especiais (COPE), onde j\u00e1 havia um mandado de pris\u00e3o preventiva expedido pela Comarca do munic\u00edpio de Est\u00e2ncia. Contra o mesmo, ainda pesava uma condena\u00e7\u00e3o por roubo, na cidade de Laranjeiras.<\/p>\n<p style=\"text-align: justify;\"><img loading=\"lazy\" decoding=\"async\" class=\"aligncenter size-full wp-image-95360\" src=\"http:\/\/senoticias.com.br\/se\/wp-content\/uploads\/2016\/08\/Logo-fone-1-3.jpg\" alt=\"Logo-fone-1\" width=\"599\" height=\"78\" srcset=\"https:\/\/senoticias.com.br\/se\/wp-content\/uploads\/2016\/08\/Logo-fone-1-3.jpg 599w, https:\/\/senoticias.com.br\/se\/wp-content\/uploads\/2016\/08\/Logo-fone-1-3-300x39.jpg 300w\" sizes=\"(max-width: 599px) 100vw, 599px\" \/><\/p>\n<p style=\"text-align: justify;\"><em><strong>Acompanhe tamb\u00e9m o SE Not\u00edcias no <a href=\"https:\/\/twitter.com\/Senoticias\">Twitter<\/a>, <a href=\"https:\/\/www.facebook.com\/senoticias1\">Facebook<\/a> e no <a href=\"https:\/\/www.instagram.com\/senoticias\/\">Instagram<\/a><\/strong><\/em><\/p>\n<p style=\"text-align: justify;\"><em>Ascom\/PM\/SE<\/em><\/p>\n<p style=\"text-align: justify;\">\n","protected":false},"excerpt":{"rendered":"<p>O ex-presidi\u00e1rio Rog\u00e9rio Santos de Jesus, vulgo \u201cCorr\u00f3\u201d, de 24 anos, foi alvejado e veio a \u00f3bito ap\u00f3s entrar em confronto com a Pol\u00edcia Militar, por volta das 08h desta quinta-feira, 18, no munic\u00edpio de Tobias Barreto, Centro Sul de Sergipe, distante 127 quil\u00f4metros de Aracaju. Na manh\u00e3 de hoje, policiais do 11\u00ba Batalh\u00e3o de [&hellip;]<\/p>\n","protected":false},"author":2,"featured_media":95441,"comment_status":"closed","ping_status":"closed","sticky":false,"template":"","format":"standard","meta":{"footnotes":""},"categories":[7],"tags":[],"class_list":{"0":"post-95440","1":"post","2":"type-post","3":"status-publish","4":"format-standard","5":"has-post-thumbnail","7":"category-policia"},"_links":{"self":[{"href":"https:\/\/senoticias.com.br\/se\/wp-json\/wp\/v2\/posts\/95440"}],"collection":[{"href":"https:\/\/senoticias.com.br\/se\/wp-json\/wp\/v2\/posts"}],"about":[{"href":"https:\/\/senoticias.com.br\/se\/wp-json\/wp\/v2\/types\/post"}],"author":[{"embeddable":true,"href":"https:\/\/senoticias.com.br\/se\/wp-json\/wp\/v2\/users\/2"}],"replies":[{"embeddable":true,"href":"https:\/\/senoticias.com.br\/se\/wp-json\/wp\/v2\/comments?post=95440"}],"version-history":[{"count":0,"href":"https:\/\/senoticias.com.br\/se\/wp-json\/wp\/v2\/posts\/95440\/revisions"}],"wp:featuredmedia":[{"embeddable":true,"href":"https:\/\/senoticias.com.br\/se\/wp-json\/wp\/v2\/media\/95441"}],"wp:attachment":[{"href":"https:\/\/senoticias.com.br\/se\/wp-json\/wp\/v2\/media?parent=95440"}],"wp:term":[{"taxonomy":"category","embeddable":true,"href":"https:\/\/senoticias.com.br\/se\/wp-json\/wp\/v2\/categories?post=95440"},{"taxonomy":"post_tag","embeddable":true,"href":"https:\/\/senoticias.com.br\/se\/wp-json\/wp\/v2\/tags?post=95440"}],"curies":[{"name":"wp","href":"https:\/\/api.w.org\/{rel}","templated":true}]}}