{"id":95437,"date":"2016-08-19T08:03:47","date_gmt":"2016-08-19T11:03:47","guid":{"rendered":"http:\/\/senoticias.com.br\/se\/?p=95437"},"modified":"2016-08-19T08:03:47","modified_gmt":"2016-08-19T11:03:47","slug":"delegacia-plantonista-norte-registra-mais-de-160-prisoes-em-dois-meses-de-atuacao","status":"publish","type":"post","link":"https:\/\/senoticias.com.br\/se\/delegacia-plantonista-norte-registra-mais-de-160-prisoes-em-dois-meses-de-atuacao\/","title":{"rendered":"Delegacia Plantonista Norte registra mais de 160 pris\u00f5es em dois meses de atua\u00e7\u00e3o"},"content":{"rendered":"<p style=\"text-align: justify\">O n\u00famero de pris\u00f5es contabilizado pela Delegacia Plantonista (Deplan) Norte, em apenas dois meses de funcionamento na 3\u00aa Delegacia Metropolitana, localizada no bairro Santos Dumont, zona Norte de Aracaju, demonstra a resolutividade da Delegacia. Ao todo, foram registrados 1.960 procedimentos policiais nesse mesmo per\u00edodo. Segundos dados divulgados pela Coordenadoria de Pol\u00edcia Civil da Capital (COPCAL), na manh\u00e3 desta quinta-feira, 18, foram realizados 164 Autos de Pris\u00e3o em flagrante delito, 50 Termos de Ocorr\u00eancia Circunstanciado, al\u00e9m de 23 Autos de Apreens\u00e3o e 19 Boletins de ocorr\u00eancia Circunstaciado, ambos para menores de 18 anos.<\/p>\n<div id=\"attachment_95438\" style=\"width: 609px\" class=\"wp-caption aligncenter\"><a href=\"http:\/\/senoticias.com.br\/se\/wp-content\/uploads\/2016\/08\/Delegacia-Plantonista-Norte-registra-mais-de-160-prisoes-em-dois-meses-de-atuacao-SE-Noticias-e1471604539593.jpeg\"><img loading=\"lazy\" decoding=\"async\" aria-describedby=\"caption-attachment-95438\" class=\"size-full wp-image-95438\" src=\"http:\/\/senoticias.com.br\/se\/wp-content\/uploads\/2016\/08\/Delegacia-Plantonista-Norte-registra-mais-de-160-prisoes-em-dois-meses-de-atuacao-SE-Noticias-e1471604539593.jpeg\" alt=\"Fotos: Ascom\/SSP\" width=\"599\" height=\"398\" \/><\/a><p id=\"caption-attachment-95438\" class=\"wp-caption-text\">Fotos: Ascom\/SSP<\/p><\/div>\n<p style=\"text-align: justify\">Para o diretor da COPCAL, delegado Andr\u00e9 Baronto, esse resultado \u00e9 fruto da cria\u00e7\u00e3o de novas delegacias plantonistas, uma medida acertada pela Secretaria de Seguran\u00e7a P\u00fablica, objetivando proporcionar mais comodidade \u00e0 popula\u00e7\u00e3o e agilidade ao trabalho da pol\u00edcia.<\/p>\n<p style=\"text-align: justify\">\u201cEsses n\u00fameros comprovam a facilidade do acesso da popula\u00e7\u00e3o aos servi\u00e7os prestados pela Deplan Norte. Desde a sua implanta\u00e7\u00e3o, buscamos facilitar o acesso do cidad\u00e3o \u00e0 pol\u00edcia e aprimorar o monitoramento das ocorr\u00eancias criminais. Antigamente, o cidad\u00e3o v\u00edtima de um crime tinha que se deslocar da \u00e1rea Norte da capital para o Centro de Aracaju, para registrar a sua queixa. Isso n\u00e3o ocorre mais com a cria\u00e7\u00e3o da Delegacia Plantonista Norte, na qual o cidad\u00e3o pode registrar seu boletim de ocorr\u00eancia de segunda a sexta e em regime de plant\u00e3o aos finais de semana e feriados\u201d.<\/p>\n<p style=\"text-align: justify\">Ainda segundo Andr\u00e9 Baronto, a grande quantidade de procedimentos policiais registrados na Deplan Norte ocorre tamb\u00e9m devido ao trabalho em conjunto com a Pol\u00edcia Militar, que em decorr\u00eancia do atendimento feito de forma mais c\u00e9lere pelos policiais civis, possibilita a sua perman\u00eancia por menos tempo na delegacia para a lavratura dos flagrantes. \u201cObservamos que, com a cria\u00e7\u00e3o da Deplan Norte, houve uma facilidade no atendimento tanto da popula\u00e7\u00e3o, quanto dos policiais militares que atuam na \u00e1rea. Com a proximidade de uma delegacia plantonista na regi\u00e3o, a Pol\u00edcia Militar tem uma liberdade maior para agir, principalmente pelo fato dela passar pouco tempo na delegacia \u00e0 espera da lavratura do flagrante. Com a agilidade nos procedimentos, a PM volta logo \u00e0s ruas para realizar o policiamento preventino na regi\u00e3o\u201d, explicou.<\/p>\n<p style=\"text-align: justify\">Sobre os servi\u00e7os oferecidos, o delegado Frederico Muricy, coordenador da Delegacia Plantonista Norte, esclarece que a unidade oferece os mesmos servi\u00e7os ofertados pelas delegacias metropolitanas ou especializadas, s\u00f3 que a recomenda\u00e7\u00e3o \u00e9 para a presta\u00e7\u00e3o de servi\u00e7os de urg\u00eancia, principalmente devido ao hor\u00e1rio de funcionamento: de segunda a quinta-feira, das 18h \u00e0s 8h da manh\u00e3 e 24 horas a partir de 18h da sexta-feira at\u00e9 \u00e0s 8h da segunda-feira.<\/p>\n<p style=\"text-align: justify\">\u201cRecomendamos que, para ocorr\u00eancias simples como perda de documentos ou registros de ocorr\u00eancias de menor gravidade, o cidad\u00e3o procure as delegacias de \u00e1rea ou at\u00e9 as especializadas, que funcionam em hor\u00e1rio comercial. Para o registro de crimes de maior gravidade e fora do expediente das delegacias de \u00e1rea, recomendamos a procura pela Delegacia Plantonista mais pr\u00f3xima, seja ela a Norte ou Sul. Os crimes lavrados nas Plantonistas s\u00e3o comunicados imediatamente aos \u00f3rg\u00e3os competentes e as investiga\u00e7\u00f5es de cada caso espec\u00edfico s\u00e3o posteriormente encaminhadas para as Delegacias Metropolitanas ou unidades especializadas\u201d, destacou Frederico Muricy.<\/p>\n<p style=\"text-align: justify\">A comerciante Marlene de Ara\u00fajo, 45 anos, que h\u00e1 12 anos trabalha no ramo de lanches no Santos Dumont, aprovou a implanta\u00e7\u00e3o da Deplan Norte. Ela comenta que o fato de ter uma unidade pr\u00f3xima do seu estabelecimento comercial faz com que tanto ela como os pr\u00f3prios clientes se sintam mais seguros. \u201cJ\u00e1 trabalho aqui h\u00e1 mais de 10 anos. Antes da transfer\u00eancia da Plantonista para o Santos Dumont, eu fechava a minha lanchonete por volta das 21h, com medo de assaltos. Hoje eu posso encerrar as atividades \u00e0s 00h, sem qualquer tipo de preocupa\u00e7\u00e3o, pois s\u00f3 o fato de ter uma delegacia funcionando em regime de plant\u00e3o acaba inibindo a atua\u00e7\u00e3o dos criminosos\u201d, ressaltou.<\/p>\n<p style=\"text-align: justify\">Quem tamb\u00e9m aprovou a mudan\u00e7a foi Jamisson Santos de Jesus, 40 anos. Ele conta que precisou se dirigir \u00e0 Deplan Norte ap\u00f3s o expediente de trabalho para prestar um boletim de ocorr\u00eancia, e que escolheu a unidade devido \u00e0 proximidade com a sua resid\u00eancia, situada no bairro 18 do Forte. \u201dAntigamente eu gastaria cerca de 40 a 50 minutos para me deslocar da minha casa at\u00e9 a Rua Laranjeiras, Centro, nesse mesmo hor\u00e1rio de pico. Agora, com uma delegacia plantonista aqui no Santos Dumont, essa locomo\u00e7\u00e3o ficou muito mais r\u00e1pida e pr\u00e1tica. Desde j\u00e1, parabenizo a Secretaria de Seguran\u00e7a P\u00fablica pela iniciativa. A popula\u00e7\u00e3o da Zona Norte agradece por esse atendimento\u201d, parabenizou.<\/p>\n<p style=\"text-align: justify\">\n<strong>Acompanhe tamb\u00e9m o SE Not\u00edcias no<a href=\"https:\/\/twitter.com\/Senoticias\"> Twitter<\/a>, <a href=\"https:\/\/www.facebook.com\/senoticias1\">Facebook<\/a> e no <a href=\"https:\/\/www.instagram.com\/senoticias\/\">Instagram.<\/a><\/strong><\/p>\n<p style=\"text-align: justify\"><a href=\"http:\/\/senoticias.com.br\/se\/wp-content\/uploads\/2016\/08\/Logo-fone-1-3.jpg\"><img loading=\"lazy\" decoding=\"async\" class=\"aligncenter size-full wp-image-95360\" src=\"http:\/\/senoticias.com.br\/se\/wp-content\/uploads\/2016\/08\/Logo-fone-1-3.jpg\" alt=\"Logo-fone-1\" width=\"599\" height=\"78\" srcset=\"https:\/\/senoticias.com.br\/se\/wp-content\/uploads\/2016\/08\/Logo-fone-1-3.jpg 599w, https:\/\/senoticias.com.br\/se\/wp-content\/uploads\/2016\/08\/Logo-fone-1-3-300x39.jpg 300w\" sizes=\"(max-width: 599px) 100vw, 599px\" \/><\/a><br \/>\n<strong>Mat\u00e9ria extra\u00edda do Portal <a href=\"http:\/\/www.agencia.se.gov.br\/noticias\/seguranca-publica\/delegacia-plantonista-norte-registra-mais-de-160-prisoes-em-dois-meses-de-atuacao\">Ag\u00eancia Sergipe de Noticias<\/a>.<\/strong><\/p>\n","protected":false},"excerpt":{"rendered":"<p>O n\u00famero de pris\u00f5es contabilizado pela Delegacia Plantonista (Deplan) Norte, em apenas dois meses de funcionamento na 3\u00aa Delegacia Metropolitana, localizada no bairro Santos Dumont, zona Norte de Aracaju, demonstra a resolutividade da Delegacia. Ao todo, foram registrados 1.960 procedimentos policiais nesse mesmo per\u00edodo. Segundos dados divulgados pela Coordenadoria de Pol\u00edcia Civil da Capital (COPCAL), [&hellip;]<\/p>\n","protected":false},"author":5618,"featured_media":95438,"comment_status":"closed","ping_status":"closed","sticky":false,"template":"","format":"standard","meta":{"footnotes":""},"categories":[7],"tags":[1362],"class_list":{"0":"post-95437","1":"post","2":"type-post","3":"status-publish","4":"format-standard","5":"has-post-thumbnail","7":"category-policia","8":"tag-delegacia-plantonista-norte-registra-mais-de-160-prisoes-em-dois-meses-de-atuacao"},"_links":{"self":[{"href":"https:\/\/senoticias.com.br\/se\/wp-json\/wp\/v2\/posts\/95437"}],"collection":[{"href":"https:\/\/senoticias.com.br\/se\/wp-json\/wp\/v2\/posts"}],"about":[{"href":"https:\/\/senoticias.com.br\/se\/wp-json\/wp\/v2\/types\/post"}],"author":[{"embeddable":true,"href":"https:\/\/senoticias.com.br\/se\/wp-json\/wp\/v2\/users\/5618"}],"replies":[{"embeddable":true,"href":"https:\/\/senoticias.com.br\/se\/wp-json\/wp\/v2\/comments?post=95437"}],"version-history":[{"count":0,"href":"https:\/\/senoticias.com.br\/se\/wp-json\/wp\/v2\/posts\/95437\/revisions"}],"wp:featuredmedia":[{"embeddable":true,"href":"https:\/\/senoticias.com.br\/se\/wp-json\/wp\/v2\/media\/95438"}],"wp:attachment":[{"href":"https:\/\/senoticias.com.br\/se\/wp-json\/wp\/v2\/media?parent=95437"}],"wp:term":[{"taxonomy":"category","embeddable":true,"href":"https:\/\/senoticias.com.br\/se\/wp-json\/wp\/v2\/categories?post=95437"},{"taxonomy":"post_tag","embeddable":true,"href":"https:\/\/senoticias.com.br\/se\/wp-json\/wp\/v2\/tags?post=95437"}],"curies":[{"name":"wp","href":"https:\/\/api.w.org\/{rel}","templated":true}]}}