{"id":95434,"date":"2016-08-19T07:48:01","date_gmt":"2016-08-19T10:48:01","guid":{"rendered":"http:\/\/senoticias.com.br\/se\/?p=95434"},"modified":"2016-08-19T07:48:01","modified_gmt":"2016-08-19T10:48:01","slug":"terminal-luiz-garcia-passa-por-reparos","status":"publish","type":"post","link":"https:\/\/senoticias.com.br\/se\/terminal-luiz-garcia-passa-por-reparos\/","title":{"rendered":"Terminal Luiz Garcia passa por reparos"},"content":{"rendered":"<p style=\"text-align: justify\">O Governo do Estado realiza alguns reparos emergenciais no Terminal Luiz Garcia (Rodovi\u00e1ria Velha) no centro de Aracaju. O investimento de aproximadamente R$100 mil vai recuperar a parte estrutural danificada, reparar grelhas das bocas de lobo nos arredores do terminal, substitui\u00e7\u00e3o das lumin\u00e1rias danificadas e l\u00e2mpadas queimadas, reparos na marquise e substitui\u00e7\u00e3o dos degraus de m\u00e1rmore da escada que est\u00e3o quebrados, reforma nas instala\u00e7\u00f5es hidr\u00e1ulicas e el\u00e9tricas dos banheiros tamb\u00e9m est\u00e3o passando por revis\u00e3o.<\/p>\n<div id=\"attachment_94219\" style=\"width: 606px\" class=\"wp-caption aligncenter\"><a href=\"http:\/\/senoticias.com.br\/se\/wp-content\/uploads\/2016\/07\/Governo-realiza-reparos-emergenciais-no-Terminal-Luiz-Garcia-SE-Noticias-e1468604542176.jpeg\"><img loading=\"lazy\" decoding=\"async\" aria-describedby=\"caption-attachment-94219\" class=\"size-full wp-image-94219\" src=\"http:\/\/senoticias.com.br\/se\/wp-content\/uploads\/2016\/07\/Governo-realiza-reparos-emergenciais-no-Terminal-Luiz-Garcia-SE-Noticias-e1468604542176.jpeg\" alt=\"Foto: Jorge Reis\/Seinfra\" width=\"596\" height=\"396\" \/><\/a><p id=\"caption-attachment-94219\" class=\"wp-caption-text\">Foto: Jorge Reis\/Seinfra<\/p><\/div>\n<p style=\"text-align: justify\">\u201cEstamos no momento realizando a reforma no banheiro masculino, substituindo portas, colocando revestimento cer\u00e2mico nas paredes, e substituindo as descargas hidras por acopladas, para reduzir o consumo de \u00e1gua, tamb\u00e9m trocamos as l\u00e2mpadas. As l\u00e2mpadas do pr\u00e9dio que estavam queimadas e quebradas tamb\u00e9m foram trocadas\u201d, disse o secret\u00e1rio de Infraestrutura, Valmor Barbosa.<\/p>\n<p style=\"text-align: justify\">Para melhoria da seguran\u00e7a do Terminal Luiz Garcia, ser\u00e1 reformado um boxe no primeiro andar para ser instalado um posto policial. \u201cO boxe do policial j\u00e1 recebeu o forro de PVC, e agora ser\u00e1 iniciada a coloca\u00e7\u00e3o do piso e dentro de alguns dias estar\u00e1 pronto para uso\u201d, assegurou Valmor Barbosa.<\/p>\n<p style=\"text-align: justify\">O comerciante Irinaldo Batista trabalha no Terminal Luiz Garcia h\u00e1 oito anos e v\u00ea a reforma como positiva. \u201cOs banheiros estavam danificados, estava realmente precisando dessa reforma, ela \u00e9 muito bem-vinda, principalmente para n\u00f3s que trabalhamos diariamente aqui. Espero que os usu\u00e1rios se conscientizem e fa\u00e7am o poss\u00edvel para que a reforma seja mantida\u201d,declara.<\/p>\n<p style=\"text-align: justify\">O secret\u00e1rio Valmor Barbosa explica que, por conta da obra, foram instalados oito banheiros qu\u00edmicos para suprir temporariamente as necessidades. \u201cO banheiro masculino j\u00e1 est\u00e1 praticamente conclu\u00eddo, ap\u00f3s conclus\u00e3o iremos come\u00e7ar as mudan\u00e7as no banheiro feminino. S\u00e3o alguns dias de transtornos, no entanto, estamos fazendo o poss\u00edvel para minimizar os inconvenientes\u201d, completa Valmor.<\/p>\n<p style=\"text-align: justify\"><strong>Acompanhe tamb\u00e9m o SE Not\u00edcias no <a href=\"https:\/\/twitter.com\/Senoticias\">Twitter<\/a>, <a href=\"https:\/\/www.facebook.com\/senoticias1\">Facebook<\/a> e no <a href=\"https:\/\/www.instagram.com\/senoticias\/\">Instagram<\/a>.<\/strong><\/p>\n<p style=\"text-align: justify\"><a href=\"http:\/\/senoticias.com.br\/se\/wp-content\/uploads\/2016\/08\/Logo-fone-1-3.jpg\"><img loading=\"lazy\" decoding=\"async\" class=\"aligncenter size-full wp-image-95360\" src=\"http:\/\/senoticias.com.br\/se\/wp-content\/uploads\/2016\/08\/Logo-fone-1-3.jpg\" alt=\"Logo-fone-1\" width=\"599\" height=\"78\" srcset=\"https:\/\/senoticias.com.br\/se\/wp-content\/uploads\/2016\/08\/Logo-fone-1-3.jpg 599w, https:\/\/senoticias.com.br\/se\/wp-content\/uploads\/2016\/08\/Logo-fone-1-3-300x39.jpg 300w\" sizes=\"(max-width: 599px) 100vw, 599px\" \/><\/a><br \/>\n<strong>Mat\u00e9ria extra\u00edda do Portal <a href=\"http:\/\/www.agencia.se.gov.br\/noticias\/infraestrutura\/terminal-luiz-garcia-passa-por-reparos\">Ag\u00eancia Sergipe de Noticias<\/a>.<\/strong><\/p>\n","protected":false},"excerpt":{"rendered":"<p>O Governo do Estado realiza alguns reparos emergenciais no Terminal Luiz Garcia (Rodovi\u00e1ria Velha) no centro de Aracaju. O investimento de aproximadamente R$100 mil vai recuperar a parte estrutural danificada, reparar grelhas das bocas de lobo nos arredores do terminal, substitui\u00e7\u00e3o das lumin\u00e1rias danificadas e l\u00e2mpadas queimadas, reparos na marquise e substitui\u00e7\u00e3o dos degraus de [&hellip;]<\/p>\n","protected":false},"author":5618,"featured_media":94219,"comment_status":"closed","ping_status":"closed","sticky":false,"template":"","format":"standard","meta":{"footnotes":""},"categories":[38,8],"tags":[1360],"class_list":{"0":"post-95434","1":"post","2":"type-post","3":"status-publish","4":"format-standard","5":"has-post-thumbnail","7":"category-municipios","8":"category-esporte-e-cultura","9":"tag-terminal-luiz-garcia-passa-por-reparos"},"_links":{"self":[{"href":"https:\/\/senoticias.com.br\/se\/wp-json\/wp\/v2\/posts\/95434"}],"collection":[{"href":"https:\/\/senoticias.com.br\/se\/wp-json\/wp\/v2\/posts"}],"about":[{"href":"https:\/\/senoticias.com.br\/se\/wp-json\/wp\/v2\/types\/post"}],"author":[{"embeddable":true,"href":"https:\/\/senoticias.com.br\/se\/wp-json\/wp\/v2\/users\/5618"}],"replies":[{"embeddable":true,"href":"https:\/\/senoticias.com.br\/se\/wp-json\/wp\/v2\/comments?post=95434"}],"version-history":[{"count":0,"href":"https:\/\/senoticias.com.br\/se\/wp-json\/wp\/v2\/posts\/95434\/revisions"}],"wp:featuredmedia":[{"embeddable":true,"href":"https:\/\/senoticias.com.br\/se\/wp-json\/wp\/v2\/media\/94219"}],"wp:attachment":[{"href":"https:\/\/senoticias.com.br\/se\/wp-json\/wp\/v2\/media?parent=95434"}],"wp:term":[{"taxonomy":"category","embeddable":true,"href":"https:\/\/senoticias.com.br\/se\/wp-json\/wp\/v2\/categories?post=95434"},{"taxonomy":"post_tag","embeddable":true,"href":"https:\/\/senoticias.com.br\/se\/wp-json\/wp\/v2\/tags?post=95434"}],"curies":[{"name":"wp","href":"https:\/\/api.w.org\/{rel}","templated":true}]}}