{"id":95163,"date":"2016-08-11T13:38:10","date_gmt":"2016-08-11T16:38:10","guid":{"rendered":"http:\/\/senoticias.com.br\/se\/?p=95163"},"modified":"2016-08-11T13:38:10","modified_gmt":"2016-08-11T16:38:10","slug":"governo-reiniciara-obras-de-mais-10-mil-unidades-do-minha-casa-minha-vida","status":"publish","type":"post","link":"https:\/\/senoticias.com.br\/se\/governo-reiniciara-obras-de-mais-10-mil-unidades-do-minha-casa-minha-vida\/","title":{"rendered":"Governo reiniciar\u00e1 obras de mais 10 mil unidades do Minha Casa, Minha Vida"},"content":{"rendered":"<p style=\"text-align: justify\">O governo federal anunciou hoje (11) a retomada de mais de 10 mil unidades habitacionais que, no \u00e2mbito do Programa Minha Casa Minha Vida (MCMV), estavam paralisadas. Tamb\u00e9m foi divulgada a implementa\u00e7\u00e3o da Faixa 1,5 do programa, que beneficiar\u00e1 fam\u00edlias com renda mensal bruta de at\u00e9 R$ 2,35 mil. Nessa modalidade, est\u00e3o previstos subs\u00eddios de at\u00e9 R$ 45 mil, valor que varia em fun\u00e7\u00e3o da renda e da localiza\u00e7\u00e3o do im\u00f3vel.<\/p>\n<div id=\"attachment_60793\" style=\"width: 590px\" class=\"wp-caption aligncenter\"><a href=\"http:\/\/senoticias.com.br\/se\/wp-content\/uploads\/2014\/03\/minha-casa-minha-vida.jpg\"><img loading=\"lazy\" decoding=\"async\" aria-describedby=\"caption-attachment-60793\" class=\"wp-image-60793 size-full\" src=\"http:\/\/senoticias.com.br\/se\/wp-content\/uploads\/2014\/03\/minha-casa-minha-vida.jpg\" alt=\"(Foto: Divulg\u00e7\u00e3o)\" width=\"580\" height=\"385\" srcset=\"https:\/\/senoticias.com.br\/se\/wp-content\/uploads\/2014\/03\/minha-casa-minha-vida.jpg 580w, https:\/\/senoticias.com.br\/se\/wp-content\/uploads\/2014\/03\/minha-casa-minha-vida-300x199.jpg 300w, https:\/\/senoticias.com.br\/se\/wp-content\/uploads\/2014\/03\/minha-casa-minha-vida-342x227.jpg 342w\" sizes=\"(max-width: 580px) 100vw, 580px\" \/><\/a><p id=\"caption-attachment-60793\" class=\"wp-caption-text\">o Minha Casa Minha Vida \u00e9 um programa que visa facilitar a compra da casa pr\u00f3pria por fam\u00edlias de baixa renda. (Foto: Divulg\u00e7\u00e3o)<\/p><\/div>\n<p style=\"text-align: justify\">De acordo com o site do programa, o financiamento ser\u00e1 disponibilizado para im\u00f3veis de at\u00e9 R$ 135 mil, a uma taxa de 5% de juros ao ano. Lan\u00e7ado durante o governo Lula, o Minha Casa Minha Vida \u00e9 um programa que visa facilitar a compra da casa pr\u00f3pria por fam\u00edlias de baixa renda. Ele prev\u00ea diversas formas de atendimento \u00e0s fam\u00edlias que necessitam de moradia, considerando a localiza\u00e7\u00e3o do im\u00f3vel \u2013 na cidade e no campo \u2013 renda familiar e valor da unidade habitacional.<\/p>\n<p style=\"text-align: justify\">Al\u00e9m disso, o programa tamb\u00e9m contribui para a gera\u00e7\u00e3o de emprego e renda para os trabalhadores da constru\u00e7\u00e3o civil, que realizam as obras. Devido \u00e0 crise econ\u00f4mica pela qual passa o pa\u00eds e os efeitos dela nas contas p\u00fablicas, v\u00e1rias unidades habitacionais foram paralisadas.<\/p>\n<p style=\"text-align: justify\"><strong>Recursos por faixa<\/strong><\/p>\n<p style=\"text-align: justify\">Ao anunciar a retomada das obras, o ministro das Cidades, Bruno Ara\u00fajo, informou hoje (11) que \u201cser\u00e3o disponibilizados R$ 3,8 bilh\u00f5es em recursos para a Faixa 1,5, sendo R$ 1,4 bilh\u00e3o em subs\u00eddios e R$ 2,4 bilh\u00f5es em financiamentos.\u201d A expectativa \u00e9 de que sejam contratadas 40 mil novas unidades habitacionais. Estima-se que a Faixa 1,5 esteja dispon\u00edvel a partir de setembro.<\/p>\n<p style=\"text-align: justify\">Segundo o Minist\u00e9rio das Cidades, o governo do presidente interino, Michel Temer, j\u00e1 havia anunciado a retomada de 4.232 unidades que estavam paradas.<\/p>\n<p style=\"text-align: justify\">\u201cDas 50 mil unidades paralisadas, fica um saldo de 35 mil unidades paralisadas. Temos compromisso de zerar esse estoque\u201d, disse o ministro ao anunciar a retomada de mais 10.609 moradias.<\/p>\n<p style=\"text-align: justify\">Desde 2009, o governo federal investiu R$ 309 bilh\u00f5es no Minha Casa, Minha Vida para a contrata\u00e7\u00e3o de mais de 4,3 milh\u00f5es de unidades habitacionais, o que, segundo o minist\u00e9rio, beneficiou 3 milh\u00f5es de fam\u00edlias em todo o pa\u00eds. \u201cAproveito para anunciar que, em 2017, iremos contratar 600 mil unidades\u201d, disse o ministro.<\/p>\n<p style=\"text-align: justify\">Ele lembrou que o programa tem uma linha de financiamento para fam\u00edlias que tiveram beb\u00eas com microcefalia.<\/p>\n<p style=\"text-align: justify\"><strong>Financiamento<\/strong><\/p>\n<p style=\"text-align: justify\">O Minha Casa, Minha Vida prev\u00ea quatro faixas para financiamento de im\u00f3veis. A Faixa 1 \u00e9 destinada a fam\u00edlias com renda mensal bruta de at\u00e9 R$ 1,8 mil. Os valores dos im\u00f3veis variam de acordo com a localidade. E pode ser custeado at\u00e9 90% do valor do im\u00f3vel pelo programa. O im\u00f3vel pode ser pago &#8211; sem juros &#8211; em at\u00e9 120 presta\u00e7\u00f5es de, no m\u00e1ximo, R$ 270.<\/p>\n<p style=\"text-align: justify\">Destinada a fam\u00edlias com renda at\u00e9 R$ 2,35 mil, a Faixa 1,5 oferece subs\u00eddios de at\u00e9 R$ 45 mil para financiamento de im\u00f3veis at\u00e9 R$ 135.000,00, dependendo da sua localiza\u00e7\u00e3o, a uma taxa de 5% de juros ao ano.<\/p>\n<p style=\"text-align: justify\">J\u00e1 a Faixa 2 destina-se a fam\u00edlias com renda entre R$ 2,35 mil e R$ 3,6 mil. Nela, o subs\u00eddio \u00e9 de at\u00e9 R$ 27,5 mil, com juros entre 5,5% a 7% ao ano para o valor financiado. Por fim, a Faixa 3 \u00e9 para fam\u00edlias com renda bruta ente R$3,6 mil e R$ 6,5 mil, a taxas de at\u00e9 8,16% ao ano.<\/p>\n<p style=\"text-align: justify\">\n<strong>Acompanhe tamb\u00e9m o SE not\u00edcias no <a href=\"https:\/\/twitter.com\/Senoticias\">Twitter<\/a>, <a href=\"https:\/\/www.facebook.com\/senoticias1\">Facebook<\/a> e no <a href=\"https:\/\/www.instagram.com\/senoticias\/\">Instagram<\/a><\/strong><\/p>\n<p style=\"text-align: justify\"><a href=\"http:\/\/senoticias.com.br\/se\/wp-content\/uploads\/2016\/08\/Logo-fone-1.jpg\"><img loading=\"lazy\" decoding=\"async\" class=\"size-full wp-image-94839 aligncenter\" src=\"http:\/\/senoticias.com.br\/se\/wp-content\/uploads\/2016\/08\/Logo-fone-1.jpg\" alt=\"Logo-fone-1\" width=\"599\" height=\"78\" srcset=\"https:\/\/senoticias.com.br\/se\/wp-content\/uploads\/2016\/08\/Logo-fone-1.jpg 599w, https:\/\/senoticias.com.br\/se\/wp-content\/uploads\/2016\/08\/Logo-fone-1-300x39.jpg 300w, https:\/\/senoticias.com.br\/se\/wp-content\/uploads\/2016\/08\/Logo-fone-1-342x44.jpg 342w\" sizes=\"(max-width: 599px) 100vw, 599px\" \/><\/a><strong>Mat\u00e9ria extra\u00edda do Portal <a href=\"http:\/\/agenciabrasil.ebc.com.br\/economia\/noticia\/2016-08\/governo-reiniciara-obras-de-mais-10-mil-unidades-do-minha-casa-minha-vida\">Ag\u00eancia Brasil de Noticias<\/a>.<\/strong><\/p>\n","protected":false},"excerpt":{"rendered":"<p>O governo federal anunciou hoje (11) a retomada de mais de 10 mil unidades habitacionais que, no \u00e2mbito do Programa Minha Casa Minha Vida (MCMV), estavam paralisadas. Tamb\u00e9m foi divulgada a implementa\u00e7\u00e3o da Faixa 1,5 do programa, que beneficiar\u00e1 fam\u00edlias com renda mensal bruta de at\u00e9 R$ 2,35 mil. Nessa modalidade, est\u00e3o previstos subs\u00eddios de [&hellip;]<\/p>\n","protected":false},"author":5618,"featured_media":60793,"comment_status":"closed","ping_status":"closed","sticky":false,"template":"","format":"standard","meta":{"footnotes":""},"categories":[6],"tags":[1321,1322],"class_list":{"0":"post-95163","1":"post","2":"type-post","3":"status-publish","4":"format-standard","5":"has-post-thumbnail","7":"category-politica","8":"tag-governo-reiniciara-obras-de-mais-10-mil-unidades-do-minha-casa","9":"tag-minha-vida"},"_links":{"self":[{"href":"https:\/\/senoticias.com.br\/se\/wp-json\/wp\/v2\/posts\/95163"}],"collection":[{"href":"https:\/\/senoticias.com.br\/se\/wp-json\/wp\/v2\/posts"}],"about":[{"href":"https:\/\/senoticias.com.br\/se\/wp-json\/wp\/v2\/types\/post"}],"author":[{"embeddable":true,"href":"https:\/\/senoticias.com.br\/se\/wp-json\/wp\/v2\/users\/5618"}],"replies":[{"embeddable":true,"href":"https:\/\/senoticias.com.br\/se\/wp-json\/wp\/v2\/comments?post=95163"}],"version-history":[{"count":0,"href":"https:\/\/senoticias.com.br\/se\/wp-json\/wp\/v2\/posts\/95163\/revisions"}],"wp:featuredmedia":[{"embeddable":true,"href":"https:\/\/senoticias.com.br\/se\/wp-json\/wp\/v2\/media\/60793"}],"wp:attachment":[{"href":"https:\/\/senoticias.com.br\/se\/wp-json\/wp\/v2\/media?parent=95163"}],"wp:term":[{"taxonomy":"category","embeddable":true,"href":"https:\/\/senoticias.com.br\/se\/wp-json\/wp\/v2\/categories?post=95163"},{"taxonomy":"post_tag","embeddable":true,"href":"https:\/\/senoticias.com.br\/se\/wp-json\/wp\/v2\/tags?post=95163"}],"curies":[{"name":"wp","href":"https:\/\/api.w.org\/{rel}","templated":true}]}}