{"id":95161,"date":"2016-08-11T13:18:59","date_gmt":"2016-08-11T16:18:59","guid":{"rendered":"http:\/\/senoticias.com.br\/se\/?p=95161"},"modified":"2016-10-22T11:08:35","modified_gmt":"2016-10-22T14:08:35","slug":"sergipe-tera-mais-dois-servicos-habilitados-pelo-ministerio-da-saude-para-atendimento-as-pessoas-com-deficiencia","status":"publish","type":"post","link":"https:\/\/senoticias.com.br\/se\/sergipe-tera-mais-dois-servicos-habilitados-pelo-ministerio-da-saude-para-atendimento-as-pessoas-com-deficiencia\/","title":{"rendered":"Sergipe ter\u00e1 mais dois servi\u00e7os habilitados pelo Minist\u00e9rio da Sa\u00fade para atendimento \u00e0s pessoas com defici\u00eancia"},"content":{"rendered":"<p style=\"text-align: justify;\">O Minist\u00e9rio da Sa\u00fade (MS) habilitou na semana passada a Associa\u00e7\u00e3o de Pais e Amigos dos Excepcionais de Aracaju (Apae) para atendimento \u00e0s pessoas com defici\u00eancia. A iniciativa visa garantir assist\u00eancia \u00e0 popula\u00e7\u00e3o em Sergipe que contar\u00e1, tamb\u00e9m, com o suporte oferecido pelo Centro Integrado Raio do Sol.<\/p>\n<div id=\"attachment_95162\" style=\"width: 285px\" class=\"wp-caption alignleft\"><a href=\"http:\/\/senoticias.com.br\/se\/wp-content\/uploads\/2016\/08\/Sergipe-tera-mais-dois-servi\u00e7os-habilitados-pelo-Ministerio-da-Saude-para-atendimento-as-pessoas-com-deficiencia-SE-Noticias.jpg\"><img loading=\"lazy\" decoding=\"async\" aria-describedby=\"caption-attachment-95162\" class=\"wp-image-95162 size-full\" src=\"http:\/\/senoticias.com.br\/se\/wp-content\/uploads\/2016\/08\/Sergipe-tera-mais-dois-servi\u00e7os-habilitados-pelo-Ministerio-da-Saude-para-atendimento-as-pessoas-com-deficiencia-SE-Noticias.jpg\" alt=\"A iniciativa visa garantir assist\u00eancia \u00e0 popula\u00e7\u00e3o em Sergipe que contar\u00e1, tamb\u00e9m, com o suporte oferecido pelo Centro Integrado Raio do Sol. Imagem: http:\/\/acessibilidadesaudeeinformacao.blogspot.com.br\/\" width=\"275\" height=\"280\" \/><\/a><p id=\"caption-attachment-95162\" class=\"wp-caption-text\">A iniciativa visa garantir assist\u00eancia \u00e0 popula\u00e7\u00e3o em Sergipe. Imagem: acessibilidadesaudeeinformacao.blogspot<\/p><\/div>\n<p style=\"text-align: justify;\">O Minist\u00e9rio da Sa\u00fade, por meio da Secretaria de Estado da Sa\u00fade (SES), far\u00e1 o custeio mensal no valor de R$140 mil para manuten\u00e7\u00e3o de cada uma das unidades habilitadas, que passar\u00e3o a dispor de reabilita\u00e7\u00e3o f\u00edsica e intelectual para o atendimento de crian\u00e7as, adolescentes e adultos.<\/p>\n<p style=\"text-align: justify;\">\u201cEstes servi\u00e7os fortalecer\u00e3o as a\u00e7\u00f5es de aten\u00e7\u00e3o \u00e0 crian\u00e7a e de apoio e orienta\u00e7\u00f5es \u00e0 fam\u00edlia, promovendo cuidados de preven\u00e7\u00e3o de sequelas atrav\u00e9s da reabilita\u00e7\u00e3o das crian\u00e7as com Microcefalia no Estado\u201d, explica a coordenadora da Rede Estadual de Cuidados \u00e0s Pessoas com Defici\u00eancia, Renata Coutinho.<\/p>\n<p style=\"text-align: justify;\">Com a aprova\u00e7\u00e3o, a Apae iniciar\u00e1 a adequa\u00e7\u00e3o exigida pelas portarias ministeriais que incluem, entre outros requisitos, a oferta de m\u00e9dicos neurologistas, psiquiatras, ortopedistas e profissionais como fonoaudi\u00f3logos, terapeutas ocupacionais e enfermeiros.<\/p>\n<p style=\"text-align: justify;\">Segundo o presidente da Apae, Max Guimar\u00e3es, a institui\u00e7\u00e3o j\u00e1 est\u00e1 em processo de contrata\u00e7\u00e3o para aumento do quadro profissional e a previs\u00e3o \u00e9 de que j\u00e1 iniciem atendimento em setembro. \u201cEstamos ansiosos. Esse ser\u00e1 um atendimento important\u00edssimo, que ampliar\u00e1 a nossa oferta\u201d, comemora.<\/p>\n<p style=\"text-align: justify;\">O Centro Integrado Raio do Sol est\u00e1 em fase de finaliza\u00e7\u00e3o da entrega da documenta\u00e7\u00e3o e, segundo explica Renata Coutinho, dever\u00e1 ter habilita\u00e7\u00e3o aprovada nas pr\u00f3ximas semanas.<\/p>\n<p style=\"text-align: justify;\">\u201cOs servi\u00e7os atender\u00e3o toda a popula\u00e7\u00e3o sergipana, sendo a Apae respons\u00e1vel pelo atendimento das regionais de sa\u00fade de Nossa Senhora do Socorro, Propri\u00e1, Lagarto, Est\u00e2ncia, Itabaiana, e Nossa Senhora da Gl\u00f3ria e o Centro Integrado Raio do Sol pela assist\u00eancia na regional de Aracaju\u201d, conta.<\/p>\n<p style=\"text-align: justify;\"><strong>Acompanhe tamb\u00e9m o SE not\u00edcias no <a href=\"https:\/\/twitter.com\/Senoticias\">Twitter<\/a>, <a href=\"https:\/\/www.facebook.com\/senoticias1\">Facebook<\/a> e no <a href=\"https:\/\/www.instagram.com\/senoticias\/\">Instagram<\/a><\/strong><\/p>\n<p style=\"text-align: justify;\"><a href=\"http:\/\/senoticias.com.br\/se\/wp-content\/uploads\/2016\/08\/Logo-fone-1.jpg\"><img loading=\"lazy\" decoding=\"async\" class=\"aligncenter size-full wp-image-94839\" src=\"http:\/\/senoticias.com.br\/se\/wp-content\/uploads\/2016\/08\/Logo-fone-1.jpg\" alt=\"Logo-fone-1\" width=\"599\" height=\"78\" srcset=\"https:\/\/senoticias.com.br\/se\/wp-content\/uploads\/2016\/08\/Logo-fone-1.jpg 599w, https:\/\/senoticias.com.br\/se\/wp-content\/uploads\/2016\/08\/Logo-fone-1-300x39.jpg 300w, https:\/\/senoticias.com.br\/se\/wp-content\/uploads\/2016\/08\/Logo-fone-1-342x44.jpg 342w\" sizes=\"(max-width: 599px) 100vw, 599px\" \/><\/a><br \/>\n<strong>Mat\u00e9ria extra\u00edda do Portal <a href=\"http:\/\/www.agencia.se.gov.br\/noticias\/saude\/sergipe-tera-mais-dois-servicos-habilitados-pelo-ministerio-da-saude-para-atendimento-as-pessoas-com-deficiencia\">Ag\u00eancia Sergipe de Noticias.<\/a><\/strong><\/p>\n","protected":false},"excerpt":{"rendered":"<p>O Minist\u00e9rio da Sa\u00fade (MS) habilitou na semana passada a Associa\u00e7\u00e3o de Pais e Amigos dos Excepcionais de Aracaju (Apae) para atendimento \u00e0s pessoas com defici\u00eancia. A iniciativa visa garantir assist\u00eancia \u00e0 popula\u00e7\u00e3o em Sergipe que contar\u00e1, tamb\u00e9m, com o suporte oferecido pelo Centro Integrado Raio do Sol. O Minist\u00e9rio da Sa\u00fade, por meio da [&hellip;]<\/p>\n","protected":false},"author":5618,"featured_media":95162,"comment_status":"closed","ping_status":"closed","sticky":false,"template":"","format":"standard","meta":{"footnotes":""},"categories":[38,6],"tags":[1320],"class_list":{"0":"post-95161","1":"post","2":"type-post","3":"status-publish","4":"format-standard","5":"has-post-thumbnail","7":"category-municipios","8":"category-politica","9":"tag-sergipe-tera-mais-dois-servicos-habilitados-pelo-ministerio-da-saude-para-atendimento-as-pessoas-com-deficiencia"},"_links":{"self":[{"href":"https:\/\/senoticias.com.br\/se\/wp-json\/wp\/v2\/posts\/95161"}],"collection":[{"href":"https:\/\/senoticias.com.br\/se\/wp-json\/wp\/v2\/posts"}],"about":[{"href":"https:\/\/senoticias.com.br\/se\/wp-json\/wp\/v2\/types\/post"}],"author":[{"embeddable":true,"href":"https:\/\/senoticias.com.br\/se\/wp-json\/wp\/v2\/users\/5618"}],"replies":[{"embeddable":true,"href":"https:\/\/senoticias.com.br\/se\/wp-json\/wp\/v2\/comments?post=95161"}],"version-history":[{"count":0,"href":"https:\/\/senoticias.com.br\/se\/wp-json\/wp\/v2\/posts\/95161\/revisions"}],"wp:featuredmedia":[{"embeddable":true,"href":"https:\/\/senoticias.com.br\/se\/wp-json\/wp\/v2\/media\/95162"}],"wp:attachment":[{"href":"https:\/\/senoticias.com.br\/se\/wp-json\/wp\/v2\/media?parent=95161"}],"wp:term":[{"taxonomy":"category","embeddable":true,"href":"https:\/\/senoticias.com.br\/se\/wp-json\/wp\/v2\/categories?post=95161"},{"taxonomy":"post_tag","embeddable":true,"href":"https:\/\/senoticias.com.br\/se\/wp-json\/wp\/v2\/tags?post=95161"}],"curies":[{"name":"wp","href":"https:\/\/api.w.org\/{rel}","templated":true}]}}