{"id":95158,"date":"2016-08-11T13:05:45","date_gmt":"2016-08-11T16:05:45","guid":{"rendered":"http:\/\/senoticias.com.br\/se\/?p=95158"},"modified":"2016-08-11T13:06:34","modified_gmt":"2016-08-11T16:06:34","slug":"policia-civil-apresenta-provas-materiais-e-suspeito-de-matar-delegado-ademir-melo","status":"publish","type":"post","link":"https:\/\/senoticias.com.br\/se\/policia-civil-apresenta-provas-materiais-e-suspeito-de-matar-delegado-ademir-melo\/","title":{"rendered":"Pol\u00edcia Civil  apresenta provas materiais e suspeito de matar delegado Ademir Melo"},"content":{"rendered":"<p style=\"text-align: justify;\">A Pol\u00edcia Civil apresentou na manh\u00e3 desta quinta-feira, 11, na sede do Complexo de Opera\u00e7\u00f5es Policiais Especiais (Cope), o ex-presidi\u00e1rio Anderson Santos Souza, 27 anos, e as provas materiais que o apontam como autor do latroc\u00ednio que vitimou o delegado Ademir Melo, no dia 18 de julho deste ano, na regi\u00e3o da Alameda das \u00c1rvores, bairro Luzia, zona Sul de Aracaju.<\/p>\n<div id=\"attachment_95159\" style=\"width: 605px\" class=\"wp-caption aligncenter\"><img loading=\"lazy\" decoding=\"async\" aria-describedby=\"caption-attachment-95159\" class=\"size-full wp-image-95159\" src=\"http:\/\/senoticias.com.br\/se\/wp-content\/uploads\/2016\/08\/Suspeito-da-Morte-do-Delegado-Ademir-Melo-SE-Noticias.jpg\" alt=\" A Pol\u00edcia Civil apresentou o ex-presidi\u00e1rio Anderson Santos Souza, 27 anos, e as provas materiais que o apontam como autor do latroc\u00ednio que vitimou o delegado Ademir Melo. (Foto montage: SE Not\u00edcias com SSP\/SE)\" width=\"595\" height=\"400\" srcset=\"https:\/\/senoticias.com.br\/se\/wp-content\/uploads\/2016\/08\/Suspeito-da-Morte-do-Delegado-Ademir-Melo-SE-Noticias.jpg 595w, https:\/\/senoticias.com.br\/se\/wp-content\/uploads\/2016\/08\/Suspeito-da-Morte-do-Delegado-Ademir-Melo-SE-Noticias-300x202.jpg 300w, https:\/\/senoticias.com.br\/se\/wp-content\/uploads\/2016\/08\/Suspeito-da-Morte-do-Delegado-Ademir-Melo-SE-Noticias-90x60.jpg 90w, https:\/\/senoticias.com.br\/se\/wp-content\/uploads\/2016\/08\/Suspeito-da-Morte-do-Delegado-Ademir-Melo-SE-Noticias-180x120.jpg 180w, https:\/\/senoticias.com.br\/se\/wp-content\/uploads\/2016\/08\/Suspeito-da-Morte-do-Delegado-Ademir-Melo-SE-Noticias-95x64.jpg 95w\" sizes=\"(max-width: 595px) 100vw, 595px\" \/><p id=\"caption-attachment-95159\" class=\"wp-caption-text\">A Pol\u00edcia Civil apresentou \u00a0como suspeito, Anderson Santos Souza, 27 anos, e as provas materiais que o apontam como autor do latroc\u00ednio que vitimou o delegado Ademir Melo. (Foto montagem: SE Not\u00edcias com SSP\/SE)<\/p><\/div>\n<p style=\"text-align: justify;\">Entre as provas apresentadas, a pol\u00edcia mostrou a motocicleta XRE 300, cor preta, que o suspeito usou no dia do crime. De acordo com o delegado geral, Alessandro Vieira, o trajeto feito por Anderson no dia do crime foi levantado e analisado dezenas de vezes pelos investigadores da Divis\u00e3o de Intelig\u00eancia e pelos coordenadores da opera\u00e7\u00e3o, os delegados Jo\u00e3o Eloy e Jonathas Evangelista. \u201cO suspeito alterou as cores laterais do ve\u00edculo para tentar modificar a apar\u00eancia a fim de dificultar a investiga\u00e7\u00e3o\u201d, disse.<\/p>\n<p style=\"text-align: justify;\">A arma do crime, um rev\u00f3lver calibre 38, que foi apreendido na resid\u00eancia do suspeito no bairro Soledade, na zona Norte de Aracaju, passou por um exame de micro compara\u00e7\u00e3o bal\u00edstica a fim de comprovar\u00a0 que o proj\u00e9til que matou o delegado saiu daquela a arma. \u201cO laudo \u00e9 conclusivo e n\u00e3o deixa d\u00favidas a respeito disso\u201d, disse o diretor do Cope, Jo\u00e3o Eloy.<\/p>\n<p style=\"text-align: justify;\">O diretor do DHPP, delegado Jonathas Evangelista, ressalta o hist\u00f3rico criminal de Anderson que entre suas a\u00e7\u00f5es coleciona um latroc\u00ednio tentado e um assalto em mar\u00e7o do ano passado a uma loja do centro comercial de Aracaju. Ele agiu com tr\u00eas comparsas e na \u00e9poca todos acabaram presos. Apesar do hist\u00f3rico, ele gozava de liberdade condicional e deveria se apresentar a cada dois meses ao sistema judici\u00e1rio.<\/p>\n<p style=\"text-align: justify;\">Diante das provas materiais e testemunhais, os delegados descartaram completamente a possibilidade de um crime de mando ou relacionado a atividade do delegado. \u201cEle j\u00e1 tinha sido preso por tentativa de latroc\u00ednio, dezenas de v\u00edtimas apareceram aqui no COPE reconhecendo os objetos apreendidos. Ent\u00e3o, n\u00e3o paira nenhuma de d\u00favida de que ele matou o delegado para roubar. Especula\u00e7\u00e3o existe em toda investiga\u00e7\u00e3o, mas ela para quando chega a apresenta\u00e7\u00e3o das provas\u201d, enfatizou Eloy.<\/p>\n<p style=\"text-align: justify;\">O secret\u00e1rio de Seguran\u00e7a P\u00fablica, Jo\u00e3o Batista Santos J\u00fanior, parabenizar todas as equipes que participaram da investiga\u00e7\u00e3o e agradeceu a colabora\u00e7\u00e3o da sociedade sergipana na elucida\u00e7\u00e3o desse caso. \u201cFechamos os trabalhos de forma muito competente. Quero agradecer a sociedade sergipana que atrav\u00e9s do disque den\u00fancia 181 trouxe elementos important\u00edssimos para elucida\u00e7\u00e3o do crime. Repito que este meliante deveria estar preso, mas infelizmente estava nas ruas e ceifou a vida de um colega muito querido\u201d, disse.<\/p>\n<p style=\"text-align: justify;\">Al\u00e9m da arma e da motocicleta usada no crime, a pol\u00edcia tamb\u00e9m mostrou dezenas de celulares roubados de v\u00edtimas nas ruas de Aracaju e um simulacro de uma pistola. Tamb\u00e9m participaram da coletiva, os delegados Dernival Eloi, Osvaldo Rezende, Cristiano Barreto, Andr\u00e9 David, Maira Moinhos, N\u00e9lio Bicalho e Adriano Maynart.<\/p>\n<p style=\"text-align: justify;\">&#8220;Infelizmente essa investiga\u00e7\u00e3o bem sucedida n\u00e3o traz de volta o colega Ademir Melo, mas permite \u00e0 sociedade ter a certeza da capacidade da pol\u00edcia de rea\u00e7\u00e3o e identifica\u00e7\u00e3o dos criminosos dentro dos limites da lei, at\u00e9 porque a pol\u00edcia n\u00e3o est\u00e1 aqui para fazer vingan\u00e7a, e sim para viabilizar a realiza\u00e7\u00e3o da justi\u00e7a\u201d, finalizou o delegado-geral, Alessandro Vieira.<\/p>\n<p style=\"text-align: justify;\"><img loading=\"lazy\" decoding=\"async\" class=\"aligncenter size-full wp-image-94839\" src=\"http:\/\/senoticias.com.br\/se\/wp-content\/uploads\/2016\/08\/Logo-fone-1.jpg\" alt=\"Logo-fone-1\" width=\"599\" height=\"78\" srcset=\"https:\/\/senoticias.com.br\/se\/wp-content\/uploads\/2016\/08\/Logo-fone-1.jpg 599w, https:\/\/senoticias.com.br\/se\/wp-content\/uploads\/2016\/08\/Logo-fone-1-300x39.jpg 300w, https:\/\/senoticias.com.br\/se\/wp-content\/uploads\/2016\/08\/Logo-fone-1-342x44.jpg 342w\" sizes=\"(max-width: 599px) 100vw, 599px\" \/><\/p>\n<p style=\"text-align: justify;\"><em><strong>Acompanhe tamb\u00e9m o SE Not\u00edcias no\u00a0<a href=\"https:\/\/twitter.com\/Senoticias\" target=\"_blank\">Twitter<\/a>,\u00a0<a href=\"https:\/\/www.facebook.com\/senoticias1\" target=\"_blank\">Facebook<\/a>\u00a0e no\u00a0<a href=\"https:\/\/www.instagram.com\/senoticias\/\" target=\"_blank\">Instagram<\/a><\/strong><\/em><\/p>\n","protected":false},"excerpt":{"rendered":"<p>A Pol\u00edcia Civil apresentou na manh\u00e3 desta quinta-feira, 11, na sede do Complexo de Opera\u00e7\u00f5es Policiais Especiais (Cope), o ex-presidi\u00e1rio Anderson Santos Souza, 27 anos, e as provas materiais que o apontam como autor do latroc\u00ednio que vitimou o delegado Ademir Melo, no dia 18 de julho deste ano, na regi\u00e3o da Alameda das \u00c1rvores, [&hellip;]<\/p>\n","protected":false},"author":2,"featured_media":95159,"comment_status":"closed","ping_status":"closed","sticky":false,"template":"","format":"standard","meta":{"footnotes":""},"categories":[15,7],"tags":[],"class_list":{"0":"post-95158","1":"post","2":"type-post","3":"status-publish","4":"format-standard","5":"has-post-thumbnail","7":"category-destaques","8":"category-policia"},"_links":{"self":[{"href":"https:\/\/senoticias.com.br\/se\/wp-json\/wp\/v2\/posts\/95158"}],"collection":[{"href":"https:\/\/senoticias.com.br\/se\/wp-json\/wp\/v2\/posts"}],"about":[{"href":"https:\/\/senoticias.com.br\/se\/wp-json\/wp\/v2\/types\/post"}],"author":[{"embeddable":true,"href":"https:\/\/senoticias.com.br\/se\/wp-json\/wp\/v2\/users\/2"}],"replies":[{"embeddable":true,"href":"https:\/\/senoticias.com.br\/se\/wp-json\/wp\/v2\/comments?post=95158"}],"version-history":[{"count":0,"href":"https:\/\/senoticias.com.br\/se\/wp-json\/wp\/v2\/posts\/95158\/revisions"}],"wp:featuredmedia":[{"embeddable":true,"href":"https:\/\/senoticias.com.br\/se\/wp-json\/wp\/v2\/media\/95159"}],"wp:attachment":[{"href":"https:\/\/senoticias.com.br\/se\/wp-json\/wp\/v2\/media?parent=95158"}],"wp:term":[{"taxonomy":"category","embeddable":true,"href":"https:\/\/senoticias.com.br\/se\/wp-json\/wp\/v2\/categories?post=95158"},{"taxonomy":"post_tag","embeddable":true,"href":"https:\/\/senoticias.com.br\/se\/wp-json\/wp\/v2\/tags?post=95158"}],"curies":[{"name":"wp","href":"https:\/\/api.w.org\/{rel}","templated":true}]}}