{"id":95087,"date":"2016-08-09T23:27:53","date_gmt":"2016-08-10T02:27:53","guid":{"rendered":"http:\/\/senoticias.com.br\/se\/?p=95087"},"modified":"2016-08-10T23:52:20","modified_gmt":"2016-08-11T02:52:20","slug":"membros-do-forum-em-defesa-da-grande-aracaju-recebem-titulo-de-cidadao-aracajuano","status":"publish","type":"post","link":"https:\/\/senoticias.com.br\/se\/membros-do-forum-em-defesa-da-grande-aracaju-recebem-titulo-de-cidadao-aracajuano\/","title":{"rendered":"Membros do F\u00f3rum em Defesa da Grande Aracaju recebem t\u00edtulo de cidad\u00e3o aracajuano"},"content":{"rendered":"<p>Jos\u00e9 Firmo e Joseilton Nery, integrantes do F\u00f3rum em Defesa da Grande Aracaju, receberam, em sess\u00e3o especial realizada na tarde de ter\u00e7a-feira, 9, t\u00edtulo de cidad\u00e3o aracajuano.<\/p>\n<div id=\"attachment_95089\" style=\"width: 459px\" class=\"wp-caption aligncenter\"><img loading=\"lazy\" decoding=\"async\" aria-describedby=\"caption-attachment-95089\" class=\"size-full wp-image-95089\" src=\"http:\/\/senoticias.com.br\/se\/wp-content\/uploads\/2016\/08\/Membros-do-Forum-em-Defesa-da-Grande-Aracaju-SE-Noticias.jpg\" alt=\"A sess\u00e3o especial de entrega do t\u00edtulo e cidadania aos dois militantes foi presidida pelo vereador Dr. Emerson \" width=\"449\" height=\"599\" srcset=\"https:\/\/senoticias.com.br\/se\/wp-content\/uploads\/2016\/08\/Membros-do-Forum-em-Defesa-da-Grande-Aracaju-SE-Noticias.jpg 449w, https:\/\/senoticias.com.br\/se\/wp-content\/uploads\/2016\/08\/Membros-do-Forum-em-Defesa-da-Grande-Aracaju-SE-Noticias-225x300.jpg 225w\" sizes=\"(max-width: 449px) 100vw, 449px\" \/><p id=\"caption-attachment-95089\" class=\"wp-caption-text\">A sess\u00e3o especial de entrega do t\u00edtulo e cidadania aos dois militantes foi presidida pelo vereador Dr. Emerson. (Foto: Ascom\/Ag\u00eancia C\u00e2mara)<\/p><\/div>\n<p style=\"text-align: justify;\">Jos\u00e9 Dias Firmo dos Santos, nasceu em Jiquiri\u00e7\u00e1 \u2013 Bahia, chegou em Aracaju com 15 anos, em 05 de abril de 1981 e \u00e9 funcion\u00e1rio da Universidade Federal de Sergipe desde 1994, onde j\u00e1 exerceu v\u00e1rios cargos na gest\u00e3o exerceu tamb\u00e9m v\u00e1rios mandatos eletivos, entre eles foi Vice-Presidente do Sindicato dos Trabalhadores T\u00e9cnico-Administrativos (SINTUFS), representante dos servidores T\u00e9cnico-Administrativos no Conselho Universit\u00e1rio pro quatro mandatos, Prefeito eleito do Campus da UFS, Diretor do Restaurante Universit\u00e1rio e Assessor do Reitor. Atualmente Firmo \u00e9 o Ouvidor Geral eleito pelo Conselho Universit\u00e1rio em 2012 e reeleito em 2014.<\/p>\n<p style=\"text-align: justify;\">Firmo \u00e9 graduado em Ci\u00eancias Cont\u00e1beis pela Universidade Federal de Sergipe e especialista em Gest\u00e3o Urbana e Planejamento Municipal, tamb\u00e9m na Universidade Federal de Sergipe<\/p>\n<p style=\"text-align: justify;\">Joselton Nery Rocha \u00e9 natural de Propri\u00e1 \u2013 SE e veio para Aracaju ainda adolescente, nos anos 1970. Joseilton Nery \u00e9 tamb\u00e9m funcion\u00e1rio da Universidade Federal de Sergipe, tendo sido presidente do Sintufs, al\u00e9m de ter sido dirigente em outros cargos em outros mandatos. Foi tamb\u00e9m dirigente da Federa\u00e7\u00e3o que congrega os sindicatos dos trabalhadores t\u00e9cnicos-administrativos das universidades p\u00fablicas, a FASUBRA. Foi ainda representante dos servidores no Conselho Universit\u00e1rio e atualmente \u00e9 Vice-Ouvidor Geral eleito pelo Conselho Universit\u00e1rio para o segundo mandato consecutivo.<br \/>\nJoseilton \u00e9 graduado em Administra\u00e7\u00e3o de Empresas.<\/p>\n<p><strong>Prest\u00edgio<\/strong><\/p>\n<p style=\"text-align: justify;\">A sess\u00e3o foi bastante concorrida e contou com as presen\u00e7as de Paulo Sousa, Presidente do Sindicato dos Jornalistas de Sergipe, Edjan\u00e1ria Borges, dirigente da Central \u00danica dos trabalhadores CUT); Ewerton Jos\u00e9 dos Santos, representante do Secret\u00e1rio de Estado da Educa\u00e7\u00e3o; Concei\u00e7\u00e3o Almeida, Reitora da UFS em exerc\u00edcio, Manoel Messias de Jesus, ex-presidente do Sintufs, Abel Smith, Pr\u00f3-Reitor de Administra\u00e7\u00e3o da UFS, Ednalva Freire Caetano, Pr\u00f3-Reitora de Gest\u00e3o de Pessoas da UFS, Jorge Moreira, integrante da Sociedade Jabotiana Viva, al\u00e9m de outras autoridades, amigos e familiares dos homenageados.<\/p>\n<p style=\"text-align: justify;\"><img loading=\"lazy\" decoding=\"async\" class=\"aligncenter size-full wp-image-94839\" src=\"http:\/\/senoticias.com.br\/se\/wp-content\/uploads\/2016\/08\/Logo-fone-1.jpg\" alt=\"Logo-fone-1\" width=\"599\" height=\"78\" srcset=\"https:\/\/senoticias.com.br\/se\/wp-content\/uploads\/2016\/08\/Logo-fone-1.jpg 599w, https:\/\/senoticias.com.br\/se\/wp-content\/uploads\/2016\/08\/Logo-fone-1-300x39.jpg 300w, https:\/\/senoticias.com.br\/se\/wp-content\/uploads\/2016\/08\/Logo-fone-1-342x44.jpg 342w\" sizes=\"(max-width: 599px) 100vw, 599px\" \/><\/p>\n<p style=\"text-align: justify;\"><strong><em>Acompanhe tamb\u00e9m o SE Not\u00edcias no\u00a0<a href=\"https:\/\/twitter.com\/Senoticias\" target=\"_blank\">Twitter<\/a>,\u00a0<a href=\"https:\/\/www.facebook.com\/senoticias1\" target=\"_blank\">Facebook<\/a>\u00a0e no\u00a0<a href=\"https:\/\/www.instagram.com\/senoticias\/\" target=\"_blank\">Instagram<\/a><\/em><\/strong><\/p>\n<p>Mat\u00e9ria recebida da Assessoria do F\u00f3rum<\/p>\n","protected":false},"excerpt":{"rendered":"<p>Jos\u00e9 Firmo e Joseilton Nery, integrantes do F\u00f3rum em Defesa da Grande Aracaju, receberam, em sess\u00e3o especial realizada na tarde de ter\u00e7a-feira, 9, t\u00edtulo de cidad\u00e3o aracajuano. Jos\u00e9 Dias Firmo dos Santos, nasceu em Jiquiri\u00e7\u00e1 \u2013 Bahia, chegou em Aracaju com 15 anos, em 05 de abril de 1981 e \u00e9 funcion\u00e1rio da Universidade Federal [&hellip;]<\/p>\n","protected":false},"author":2,"featured_media":95089,"comment_status":"closed","ping_status":"closed","sticky":false,"template":"","format":"standard","meta":{"footnotes":""},"categories":[6,1],"tags":[],"class_list":{"0":"post-95087","1":"post","2":"type-post","3":"status-publish","4":"format-standard","5":"has-post-thumbnail","7":"category-politica","8":"category-sem-categoria"},"_links":{"self":[{"href":"https:\/\/senoticias.com.br\/se\/wp-json\/wp\/v2\/posts\/95087"}],"collection":[{"href":"https:\/\/senoticias.com.br\/se\/wp-json\/wp\/v2\/posts"}],"about":[{"href":"https:\/\/senoticias.com.br\/se\/wp-json\/wp\/v2\/types\/post"}],"author":[{"embeddable":true,"href":"https:\/\/senoticias.com.br\/se\/wp-json\/wp\/v2\/users\/2"}],"replies":[{"embeddable":true,"href":"https:\/\/senoticias.com.br\/se\/wp-json\/wp\/v2\/comments?post=95087"}],"version-history":[{"count":0,"href":"https:\/\/senoticias.com.br\/se\/wp-json\/wp\/v2\/posts\/95087\/revisions"}],"wp:featuredmedia":[{"embeddable":true,"href":"https:\/\/senoticias.com.br\/se\/wp-json\/wp\/v2\/media\/95089"}],"wp:attachment":[{"href":"https:\/\/senoticias.com.br\/se\/wp-json\/wp\/v2\/media?parent=95087"}],"wp:term":[{"taxonomy":"category","embeddable":true,"href":"https:\/\/senoticias.com.br\/se\/wp-json\/wp\/v2\/categories?post=95087"},{"taxonomy":"post_tag","embeddable":true,"href":"https:\/\/senoticias.com.br\/se\/wp-json\/wp\/v2\/tags?post=95087"}],"curies":[{"name":"wp","href":"https:\/\/api.w.org\/{rel}","templated":true}]}}