{"id":95084,"date":"2016-08-09T20:57:04","date_gmt":"2016-08-09T23:57:04","guid":{"rendered":"http:\/\/senoticias.com.br\/se\/?p=95084"},"modified":"2016-08-10T23:48:26","modified_gmt":"2016-08-11T02:48:26","slug":"governo-inicia-pagamento-de-servidores-no-proximo-dia-11","status":"publish","type":"post","link":"https:\/\/senoticias.com.br\/se\/governo-inicia-pagamento-de-servidores-no-proximo-dia-11\/","title":{"rendered":"Governo inicia pagamento de servidores no pr\u00f3ximo dia 11"},"content":{"rendered":"<p>O Governo do Estado informa que inicia o pagamento de servidores, referente ao m\u00eas de julho, na pr\u00f3xima quinta-feira, dia 11. Devido \u00e0s sucessivas quedas nos repasses federais, o pagamento se dar\u00e1 da seguinte forma:<\/p>\n<div id=\"attachment_95086\" style=\"width: 600px\" class=\"wp-caption aligncenter\"><img loading=\"lazy\" decoding=\"async\" aria-describedby=\"caption-attachment-95086\" class=\"size-full wp-image-95086\" src=\"http:\/\/senoticias.com.br\/se\/wp-content\/uploads\/2016\/08\/Governo-divulga-calendario-de-pagamento-SE-Noticias.jpg\" alt=\"Devido \u00e0s sucessivas quedas nos repasses federais, o pagamento se dar\u00e1 da seguinte forma parcelada. (Foto: ilustra\u00e7\u00e3o\/net)\" width=\"590\" height=\"412\" srcset=\"https:\/\/senoticias.com.br\/se\/wp-content\/uploads\/2016\/08\/Governo-divulga-calendario-de-pagamento-SE-Noticias.jpg 590w, https:\/\/senoticias.com.br\/se\/wp-content\/uploads\/2016\/08\/Governo-divulga-calendario-de-pagamento-SE-Noticias-300x209.jpg 300w\" sizes=\"(max-width: 590px) 100vw, 590px\" \/><p id=\"caption-attachment-95086\" class=\"wp-caption-text\">Devido \u00e0s sucessivas quedas nos repasses federais, o pagamento se dar\u00e1 da seguinte forma parcelada. (Foto: ilustra\u00e7\u00e3o\/net)<\/p><\/div>\n<p><strong><u>1 &#8211; Integral<\/u><\/strong><\/p>\n<p><strong><u>Ativos<\/u><\/strong><\/p>\n<p>&#8211; SEED (Servidores Administrativos)<\/p>\n<p>&#8211; FES (Estatut\u00e1rios e Celetistas)<\/p>\n<p>&#8211; Funda\u00e7\u00f5es de Sa\u00fade &#8211; FHS, Funesa E FSPH (Estatut\u00e1rios e Celetistas)<\/p>\n<p><strong><u>2 &#8211; Parcelado<\/u><\/strong><\/p>\n<p>&#8211; Secretarias (exceto Sa\u00fade,\u00a0que ter\u00e1\u00a0pagamento integral)<\/p>\n<p>&#8211; Pens\u00f5es Especiais<\/p>\n<p>&#8211; Autarquias e Funda\u00e7\u00f5es (DER, Adema, Jucese, Detran, ITPS, Fundap, Renascer E Fapitec)<\/p>\n<p>&#8211; Empresas dependentes (Emdagro, Cohidro, Emgetis, Emsetur, Codise, Cehop e Pronese<\/p>\n<p>OBS: Para quem recebe sal\u00e1rio l\u00edquido de at\u00e9 R$ 7.000,00: parcela fixa de R$ 3.500,00 no dia 11 e restante no dia 22 de agosto;<\/p>\n<p>Para quem recebe sal\u00e1rio l\u00edquido acima de R$ 7.000,00: parcela equivale a 50% do sal\u00e1rio e restante no dia 22 de agosto;<\/p>\n<p><strong>\u00a0<\/strong><strong>3 &#8211; INATIVOS E PENSIONISTAS (Cr\u00e9dito em conta dia 12\/08)<\/strong><\/p>\n<p>Para quem recebe sal\u00e1rio l\u00edquido de at\u00e9 R$ 7.000,00: parcela fixa de R$ 3.500,00 e restante dia 23;<\/p>\n<p>Para quem recebe sal\u00e1rio l\u00edquido acima de R$ 7.000,00: parcela ser\u00e1 equivalente a 50% do sal\u00e1rio e restante no dia 23.<\/p>\n<p><img loading=\"lazy\" decoding=\"async\" class=\"aligncenter size-full wp-image-94839\" src=\"http:\/\/senoticias.com.br\/se\/wp-content\/uploads\/2016\/08\/Logo-fone-1.jpg\" alt=\"Logo-fone-1\" width=\"599\" height=\"78\" srcset=\"https:\/\/senoticias.com.br\/se\/wp-content\/uploads\/2016\/08\/Logo-fone-1.jpg 599w, https:\/\/senoticias.com.br\/se\/wp-content\/uploads\/2016\/08\/Logo-fone-1-300x39.jpg 300w, https:\/\/senoticias.com.br\/se\/wp-content\/uploads\/2016\/08\/Logo-fone-1-342x44.jpg 342w\" sizes=\"(max-width: 599px) 100vw, 599px\" \/><\/p>\n<p><strong><em>Acompanhe tamb\u00e9m o SE Not\u00edcias no\u00a0<a href=\"https:\/\/twitter.com\/Senoticias\" target=\"_blank\">Twitter<\/a>,\u00a0<a href=\"https:\/\/www.facebook.com\/senoticias1\" target=\"_blank\">Facebook<\/a>\u00a0e no\u00a0<a href=\"https:\/\/www.instagram.com\/senoticias\/\" target=\"_blank\">Instagram<\/a><\/em><\/strong><br \/>\n<em>Secretaria de Estado da Comunica\u00e7\u00e3o Social <\/em><br \/>\n<em>Governo de Sergipe <\/em><\/p>\n","protected":false},"excerpt":{"rendered":"<p>O Governo do Estado informa que inicia o pagamento de servidores, referente ao m\u00eas de julho, na pr\u00f3xima quinta-feira, dia 11. Devido \u00e0s sucessivas quedas nos repasses federais, o pagamento se dar\u00e1 da seguinte forma: 1 &#8211; Integral Ativos &#8211; SEED (Servidores Administrativos) &#8211; FES (Estatut\u00e1rios e Celetistas) &#8211; Funda\u00e7\u00f5es de Sa\u00fade &#8211; FHS, Funesa [&hellip;]<\/p>\n","protected":false},"author":2,"featured_media":95086,"comment_status":"closed","ping_status":"closed","sticky":false,"template":"","format":"standard","meta":{"footnotes":""},"categories":[6,1],"tags":[1311,1312,1313],"class_list":{"0":"post-95084","1":"post","2":"type-post","3":"status-publish","4":"format-standard","5":"has-post-thumbnail","7":"category-politica","8":"category-sem-categoria","9":"tag-calendario-de-pagamento","10":"tag-governo-divulga-calendario-de-pagamento","11":"tag-pagamento-de-julho"},"_links":{"self":[{"href":"https:\/\/senoticias.com.br\/se\/wp-json\/wp\/v2\/posts\/95084"}],"collection":[{"href":"https:\/\/senoticias.com.br\/se\/wp-json\/wp\/v2\/posts"}],"about":[{"href":"https:\/\/senoticias.com.br\/se\/wp-json\/wp\/v2\/types\/post"}],"author":[{"embeddable":true,"href":"https:\/\/senoticias.com.br\/se\/wp-json\/wp\/v2\/users\/2"}],"replies":[{"embeddable":true,"href":"https:\/\/senoticias.com.br\/se\/wp-json\/wp\/v2\/comments?post=95084"}],"version-history":[{"count":0,"href":"https:\/\/senoticias.com.br\/se\/wp-json\/wp\/v2\/posts\/95084\/revisions"}],"wp:featuredmedia":[{"embeddable":true,"href":"https:\/\/senoticias.com.br\/se\/wp-json\/wp\/v2\/media\/95086"}],"wp:attachment":[{"href":"https:\/\/senoticias.com.br\/se\/wp-json\/wp\/v2\/media?parent=95084"}],"wp:term":[{"taxonomy":"category","embeddable":true,"href":"https:\/\/senoticias.com.br\/se\/wp-json\/wp\/v2\/categories?post=95084"},{"taxonomy":"post_tag","embeddable":true,"href":"https:\/\/senoticias.com.br\/se\/wp-json\/wp\/v2\/tags?post=95084"}],"curies":[{"name":"wp","href":"https:\/\/api.w.org\/{rel}","templated":true}]}}