{"id":95079,"date":"2016-08-09T18:26:55","date_gmt":"2016-08-09T21:26:55","guid":{"rendered":"http:\/\/senoticias.com.br\/se\/?p=95079"},"modified":"2016-08-09T18:38:52","modified_gmt":"2016-08-09T21:38:52","slug":"preso-suspeito-de-assassinar-delegado-ademir-melo","status":"publish","type":"post","link":"https:\/\/senoticias.com.br\/se\/preso-suspeito-de-assassinar-delegado-ademir-melo\/","title":{"rendered":"Preso suspeito de assassinar delegado Ademir Melo"},"content":{"rendered":"<p>A Pol\u00edcia Civil conseguiu prender um suspeito que pode ter sido o assassino do delegado de pol\u00edcia civil, Ademir da Silva Melo J\u00fanior, 37 anos, que foi morto em frente a sua resid\u00eancia na segunda-feira (18 de julho), em Aracaju.<\/p>\n<div id=\"attachment_94340\" style=\"width: 609px\" class=\"wp-caption aligncenter\"><img loading=\"lazy\" decoding=\"async\" aria-describedby=\"caption-attachment-94340\" class=\"size-full wp-image-94340\" src=\"http:\/\/senoticias.com.br\/se\/wp-content\/uploads\/2016\/07\/Delegado-Ademir-Melo-SE-Noticias-e1468881314111.jpg\" alt=\"Ademir Melo foi morto a tiros na zona sul de Aracaju. (Foto: Reprodu\u00e7\u00e3o\/SSP\/SE)\" width=\"599\" height=\"449\" \/><p id=\"caption-attachment-94340\" class=\"wp-caption-text\">Ademir Melo foi morto a tiros na zona sul de Aracaju. (Foto: Reprodu\u00e7\u00e3o\/SSP\/SE)<\/p><\/div>\n<p><em><strong>Acompanhe tamb\u00e9m o SE Not\u00edcias no\u00a0<a href=\"https:\/\/twitter.com\/Senoticias\" target=\"_blank\">Twitter<\/a>,\u00a0<a href=\"https:\/\/www.facebook.com\/senoticias1\" target=\"_blank\">Facebook<\/a>\u00a0e no\u00a0<a href=\"https:\/\/www.instagram.com\/senoticias\/\" target=\"_blank\">Instagram<\/a><\/strong><\/em><br \/>\nMais detalhes ser\u00e3o fornecidos amanh\u00e3, pelos delegados do DHPP e COPE.<\/p>\n<p>&nbsp;<\/p>\n<p>&nbsp;<\/p>\n<p>&nbsp;<\/p>\n<p>&nbsp;<\/p>\n","protected":false},"excerpt":{"rendered":"<p>A Pol\u00edcia Civil conseguiu prender um suspeito que pode ter sido o assassino do delegado de pol\u00edcia civil, Ademir da Silva Melo J\u00fanior, 37 anos, que foi morto em frente a sua resid\u00eancia na segunda-feira (18 de julho), em Aracaju. Acompanhe tamb\u00e9m o SE Not\u00edcias no\u00a0Twitter,\u00a0Facebook\u00a0e no\u00a0Instagram Mais detalhes ser\u00e3o fornecidos amanh\u00e3, pelos delegados do [&hellip;]<\/p>\n","protected":false},"author":2,"featured_media":94340,"comment_status":"closed","ping_status":"closed","sticky":false,"template":"","format":"standard","meta":{"footnotes":""},"categories":[15],"tags":[],"class_list":{"0":"post-95079","1":"post","2":"type-post","3":"status-publish","4":"format-standard","5":"has-post-thumbnail","7":"category-destaques"},"_links":{"self":[{"href":"https:\/\/senoticias.com.br\/se\/wp-json\/wp\/v2\/posts\/95079"}],"collection":[{"href":"https:\/\/senoticias.com.br\/se\/wp-json\/wp\/v2\/posts"}],"about":[{"href":"https:\/\/senoticias.com.br\/se\/wp-json\/wp\/v2\/types\/post"}],"author":[{"embeddable":true,"href":"https:\/\/senoticias.com.br\/se\/wp-json\/wp\/v2\/users\/2"}],"replies":[{"embeddable":true,"href":"https:\/\/senoticias.com.br\/se\/wp-json\/wp\/v2\/comments?post=95079"}],"version-history":[{"count":0,"href":"https:\/\/senoticias.com.br\/se\/wp-json\/wp\/v2\/posts\/95079\/revisions"}],"wp:featuredmedia":[{"embeddable":true,"href":"https:\/\/senoticias.com.br\/se\/wp-json\/wp\/v2\/media\/94340"}],"wp:attachment":[{"href":"https:\/\/senoticias.com.br\/se\/wp-json\/wp\/v2\/media?parent=95079"}],"wp:term":[{"taxonomy":"category","embeddable":true,"href":"https:\/\/senoticias.com.br\/se\/wp-json\/wp\/v2\/categories?post=95079"},{"taxonomy":"post_tag","embeddable":true,"href":"https:\/\/senoticias.com.br\/se\/wp-json\/wp\/v2\/tags?post=95079"}],"curies":[{"name":"wp","href":"https:\/\/api.w.org\/{rel}","templated":true}]}}