{"id":95071,"date":"2016-08-09T12:39:53","date_gmt":"2016-08-09T15:39:53","guid":{"rendered":"http:\/\/senoticias.com.br\/se\/?p=95071"},"modified":"2016-08-09T12:42:03","modified_gmt":"2016-08-09T15:42:03","slug":"trese-realiza-votacao-simulada-para-prefeitos-e-vereadores","status":"publish","type":"post","link":"https:\/\/senoticias.com.br\/se\/trese-realiza-votacao-simulada-para-prefeitos-e-vereadores\/","title":{"rendered":"TRE\/SE realiza vota\u00e7\u00e3o simulada para prefeitos e vereadores"},"content":{"rendered":"<p style=\"text-align: justify;\">O Tribunal Regional Eleitoral de Sergipe (TRE\/SE), est\u00e1 realizando desde \u00e0s 8h desta ter\u00e7a-feira (09), uma simula\u00e7\u00e3o de vota\u00e7\u00e3o, visando testar o sistema e as urnas eletr\u00f4nicas com vistas \u00e0s elei\u00e7\u00f5es municipais de outubro de 2016.<\/p>\n<div id=\"attachment_67519\" style=\"width: 608px\" class=\"wp-caption aligncenter\"><img loading=\"lazy\" decoding=\"async\" aria-describedby=\"caption-attachment-67519\" class=\"size-full wp-image-67519\" src=\"http:\/\/senoticias.com.br\/se\/wp-content\/uploads\/2014\/07\/grande-grande_urna_novoformato_311211-e1448913756390.jpg\" alt=\" (TRE\/SE realiza vota\u00e7\u00e3o simulada para prefeitos e vereadores. (Foto: Divulga\u00e7\u00e3o\/TSE) \" width=\"598\" height=\"397\" \/><p id=\"caption-attachment-67519\" class=\"wp-caption-text\">(TRE\/SE realiza vota\u00e7\u00e3o simulada para prefeitos e vereadores. (Foto: Divulga\u00e7\u00e3o\/TSE)<\/p><\/div>\n<p style=\"text-align: justify;\">Na segunda-feira (08), os dados fict\u00edcios de candidatos aos cargos de prefeito e de vereador, foram inseridos em 15 urnas eletr\u00f4nicas das sess\u00f5es de Aracaju e da Barra dos Coqueiros.<\/p>\n<p style=\"text-align: justify;\">De acordo com a chefe da se\u00e7\u00e3o de Administra\u00e7\u00e3o das Urnas, M\u00f4nica Martins \u00c1vila Prado, todos os procedimentos de uma elei\u00e7\u00e3o real ser\u00e3o executados, desde a carga das urnas e vota\u00e7\u00e3o, at\u00e9 o encerramento e a transmiss\u00e3o de dados.<\/p>\n<p style=\"text-align: justify;\">\u201cEsse simulado tem o objetivo de expor as urnas e o sistema a poss\u00edveis problemas que poderiam ocorrer durante uma vota\u00e7\u00e3o real, de modo que possamos ajustar o que for necess\u00e1rio e nos preparar para poss\u00edveis conting\u00eancias\u201d, ressalta lembrando que a vota\u00e7\u00e3o simulada poder\u00e1 ser acompanhada por qualquer pessoa interessada.<\/p>\n<p style=\"text-align: justify;\"><img loading=\"lazy\" decoding=\"async\" class=\"aligncenter size-full wp-image-94839\" src=\"http:\/\/senoticias.com.br\/se\/wp-content\/uploads\/2016\/08\/Logo-fone-1.jpg\" alt=\"Logo-fone-1\" width=\"599\" height=\"78\" srcset=\"https:\/\/senoticias.com.br\/se\/wp-content\/uploads\/2016\/08\/Logo-fone-1.jpg 599w, https:\/\/senoticias.com.br\/se\/wp-content\/uploads\/2016\/08\/Logo-fone-1-300x39.jpg 300w, https:\/\/senoticias.com.br\/se\/wp-content\/uploads\/2016\/08\/Logo-fone-1-342x44.jpg 342w\" sizes=\"(max-width: 599px) 100vw, 599px\" \/><\/p>\n<p style=\"text-align: justify;\"><strong><em>Acompanhe tamb\u00e9m o SE Not\u00edcias no\u00a0<a href=\"https:\/\/twitter.com\/Senoticias\" target=\"_blank\">Twitter<\/a>,\u00a0<a href=\"https:\/\/www.facebook.com\/senoticias1\" target=\"_blank\">Facebook<\/a>\u00a0e no\u00a0<a href=\"https:\/\/www.instagram.com\/senoticias\/\" target=\"_blank\">Instagram<\/a><\/em><\/strong><\/p>\n<p style=\"text-align: justify;\">Por Aldaci de Souza \u2013 Ag\u00eancia Alese de Not\u00edcias<\/p>\n","protected":false},"excerpt":{"rendered":"<p>O Tribunal Regional Eleitoral de Sergipe (TRE\/SE), est\u00e1 realizando desde \u00e0s 8h desta ter\u00e7a-feira (09), uma simula\u00e7\u00e3o de vota\u00e7\u00e3o, visando testar o sistema e as urnas eletr\u00f4nicas com vistas \u00e0s elei\u00e7\u00f5es municipais de outubro de 2016. Na segunda-feira (08), os dados fict\u00edcios de candidatos aos cargos de prefeito e de vereador, foram inseridos em 15 [&hellip;]<\/p>\n","protected":false},"author":2,"featured_media":67519,"comment_status":"closed","ping_status":"closed","sticky":false,"template":"","format":"standard","meta":{"footnotes":""},"categories":[6],"tags":[],"class_list":{"0":"post-95071","1":"post","2":"type-post","3":"status-publish","4":"format-standard","5":"has-post-thumbnail","7":"category-politica"},"_links":{"self":[{"href":"https:\/\/senoticias.com.br\/se\/wp-json\/wp\/v2\/posts\/95071"}],"collection":[{"href":"https:\/\/senoticias.com.br\/se\/wp-json\/wp\/v2\/posts"}],"about":[{"href":"https:\/\/senoticias.com.br\/se\/wp-json\/wp\/v2\/types\/post"}],"author":[{"embeddable":true,"href":"https:\/\/senoticias.com.br\/se\/wp-json\/wp\/v2\/users\/2"}],"replies":[{"embeddable":true,"href":"https:\/\/senoticias.com.br\/se\/wp-json\/wp\/v2\/comments?post=95071"}],"version-history":[{"count":0,"href":"https:\/\/senoticias.com.br\/se\/wp-json\/wp\/v2\/posts\/95071\/revisions"}],"wp:featuredmedia":[{"embeddable":true,"href":"https:\/\/senoticias.com.br\/se\/wp-json\/wp\/v2\/media\/67519"}],"wp:attachment":[{"href":"https:\/\/senoticias.com.br\/se\/wp-json\/wp\/v2\/media?parent=95071"}],"wp:term":[{"taxonomy":"category","embeddable":true,"href":"https:\/\/senoticias.com.br\/se\/wp-json\/wp\/v2\/categories?post=95071"},{"taxonomy":"post_tag","embeddable":true,"href":"https:\/\/senoticias.com.br\/se\/wp-json\/wp\/v2\/tags?post=95071"}],"curies":[{"name":"wp","href":"https:\/\/api.w.org\/{rel}","templated":true}]}}