{"id":95069,"date":"2016-08-09T11:51:28","date_gmt":"2016-08-09T14:51:28","guid":{"rendered":"http:\/\/senoticias.com.br\/se\/?p=95069"},"modified":"2016-08-10T08:17:27","modified_gmt":"2016-08-10T11:17:27","slug":"jose-augusto-esta-de-volta-a-aracaju-com-novo-show","status":"publish","type":"post","link":"https:\/\/senoticias.com.br\/se\/jose-augusto-esta-de-volta-a-aracaju-com-novo-show\/","title":{"rendered":"Jos\u00e9 Augusto est\u00e1 de volta a Aracaju com novo show"},"content":{"rendered":"<p style=\"text-align: justify;\">Com 43 anos de carreira, 30 discos gravados e mais de 20 milh\u00f5es de c\u00f3pias vendidas, o cantor Jos\u00e9 Augusto vai percorrer as principais cidades do pa\u00eds com a turn\u00ea \u2018Jos\u00e9 Augusto + Ac\u00fastico\u2019. Aracaju \u00e9 a segunda cidade a receber o espet\u00e1culo marcado para 13 de agosto, um dia ap\u00f3s a estreia em Salvador. A reportagem do G1 Sergipe aproveitou para conversar com o m\u00fasico sobre a turn\u00ea e o atual cen\u00e1rio musical brasileiro.<\/p>\n<div id=\"attachment_95070\" style=\"width: 610px\" class=\"wp-caption aligncenter\"><img loading=\"lazy\" decoding=\"async\" aria-describedby=\"caption-attachment-95070\" class=\"size-full wp-image-95070\" src=\"http:\/\/senoticias.com.br\/se\/wp-content\/uploads\/2016\/08\/Jose-Augusto-em-Aracaju-SE-Noticias.jpg\" alt=\"Cantor Jos\u00e9 Augusto faz show em Aracaju no dia 13 de agosto de 2016 (Foto: Daryan Dornelles\/Divulga\u00e7\u00e3o)\" width=\"600\" height=\"350\" srcset=\"https:\/\/senoticias.com.br\/se\/wp-content\/uploads\/2016\/08\/Jose-Augusto-em-Aracaju-SE-Noticias.jpg 600w, https:\/\/senoticias.com.br\/se\/wp-content\/uploads\/2016\/08\/Jose-Augusto-em-Aracaju-SE-Noticias-300x175.jpg 300w\" sizes=\"(max-width: 600px) 100vw, 600px\" \/><p id=\"caption-attachment-95070\" class=\"wp-caption-text\">Cantor Jos\u00e9 Augusto faz show em Aracaju no dia 13 de agosto de 2016 (Foto: Daryan Dornelles\/Divulga\u00e7\u00e3o)<\/p><\/div>\n<p style=\"text-align: justify;\">O show faz uma releitura dos sucessos que marcaram a carreira como: \u2018Sonho por Sonho\u2019, Fui Eu\u2019, \u2018A minha Hist\u00f3ria\u2019 e \u2018Chuva de Ver\u00e3o\u2019 gravadas com uma nova roupagem no \u00faltimo CD \u2018Jos\u00e9 Augusto, Duetos\u2019, produzido pelo maestro Julinho Teixeira. \u201cAl\u00e9m de ser meu amigo, ele \u00e9 muito competente. Dessa vez vou traz\u00ea-lo para o meu palco, coisa que ele nunca fez, mas consegui convenc\u00ea-lo\u201d, comemora.<\/p>\n<p style=\"text-align: justify;\">Jos\u00e9 Augusto conta que o p\u00fablico \u00e9 uma esp\u00e9cie de term\u00f4metro em um show e determina a qualidade do espet\u00e1culo. Mesmo com a experi\u00eancia de quatro d\u00e9cadas na m\u00fasica, o nervosismo sempre bate antes de subir no palco. \u201cMe sinto um iniciante todas \u00e0s vezes que vou entrar no palco. Sinto aquele nervoso e n\u00e3o quero perder isso nunca\u201d, declarou.<\/p>\n<p style=\"text-align: justify;\"><strong>Cen\u00e1rio Brasileiro<\/strong><\/p>\n<p style=\"text-align: justify;\">O m\u00fasico carioca reconhece que muitos trabalhos s\u00e3o feitos para apenas uma temporada, mas defende a tese que uma can\u00e7\u00e3o bem divulgada e trabalhada alavanca a carreira do artista. \u201cH\u00e1 uma pressa das gravadoras em trocar \u00e0s faixas sem que o ouvinte assimile a m\u00fasica. Isso \u00e9 prejudicial para quem est\u00e1 come\u00e7ando e quer fazer uma carreira longa. \u00c9 preciso marcar as can\u00e7\u00f5es. Mas tamb\u00e9m n\u00e3o vou ser demagogo, muita coisa \u00e9 gravada para fazer sucesso um m\u00eas\u201d, afirma Jos\u00e9 Augusto.<\/p>\n<p style=\"text-align: justify;\">As quatro d\u00e9cadas no mercado s\u00e3o a prova de que a tese do cantor faz sentido. Um rom\u00e2ntico, um sonhador, um cara que faz quest\u00e3o de estar perto dos amigos. \u201cQuero continuar cantando, compondo, interagindo mais com meus colegas. Tenho encontrado alguns nos palcos do Brasil, \u00e0s vezes dividindo o mesmo ambiente. S\u00e3o coisas que a gente vem sonhando e nos fazem bem.<\/p>\n<p style=\"text-align: justify;\">Quando a gente para de sonhar significa que a gente parou de ter um encantamento com a carreira. Continuo sonhando e planejando coisas\u201d, declarou.<\/p>\n<p style=\"text-align: justify;\"><strong>Servi\u00e7o<\/strong><\/p>\n<p style=\"text-align: justify;\">O show ser\u00e1 realizado no Miami Hall, localizado no Bairro Coroa do Meio, a partir das 22h. Os ingressos est\u00e3o \u00e0 venda no Shopping Jardins na Loja Litor Store Fernanda Lara Rocca e custam R$ 800,00 (mesa 4 pessoas &#8211; Setor Classe A) e R$ 700,00 ( mesa 4 pessoas &#8211; Setor classe B). Pista \u2013 50,00 e Camarote 90,00. (<strong class=\"fn\">Anderson Barbosa, d<\/strong><span class=\"adr\"><span class=\"locality\"><strong>o <a href=\"http:\/\/g1.globo.com\/se\/sergipe\/noticia\/2016\/08\/jose-augusto-lanca-turne-no-nordeste.html\">G1<\/a> SE<\/strong>)<\/span><\/span><\/p>\n<p style=\"text-align: justify;\"><img loading=\"lazy\" decoding=\"async\" class=\"aligncenter size-full wp-image-94839\" src=\"http:\/\/senoticias.com.br\/se\/wp-content\/uploads\/2016\/08\/Logo-fone-1.jpg\" alt=\"Logo-fone-1\" width=\"599\" height=\"78\" srcset=\"https:\/\/senoticias.com.br\/se\/wp-content\/uploads\/2016\/08\/Logo-fone-1.jpg 599w, https:\/\/senoticias.com.br\/se\/wp-content\/uploads\/2016\/08\/Logo-fone-1-300x39.jpg 300w, https:\/\/senoticias.com.br\/se\/wp-content\/uploads\/2016\/08\/Logo-fone-1-342x44.jpg 342w\" sizes=\"(max-width: 599px) 100vw, 599px\" \/><\/p>\n<p style=\"text-align: justify;\"><em><strong>Acompanhe tamb\u00e9m o SE Not\u00edcias no\u00a0<a href=\"https:\/\/twitter.com\/Senoticias\" target=\"_blank\">Twitter<\/a>,\u00a0<a href=\"https:\/\/www.facebook.com\/senoticias1\" target=\"_blank\">Facebook<\/a>\u00a0e no\u00a0<a href=\"https:\/\/www.instagram.com\/senoticias\/\" target=\"_blank\">Instagram<\/a><\/strong><\/em><\/p>\n","protected":false},"excerpt":{"rendered":"<p>Com 43 anos de carreira, 30 discos gravados e mais de 20 milh\u00f5es de c\u00f3pias vendidas, o cantor Jos\u00e9 Augusto vai percorrer as principais cidades do pa\u00eds com a turn\u00ea \u2018Jos\u00e9 Augusto + Ac\u00fastico\u2019. Aracaju \u00e9 a segunda cidade a receber o espet\u00e1culo marcado para 13 de agosto, um dia ap\u00f3s a estreia em Salvador. [&hellip;]<\/p>\n","protected":false},"author":2,"featured_media":95070,"comment_status":"closed","ping_status":"closed","sticky":false,"template":"","format":"standard","meta":{"footnotes":""},"categories":[22,8],"tags":[],"class_list":{"0":"post-95069","1":"post","2":"type-post","3":"status-publish","4":"format-standard","5":"has-post-thumbnail","7":"category-famosos","8":"category-esporte-e-cultura"},"_links":{"self":[{"href":"https:\/\/senoticias.com.br\/se\/wp-json\/wp\/v2\/posts\/95069"}],"collection":[{"href":"https:\/\/senoticias.com.br\/se\/wp-json\/wp\/v2\/posts"}],"about":[{"href":"https:\/\/senoticias.com.br\/se\/wp-json\/wp\/v2\/types\/post"}],"author":[{"embeddable":true,"href":"https:\/\/senoticias.com.br\/se\/wp-json\/wp\/v2\/users\/2"}],"replies":[{"embeddable":true,"href":"https:\/\/senoticias.com.br\/se\/wp-json\/wp\/v2\/comments?post=95069"}],"version-history":[{"count":0,"href":"https:\/\/senoticias.com.br\/se\/wp-json\/wp\/v2\/posts\/95069\/revisions"}],"wp:featuredmedia":[{"embeddable":true,"href":"https:\/\/senoticias.com.br\/se\/wp-json\/wp\/v2\/media\/95070"}],"wp:attachment":[{"href":"https:\/\/senoticias.com.br\/se\/wp-json\/wp\/v2\/media?parent=95069"}],"wp:term":[{"taxonomy":"category","embeddable":true,"href":"https:\/\/senoticias.com.br\/se\/wp-json\/wp\/v2\/categories?post=95069"},{"taxonomy":"post_tag","embeddable":true,"href":"https:\/\/senoticias.com.br\/se\/wp-json\/wp\/v2\/tags?post=95069"}],"curies":[{"name":"wp","href":"https:\/\/api.w.org\/{rel}","templated":true}]}}