{"id":95065,"date":"2016-08-09T17:36:46","date_gmt":"2016-08-09T20:36:46","guid":{"rendered":"http:\/\/senoticias.com.br\/se\/?p=95065"},"modified":"2019-05-04T16:20:12","modified_gmt":"2019-05-04T19:20:12","slug":"armando-batalha-ele-so-vai-assinar-a-ata-quem-vai-sentar-na-cadeira-sou-eu","status":"publish","type":"post","link":"https:\/\/senoticias.com.br\/se\/armando-batalha-ele-so-vai-assinar-a-ata-quem-vai-sentar-na-cadeira-sou-eu\/","title":{"rendered":"Armando Batalha: \u201cEle s\u00f3 vai assinar a ata. Quem vai sentar na cadeira sou eu\u201d; assista"},"content":{"rendered":"<p style=\"text-align: justify;\">Quem acompanhou o pleito de 2012 em S\u00e3o Crist\u00f3v\u00e3o, sabe que a classe pol\u00edtica daquele munic\u00edpio foi surpreendida com um gesto sagaz do prefeito Armando Batalha, que amea\u00e7ado de impugna\u00e7\u00e3o retirou-se da disputa faltando menos de 24 horas para a elei\u00e7\u00e3o e colocou para substitu\u00ed-lo a esposa Rivanda Batalha, que at\u00e9 renunciar o mandato por conta de den\u00fancias contra a gest\u00e3o, tinha que ouvir todos os dias, em v\u00e1rios lugares, que o prefeito de fato era Armando Batalha.<\/p>\n<div id=\"attachment_95077\" style=\"width: 536px\" class=\"wp-caption aligncenter\"><img loading=\"lazy\" decoding=\"async\" aria-describedby=\"caption-attachment-95077\" class=\"size-full wp-image-95077\" src=\"http:\/\/senoticias.com.br\/se\/wp-content\/uploads\/2016\/08\/ABN1.jpg\" alt=\"Na \u00faltima sexta-feira(5), Armando Batalha surpreendeu a comunidade sancristovense e fez grande festa de lan\u00e7amento da candidatura do seu filho Neto Batalha. (Foto: redes sociais)\" width=\"526\" height=\"526\" srcset=\"https:\/\/senoticias.com.br\/se\/wp-content\/uploads\/2016\/08\/ABN1.jpg 526w, https:\/\/senoticias.com.br\/se\/wp-content\/uploads\/2016\/08\/ABN1-150x150.jpg 150w, https:\/\/senoticias.com.br\/se\/wp-content\/uploads\/2016\/08\/ABN1-300x300.jpg 300w\" sizes=\"(max-width: 526px) 100vw, 526px\" \/><p id=\"caption-attachment-95077\" class=\"wp-caption-text\">Na \u00faltima sexta-feira(5), Armando Batalha surpreendeu a popula\u00e7\u00e3o sancristovense e fez grande festa de lan\u00e7amento da candidatura do seu filho Neto Batalha. (Foto: redes sociais)<\/p><\/div>\n<p style=\"text-align: justify;\">O ex-prefeito Armando Batalha n\u00e3o desistiu da pol\u00edtica, como havia dito que faria, durante uma entrevista a uma emissora de r\u00e1dio, quando afirmou que em 1\u00ba de janeiro, deixaria a vida p\u00fablica para retornar aos estudos e se dedicar aos seus neg\u00f3cios e fam\u00edlia.<\/p>\n<p style=\"text-align: justify;\">Parece que o projeto de Armando foi adiado por pelo menos 4 anos, j\u00e1 que est\u00e1 circulando um v\u00eddeo nas redes sociais onde ele aparece fazendo um discurso acalorado onde afirma que n\u00e3o tem tempo para ficar preocupado com impugna\u00e7\u00f5es, como \u201cquerem esses incompetentes que s\u00f3 sabem falar e falar\u201d. Armando disse que ap\u00f3s consulta \u201cdivina eu achei uma sa\u00edda Salomonica para voltar a sentar na cadeira de prefeito\u201d.<\/p>\n<p style=\"text-align: justify;\">Durante a sua fala no v\u00eddeo e que segundo informa\u00e7\u00f5es j\u00e1 est\u00e1 em poder do Minist\u00e9rio P\u00fablico Eleitoral, Armando garante que \u201cencontrei a sa\u00edda salomonica para que Armando volte a sentar na cadeira de prefeito a partir de 1\u00ba de janeiro. Porque ele apenas vai assinar a ata e vai para casa, porque quem vai sentar na cadeira sou eu\u201d, afirma durante a grava\u00e7\u00e3o do v\u00eddeo, em que ele pega um jovem pelo bra\u00e7o e o retira do local, encenando a sa\u00edda de quem vai assinar a \u201cata para ele sentar na cadeira de prefeito.<\/p>\n<p style=\"text-align: justify;\"><strong>Entrevista<\/strong> \u2013 no dia <a href=\"http:\/\/senoticias.com.br\/se\/2016\/07\/30\/ex-prefeito-armando-batalha-se-despede-da-vida-publica-e-ira-buscar-novos-projetos\/\"><strong>29 de julho, Armando Batalha<\/strong><\/a> concedeu entrevista a uma emissora de r\u00e1dio onde afirmou que \u201d eu pretendo viver tempos de paz. Vou cuidar da sa\u00fade, estudar l\u00ednguas e retornar ao mercado de trabalho\u201d, disse.<\/p>\n<p style=\"text-align: justify;\">Ainda durante a entrevista, Armando afirmou que n\u00e3o iria apoiar nenhum candidato este ano. \u201cEste ano n\u00e3o vou apoiar nenhum candidato e vou deixar o nosso povo de S\u00e3o Crist\u00f3v\u00e3o escolher. Encerro a carreira no dia 31 de dezembro quando encerra o mandato de meu amigo Jorj\u00e3o\u201d, afirmou.<\/p>\n<p style=\"text-align: justify;\"><img loading=\"lazy\" decoding=\"async\" class=\"aligncenter size-full wp-image-94839\" src=\"http:\/\/senoticias.com.br\/se\/wp-content\/uploads\/2016\/08\/Logo-fone-1.jpg\" alt=\"Logo-fone-1\" width=\"599\" height=\"78\" srcset=\"https:\/\/senoticias.com.br\/se\/wp-content\/uploads\/2016\/08\/Logo-fone-1.jpg 599w, https:\/\/senoticias.com.br\/se\/wp-content\/uploads\/2016\/08\/Logo-fone-1-300x39.jpg 300w, https:\/\/senoticias.com.br\/se\/wp-content\/uploads\/2016\/08\/Logo-fone-1-342x44.jpg 342w\" sizes=\"(max-width: 599px) 100vw, 599px\" \/><\/p>\n<p style=\"text-align: justify;\"><strong><em>Acompanhe tamb\u00e9m o SE Not\u00edcias no\u00a0<a href=\"https:\/\/twitter.com\/Senoticias\" target=\"_blank\" rel=\"noopener\">Twitter<\/a>,\u00a0<a href=\"https:\/\/www.facebook.com\/senoticias1\" target=\"_blank\" rel=\"noopener\">Facebook<\/a>\u00a0e no\u00a0<a href=\"https:\/\/www.instagram.com\/senoticias\/\" target=\"_blank\" rel=\"noopener\">Instagram<\/a><\/em><\/strong><\/p>\n<p><iframe loading=\"lazy\" src=\"https:\/\/www.youtube.com\/embed\/fWi7rkcceC4\" width=\"560\" height=\"315\" frameborder=\"0\" allowfullscreen=\"allowfullscreen\"><\/iframe><\/p>\n<p>Por Or\u00e1cio Oliveira, com\u00a0 informa\u00e7\u00f5es de Thiago Reis e Munir Darrage<\/p>\n","protected":false},"excerpt":{"rendered":"<p>Quem acompanhou o pleito de 2012 em S\u00e3o Crist\u00f3v\u00e3o, sabe que a classe pol\u00edtica daquele munic\u00edpio foi surpreendida com um gesto sagaz do prefeito Armando Batalha, que amea\u00e7ado de impugna\u00e7\u00e3o retirou-se da disputa faltando menos de 24 horas para a elei\u00e7\u00e3o e colocou para substitu\u00ed-lo a esposa Rivanda Batalha, que at\u00e9 renunciar o mandato por [&hellip;]<\/p>\n","protected":false},"author":6554,"featured_media":95077,"comment_status":"closed","ping_status":"closed","sticky":false,"template":"","format":"standard","meta":{"footnotes":""},"categories":[15,38],"tags":[],"class_list":{"0":"post-95065","1":"post","2":"type-post","3":"status-publish","4":"format-standard","5":"has-post-thumbnail","7":"category-destaques","8":"category-municipios"},"_links":{"self":[{"href":"https:\/\/senoticias.com.br\/se\/wp-json\/wp\/v2\/posts\/95065"}],"collection":[{"href":"https:\/\/senoticias.com.br\/se\/wp-json\/wp\/v2\/posts"}],"about":[{"href":"https:\/\/senoticias.com.br\/se\/wp-json\/wp\/v2\/types\/post"}],"author":[{"embeddable":true,"href":"https:\/\/senoticias.com.br\/se\/wp-json\/wp\/v2\/users\/6554"}],"replies":[{"embeddable":true,"href":"https:\/\/senoticias.com.br\/se\/wp-json\/wp\/v2\/comments?post=95065"}],"version-history":[{"count":0,"href":"https:\/\/senoticias.com.br\/se\/wp-json\/wp\/v2\/posts\/95065\/revisions"}],"wp:featuredmedia":[{"embeddable":true,"href":"https:\/\/senoticias.com.br\/se\/wp-json\/wp\/v2\/media\/95077"}],"wp:attachment":[{"href":"https:\/\/senoticias.com.br\/se\/wp-json\/wp\/v2\/media?parent=95065"}],"wp:term":[{"taxonomy":"category","embeddable":true,"href":"https:\/\/senoticias.com.br\/se\/wp-json\/wp\/v2\/categories?post=95065"},{"taxonomy":"post_tag","embeddable":true,"href":"https:\/\/senoticias.com.br\/se\/wp-json\/wp\/v2\/tags?post=95065"}],"curies":[{"name":"wp","href":"https:\/\/api.w.org\/{rel}","templated":true}]}}