{"id":95063,"date":"2016-08-09T07:11:18","date_gmt":"2016-08-09T10:11:18","guid":{"rendered":"http:\/\/senoticias.com.br\/se\/?p=95063"},"modified":"2016-08-10T15:31:41","modified_gmt":"2016-08-10T18:31:41","slug":"sempre-defendemos-que-todas-as-denuncias-fossem-apuradas-diz-joao-daniel","status":"publish","type":"post","link":"https:\/\/senoticias.com.br\/se\/sempre-defendemos-que-todas-as-denuncias-fossem-apuradas-diz-joao-daniel\/","title":{"rendered":"Sempre defendemos que todas as den\u00fancias fossem apuradas, diz Jo\u00e3o Daniel"},"content":{"rendered":"<div id=\"attachment_95064\" style=\"width: 403px\" class=\"wp-caption alignright\"><img loading=\"lazy\" decoding=\"async\" aria-describedby=\"caption-attachment-95064\" class=\"size-full wp-image-95064\" src=\"http:\/\/senoticias.com.br\/se\/wp-content\/uploads\/2016\/08\/Joao-Daniel-SE-Noticias.jpg\" alt=\"Sempre defendemos que todas as den\u00fancias fossem apuradas, diz Jo\u00e3o Daniel. (Foto: M\u00e1rcio garcez)\" width=\"393\" height=\"262\" srcset=\"https:\/\/senoticias.com.br\/se\/wp-content\/uploads\/2016\/08\/Joao-Daniel-SE-Noticias.jpg 393w, https:\/\/senoticias.com.br\/se\/wp-content\/uploads\/2016\/08\/Joao-Daniel-SE-Noticias-300x200.jpg 300w, https:\/\/senoticias.com.br\/se\/wp-content\/uploads\/2016\/08\/Joao-Daniel-SE-Noticias-90x60.jpg 90w, https:\/\/senoticias.com.br\/se\/wp-content\/uploads\/2016\/08\/Joao-Daniel-SE-Noticias-180x120.jpg 180w, https:\/\/senoticias.com.br\/se\/wp-content\/uploads\/2016\/08\/Joao-Daniel-SE-Noticias-95x64.jpg 95w\" sizes=\"(max-width: 393px) 100vw, 393px\" \/><p id=\"caption-attachment-95064\" class=\"wp-caption-text\">Sempre defendemos que todas as den\u00fancias fossem apuradas, diz Jo\u00e3o Daniel. (Foto: M\u00e1rcio garcez)<\/p><\/div>\n<p style=\"text-align: justify;\">Depois de quase 10 meses de processo se arrastando, finalmente foi lido em plen\u00e1rio, na sess\u00e3o desta segunda-feira, dia 8, o parecer do Conselho de \u00c9tica da C\u00e2mara dos Deputados que pede a cassa\u00e7\u00e3o do deputado e ex-presidente da Casa, Eduardo Cunha (PMDB). O deputado Jo\u00e3o Daniel (PT\/SE) defende que o processo seja colocado em vota\u00e7\u00e3o no plen\u00e1rio da C\u00e2mara at\u00e9 a pr\u00f3xima quarta-feira.<\/p>\n<p style=\"text-align: justify;\">Em discurso realizado na sess\u00e3o desta segunda-feira, Jo\u00e3o Daniel lembrou que teve a satisfa\u00e7\u00e3o de poder encabe\u00e7ar, junto com outros parlamentares, a iniciativa do afastamento de Eduardo Cunha desde o primeiro momento, para que as den\u00fancias feitas pelo Minist\u00e9rio P\u00fablico da Su\u00ed\u00e7a e do Brasil contra o ent\u00e3o presidente da C\u00e2mara fossem apuradas e ele fosse afastado para que fizesse sua ampla defesa. \u201cN\u00e3o ocorreu e o que vimos foi uma grave crise pol\u00edtica criada com o objetivo de derrubar e cassar o mandato da presidenta Dilma Rousseff, orquestrado e apoiado pela oposi\u00e7\u00e3o, especialmente o PSDB de A\u00e9cio Neves, e apoiado pela Fiesp e setores conservadores\u201d, disse.<\/p>\n<p style=\"text-align: justify;\">Em outubro do ano passado, o deputado Jo\u00e3o Daniel assinou a representa\u00e7\u00e3o apresentada por um grupo de parlamentares contra o ent\u00e3o presidente da C\u00e2mara. O documento foi protocolado no dia 7 de outubro na Corregedoria da Casa, para que sejam investigadas as graves den\u00fancias contra o presidente, a partir das informa\u00e7\u00f5es passadas pelo Minist\u00e9rio P\u00fablico su\u00ed\u00e7o sobre a exist\u00eancia de contas em nome de Eduardo Cunha, contradizendo o depoimento dele na Comiss\u00e3o Parlamentar de Inqu\u00e9rito (CPI) da Petrobras, quando negou possuir contas no exterior.<\/p>\n<p style=\"text-align: justify;\">O deputado Jo\u00e3o Daniel acredita que esta cassa\u00e7\u00e3o \u00e9 important\u00edssima e avaliou que tamb\u00e9m se d\u00ea nomes a todos que s\u00e3o insinuados, permanentemente, na imprensa que existem mais de 100 pessoas, inclusive ministros e empres\u00e1rios, por tr\u00e1s de tudo isso. \u201cSempre defendemos que todas as den\u00fancias sejam apuradas e todos os denunciados tenham amplo direito de defesa e sejam punidos, na medida que for comprovado\u201d, colocou.<\/p>\n<p style=\"text-align: justify;\"><img loading=\"lazy\" decoding=\"async\" class=\"aligncenter size-full wp-image-94839\" src=\"http:\/\/senoticias.com.br\/se\/wp-content\/uploads\/2016\/08\/Logo-fone-1.jpg\" alt=\"Logo-fone-1\" width=\"599\" height=\"78\" srcset=\"https:\/\/senoticias.com.br\/se\/wp-content\/uploads\/2016\/08\/Logo-fone-1.jpg 599w, https:\/\/senoticias.com.br\/se\/wp-content\/uploads\/2016\/08\/Logo-fone-1-300x39.jpg 300w, https:\/\/senoticias.com.br\/se\/wp-content\/uploads\/2016\/08\/Logo-fone-1-342x44.jpg 342w\" sizes=\"(max-width: 599px) 100vw, 599px\" \/><\/p>\n<p style=\"text-align: justify;\"><em><strong>Acompanhe tamb\u00e9m o SE Not\u00edcias no <a href=\"https:\/\/twitter.com\/Senoticias\" target=\"_blank\">Twitter<\/a>, <a href=\"https:\/\/www.facebook.com\/senoticias1\" target=\"_blank\">Facebook<\/a> e no Instagram<\/strong><\/em><\/p>\n<p style=\"text-align: justify;\"><em>Da Assessoria de Imprensa<\/em><\/p>\n","protected":false},"excerpt":{"rendered":"<p>Depois de quase 10 meses de processo se arrastando, finalmente foi lido em plen\u00e1rio, na sess\u00e3o desta segunda-feira, dia 8, o parecer do Conselho de \u00c9tica da C\u00e2mara dos Deputados que pede a cassa\u00e7\u00e3o do deputado e ex-presidente da Casa, Eduardo Cunha (PMDB). O deputado Jo\u00e3o Daniel (PT\/SE) defende que o processo seja colocado em [&hellip;]<\/p>\n","protected":false},"author":2,"featured_media":95064,"comment_status":"closed","ping_status":"closed","sticky":false,"template":"","format":"standard","meta":{"footnotes":""},"categories":[6],"tags":[],"class_list":{"0":"post-95063","1":"post","2":"type-post","3":"status-publish","4":"format-standard","5":"has-post-thumbnail","7":"category-politica"},"_links":{"self":[{"href":"https:\/\/senoticias.com.br\/se\/wp-json\/wp\/v2\/posts\/95063"}],"collection":[{"href":"https:\/\/senoticias.com.br\/se\/wp-json\/wp\/v2\/posts"}],"about":[{"href":"https:\/\/senoticias.com.br\/se\/wp-json\/wp\/v2\/types\/post"}],"author":[{"embeddable":true,"href":"https:\/\/senoticias.com.br\/se\/wp-json\/wp\/v2\/users\/2"}],"replies":[{"embeddable":true,"href":"https:\/\/senoticias.com.br\/se\/wp-json\/wp\/v2\/comments?post=95063"}],"version-history":[{"count":0,"href":"https:\/\/senoticias.com.br\/se\/wp-json\/wp\/v2\/posts\/95063\/revisions"}],"wp:featuredmedia":[{"embeddable":true,"href":"https:\/\/senoticias.com.br\/se\/wp-json\/wp\/v2\/media\/95064"}],"wp:attachment":[{"href":"https:\/\/senoticias.com.br\/se\/wp-json\/wp\/v2\/media?parent=95063"}],"wp:term":[{"taxonomy":"category","embeddable":true,"href":"https:\/\/senoticias.com.br\/se\/wp-json\/wp\/v2\/categories?post=95063"},{"taxonomy":"post_tag","embeddable":true,"href":"https:\/\/senoticias.com.br\/se\/wp-json\/wp\/v2\/tags?post=95063"}],"curies":[{"name":"wp","href":"https:\/\/api.w.org\/{rel}","templated":true}]}}