{"id":95061,"date":"2016-08-09T06:53:37","date_gmt":"2016-08-09T09:53:37","guid":{"rendered":"http:\/\/senoticias.com.br\/se\/?p=95061"},"modified":"2016-08-09T06:53:37","modified_gmt":"2016-08-09T09:53:37","slug":"homem-e-preso-em-flagrante-apos-arrombar-creche-em-capela","status":"publish","type":"post","link":"https:\/\/senoticias.com.br\/se\/homem-e-preso-em-flagrante-apos-arrombar-creche-em-capela\/","title":{"rendered":"Homem \u00e9 preso em flagrante ap\u00f3s arrombar creche em Capela"},"content":{"rendered":"<p style=\"text-align: justify;\">Nesta segunda-feira, 8, policiais civis da Delegacia de Capela prenderam em flagrante\u00a0Danilo F\u00e1bio dos Santos, 27 anos,\u00a0 ap\u00f3s ele arrombar uma creche municipal no in\u00edcio da manh\u00e3 e subtrair alguns objetos.<\/p>\n<div id=\"attachment_95062\" style=\"width: 591px\" class=\"wp-caption aligncenter\"><img loading=\"lazy\" decoding=\"async\" aria-describedby=\"caption-attachment-95062\" class=\"size-full wp-image-95062\" src=\"http:\/\/senoticias.com.br\/se\/wp-content\/uploads\/2016\/08\/Suspeito-preso-em-Capela-SE-Noticias.jpg\" alt=\"O suspeito encontra-se preso \u00e0 disposi\u00e7\u00e3o da Justi\u00e7a de Capela.(Foto: SSP\/SE)\" width=\"581\" height=\"778\" srcset=\"https:\/\/senoticias.com.br\/se\/wp-content\/uploads\/2016\/08\/Suspeito-preso-em-Capela-SE-Noticias.jpg 581w, https:\/\/senoticias.com.br\/se\/wp-content\/uploads\/2016\/08\/Suspeito-preso-em-Capela-SE-Noticias-224x300.jpg 224w\" sizes=\"(max-width: 581px) 100vw, 581px\" \/><p id=\"caption-attachment-95062\" class=\"wp-caption-text\">O suspeito encontra-se preso \u00e0 disposi\u00e7\u00e3o da Justi\u00e7a de Capela.(Foto: SSP\/SE)<\/p><\/div>\n<p style=\"text-align: justify;\">\n<p style=\"text-align: justify;\">De acordo com a delegada Mariana Amorim, populares denunciaram o autor do fato. O mesmo foi encontrado ainda com o paralelep\u00edpedo usado para quebrar o vidro da janela.<\/p>\n<p style=\"text-align: justify;\">Ainda segundo a delegada, Danilo encontrava-se em liberdade condicional e responde por v\u00e1rios outros delitos na cidade.\u00a0 O acusado encontra-se preso \u00e0 disposi\u00e7\u00e3o da Justi\u00e7a de Capela.<\/p>\n<p style=\"text-align: justify;\"><img loading=\"lazy\" decoding=\"async\" class=\"aligncenter size-full wp-image-94839\" src=\"http:\/\/senoticias.com.br\/se\/wp-content\/uploads\/2016\/08\/Logo-fone-1.jpg\" alt=\"Logo-fone-1\" width=\"599\" height=\"78\" srcset=\"https:\/\/senoticias.com.br\/se\/wp-content\/uploads\/2016\/08\/Logo-fone-1.jpg 599w, https:\/\/senoticias.com.br\/se\/wp-content\/uploads\/2016\/08\/Logo-fone-1-300x39.jpg 300w, https:\/\/senoticias.com.br\/se\/wp-content\/uploads\/2016\/08\/Logo-fone-1-342x44.jpg 342w\" sizes=\"(max-width: 599px) 100vw, 599px\" \/><\/p>\n<p style=\"text-align: justify;\"><em><strong>Acompanhe tamb\u00e9m o SE Not\u00edcias no\u00a0<a href=\"https:\/\/twitter.com\/Senoticias\" target=\"_blank\">Twitter<\/a>,\u00a0<a href=\"https:\/\/www.facebook.com\/senoticias1\" target=\"_blank\">Facebook<\/a>\u00a0e no\u00a0<a href=\"https:\/\/www.instagram.com\/senoticias\/\" target=\"_blank\">Instagram<\/a><\/strong><\/em><\/p>\n<p style=\"text-align: justify;\"><em>Informa\u00e7\u00f5es da SSP\/SE<\/em><\/p>\n","protected":false},"excerpt":{"rendered":"<p>Nesta segunda-feira, 8, policiais civis da Delegacia de Capela prenderam em flagrante\u00a0Danilo F\u00e1bio dos Santos, 27 anos,\u00a0 ap\u00f3s ele arrombar uma creche municipal no in\u00edcio da manh\u00e3 e subtrair alguns objetos. De acordo com a delegada Mariana Amorim, populares denunciaram o autor do fato. O mesmo foi encontrado ainda com o paralelep\u00edpedo usado para quebrar [&hellip;]<\/p>\n","protected":false},"author":2,"featured_media":95062,"comment_status":"closed","ping_status":"closed","sticky":false,"template":"","format":"standard","meta":{"footnotes":""},"categories":[15,7],"tags":[],"class_list":{"0":"post-95061","1":"post","2":"type-post","3":"status-publish","4":"format-standard","5":"has-post-thumbnail","7":"category-destaques","8":"category-policia"},"_links":{"self":[{"href":"https:\/\/senoticias.com.br\/se\/wp-json\/wp\/v2\/posts\/95061"}],"collection":[{"href":"https:\/\/senoticias.com.br\/se\/wp-json\/wp\/v2\/posts"}],"about":[{"href":"https:\/\/senoticias.com.br\/se\/wp-json\/wp\/v2\/types\/post"}],"author":[{"embeddable":true,"href":"https:\/\/senoticias.com.br\/se\/wp-json\/wp\/v2\/users\/2"}],"replies":[{"embeddable":true,"href":"https:\/\/senoticias.com.br\/se\/wp-json\/wp\/v2\/comments?post=95061"}],"version-history":[{"count":0,"href":"https:\/\/senoticias.com.br\/se\/wp-json\/wp\/v2\/posts\/95061\/revisions"}],"wp:featuredmedia":[{"embeddable":true,"href":"https:\/\/senoticias.com.br\/se\/wp-json\/wp\/v2\/media\/95062"}],"wp:attachment":[{"href":"https:\/\/senoticias.com.br\/se\/wp-json\/wp\/v2\/media?parent=95061"}],"wp:term":[{"taxonomy":"category","embeddable":true,"href":"https:\/\/senoticias.com.br\/se\/wp-json\/wp\/v2\/categories?post=95061"},{"taxonomy":"post_tag","embeddable":true,"href":"https:\/\/senoticias.com.br\/se\/wp-json\/wp\/v2\/tags?post=95061"}],"curies":[{"name":"wp","href":"https:\/\/api.w.org\/{rel}","templated":true}]}}