{"id":95055,"date":"2016-08-08T17:57:51","date_gmt":"2016-08-08T20:57:51","guid":{"rendered":"http:\/\/senoticias.com.br\/se\/?p=95055"},"modified":"2016-08-09T18:27:41","modified_gmt":"2016-08-09T21:27:41","slug":"senac-divulga-cursos-para-setembro-outubro-novembro-e-dezembro","status":"publish","type":"post","link":"https:\/\/senoticias.com.br\/se\/senac-divulga-cursos-para-setembro-outubro-novembro-e-dezembro\/","title":{"rendered":"Senac divulga cursos para setembro, outubro, novembro e dezembro"},"content":{"rendered":"<p style=\"text-align: justify;\">Come\u00e7a nesta segunda-feira (8) o per\u00edodo de inscri\u00e7\u00f5es para cursos que ser\u00e3o ministrados nos meses de setembro, outubro, novembro e dezembro no Senac em Aracaju.<\/p>\n<div id=\"attachment_74755\" style=\"width: 478px\" class=\"wp-caption aligncenter\"><img loading=\"lazy\" decoding=\"async\" aria-describedby=\"caption-attachment-74755\" class=\"size-full wp-image-74755\" src=\"http:\/\/senoticias.com.br\/se\/wp-content\/uploads\/2015\/01\/cursos_gratuitos_senac1.jpg\" alt=\"Matr\u00edculas poder\u00e3o ser feitas de segunda a sexta-feira, das 8h30 \u00e0s 19h. (Imagem \/divulga\u00e7\u00e3o)\" width=\"468\" height=\"274\" srcset=\"https:\/\/senoticias.com.br\/se\/wp-content\/uploads\/2015\/01\/cursos_gratuitos_senac1.jpg 468w, https:\/\/senoticias.com.br\/se\/wp-content\/uploads\/2015\/01\/cursos_gratuitos_senac1-300x175.jpg 300w, https:\/\/senoticias.com.br\/se\/wp-content\/uploads\/2015\/01\/cursos_gratuitos_senac1-342x200.jpg 342w\" sizes=\"(max-width: 468px) 100vw, 468px\" \/><p id=\"caption-attachment-74755\" class=\"wp-caption-text\">Matr\u00edculas poder\u00e3o ser feitas de segunda a sexta-feira, das 8h30 \u00e0s 19h. (Imagem \/divulga\u00e7\u00e3o)<\/p><\/div>\n<p style=\"text-align: justify;\">As matr\u00edculas poder\u00e3o ser feitas de segunda a sexta-feira, das 8h30 \u00e0s 19h, na Central de Atendimento da institui\u00e7\u00e3o de ensino localizada na Av. Ivo do Prado, 564, no Bairro S\u00e3o Jos\u00e9 em Aracaju. Mais informa\u00e7\u00f5es atrav\u00e9s dos telefones (79) 3212-1560 ou final 1561.<\/p>\n<p style=\"text-align: justify;\">Nesta segunda (8) come\u00e7am as inscri\u00e7\u00f5es para os cursos de beleza, j\u00e1 na ter\u00e7a-feira (9) ser\u00e1 a vez dos de culin\u00e1ria. A partir da pr\u00f3xima quarta-feira (10) ser\u00e1 a vez dos demais cursos inform\u00e1tica, gest\u00e3o e neg\u00f3cios, sa\u00fade, idiomas e comunica\u00e7\u00e3o (ingl\u00eas, orat\u00f3ria e t\u00e9cnico em r\u00e1dio e TV), infraestrutura, meio ambiente, turismo e arte.<\/p>\n<p style=\"text-align: justify;\">As unidades de Lagarto, Itabaiana e Tobias Barreto tamb\u00e9m t\u00eam cursos com vagas dispon\u00edveis. <em>(Informa\u00e7\u00f5es do G1 SE)<\/em><\/p>\n<p style=\"text-align: justify;\"><img loading=\"lazy\" decoding=\"async\" class=\"aligncenter size-full wp-image-94839\" src=\"http:\/\/senoticias.com.br\/se\/wp-content\/uploads\/2016\/08\/Logo-fone-1.jpg\" alt=\"Logo-fone-1\" width=\"599\" height=\"78\" srcset=\"https:\/\/senoticias.com.br\/se\/wp-content\/uploads\/2016\/08\/Logo-fone-1.jpg 599w, https:\/\/senoticias.com.br\/se\/wp-content\/uploads\/2016\/08\/Logo-fone-1-300x39.jpg 300w, https:\/\/senoticias.com.br\/se\/wp-content\/uploads\/2016\/08\/Logo-fone-1-342x44.jpg 342w\" sizes=\"(max-width: 599px) 100vw, 599px\" \/><\/p>\n<p style=\"text-align: justify;\"><em><strong>Acompanhe tamb\u00e9m o SE Not\u00edcias no\u00a0<a href=\"https:\/\/twitter.com\/Senoticias\" target=\"_blank\">Twitter<\/a>,\u00a0<a href=\"https:\/\/www.facebook.com\/senoticias1\" target=\"_blank\">Facebook<\/a>\u00a0e no\u00a0<a href=\"https:\/\/www.instagram.com\/senoticias\/\" target=\"_blank\">Instagram<\/a><\/strong><\/em><\/p>\n","protected":false},"excerpt":{"rendered":"<p>Come\u00e7a nesta segunda-feira (8) o per\u00edodo de inscri\u00e7\u00f5es para cursos que ser\u00e3o ministrados nos meses de setembro, outubro, novembro e dezembro no Senac em Aracaju. As matr\u00edculas poder\u00e3o ser feitas de segunda a sexta-feira, das 8h30 \u00e0s 19h, na Central de Atendimento da institui\u00e7\u00e3o de ensino localizada na Av. Ivo do Prado, 564, no Bairro [&hellip;]<\/p>\n","protected":false},"author":2,"featured_media":74755,"comment_status":"closed","ping_status":"closed","sticky":false,"template":"","format":"standard","meta":{"footnotes":""},"categories":[15,6],"tags":[],"class_list":{"0":"post-95055","1":"post","2":"type-post","3":"status-publish","4":"format-standard","5":"has-post-thumbnail","7":"category-destaques","8":"category-politica"},"_links":{"self":[{"href":"https:\/\/senoticias.com.br\/se\/wp-json\/wp\/v2\/posts\/95055"}],"collection":[{"href":"https:\/\/senoticias.com.br\/se\/wp-json\/wp\/v2\/posts"}],"about":[{"href":"https:\/\/senoticias.com.br\/se\/wp-json\/wp\/v2\/types\/post"}],"author":[{"embeddable":true,"href":"https:\/\/senoticias.com.br\/se\/wp-json\/wp\/v2\/users\/2"}],"replies":[{"embeddable":true,"href":"https:\/\/senoticias.com.br\/se\/wp-json\/wp\/v2\/comments?post=95055"}],"version-history":[{"count":0,"href":"https:\/\/senoticias.com.br\/se\/wp-json\/wp\/v2\/posts\/95055\/revisions"}],"wp:featuredmedia":[{"embeddable":true,"href":"https:\/\/senoticias.com.br\/se\/wp-json\/wp\/v2\/media\/74755"}],"wp:attachment":[{"href":"https:\/\/senoticias.com.br\/se\/wp-json\/wp\/v2\/media?parent=95055"}],"wp:term":[{"taxonomy":"category","embeddable":true,"href":"https:\/\/senoticias.com.br\/se\/wp-json\/wp\/v2\/categories?post=95055"},{"taxonomy":"post_tag","embeddable":true,"href":"https:\/\/senoticias.com.br\/se\/wp-json\/wp\/v2\/tags?post=95055"}],"curies":[{"name":"wp","href":"https:\/\/api.w.org\/{rel}","templated":true}]}}