{"id":95050,"date":"2016-08-08T15:38:55","date_gmt":"2016-08-08T18:38:55","guid":{"rendered":"http:\/\/senoticias.com.br\/se\/?p=95050"},"modified":"2016-08-08T16:00:53","modified_gmt":"2016-08-08T19:00:53","slug":"sergipe-e-air-europa-promovem-acoes-conjuntas-para-colocar-sergipe-no-roteiro-dos-passageiros-europeus-da-aerea","status":"publish","type":"post","link":"https:\/\/senoticias.com.br\/se\/sergipe-e-air-europa-promovem-acoes-conjuntas-para-colocar-sergipe-no-roteiro-dos-passageiros-europeus-da-aerea\/","title":{"rendered":"Sergipe e Air Europa promovem a\u00e7\u00f5es conjuntas para colocar Sergipe no roteiro dos passageiros europeus da a\u00e9rea"},"content":{"rendered":"<p style=\"text-align: justify;\">O secret\u00e1rio de Estado do Turismo e do Esporte, Saulo Eloy e o diretor da Air Europa, Enrique Ambrosio, estiveram reunidos em Aracaju para tratar de a\u00e7\u00f5es conjuntas destinadas ao incremento da capta\u00e7\u00e3o de turistas europeus para Sergipe. O projeto inclui o estado como um dos destinos tur\u00edsticos ofertados pela a\u00e9rea no continente europeu e faz parte de um conjunto amplo de prospec\u00e7\u00e3o de oportunidades, que d\u00e1 ao nosso estado a garantia de atingir novos nichos de mercado.<\/p>\n<div id=\"attachment_95051\" style=\"width: 609px\" class=\"wp-caption aligncenter\"><img loading=\"lazy\" decoding=\"async\" aria-describedby=\"caption-attachment-95051\" class=\"size-full wp-image-95051\" src=\"http:\/\/senoticias.com.br\/se\/wp-content\/uploads\/2016\/08\/Turismo-em-Sergipe-SE-Noticias-e1470681272511.jpg\" alt=\"O secret\u00e1rio de Estado do Turismo e do Esporte, Saulo Eloy e o diretor da Air Europa, Enrique Ambrosio, estiveram reunidos em Aracaju para tratar de a\u00e7\u00f5es conjuntas destinadas ao incremento da capta\u00e7\u00e3o de turistas europeus para Sergipe. (Foto: ascom\/Stesp)\" width=\"599\" height=\"337\" \/><p id=\"caption-attachment-95051\" class=\"wp-caption-text\">O secret\u00e1rio de Estado do Turismo e do Esporte, Saulo Eloy e o diretor da Air Europa, Enrique Ambrosio, estiveram reunidos em Aracaju para tratar de a\u00e7\u00f5es conjuntas destinadas ao incremento da capta\u00e7\u00e3o de turistas europeus para Sergipe. (Foto: ascom\/Stesp)<\/p><\/div>\n<p style=\"text-align: justify;\">O projeto tem como objetivo formalizar uma parceria perene com a Air Europa que trar\u00e1 turistas europeus, a partir dos voos regulares direto de Madri e outras cidades europ\u00e9ias para Salvador, na Bahia. Ou seja, a empresa ofertar\u00e1 aos seus passageiros &#8211; em parceria com ag\u00eancias de turismo sergipanas e da Bahia, governo sergipano e companhias a\u00e9reas nacionais &#8211; a extens\u00e3o para Sergipe, sem nenhum custo adicional de transporte. Cada turista interessado em visitar o estado vai arcar apenas com os custos de hospedagem e de receptivo local, o que torna a oferta muito atrativa.<\/p>\n<p style=\"text-align: justify;\">Enrique Ambr\u00f3sio disse que essa parceria ser\u00e1 atrav\u00e9s de interface entre Air Europa e os agentes de viagem de Sergipe e da Bahia, j\u00e1 que a companhia a\u00e9rea tem no destino baiano um dos seus principais pontos de opera\u00e7\u00e3o na Am\u00e9rica do Sul. \u201cEstamos consolidados na Bahia h\u00e1 anos e queremos colocar Sergipe como incremento, como um plus no produto tur\u00edstico que j\u00e1 vendemos na Europa\u201d, relatou Enrique.<\/p>\n<p style=\"text-align: justify;\">A parceria firma o nome de Sergipe como um destino tur\u00edstico forte, que ser\u00e1 amplamente divulgado pela companhia a\u00e9rea \u2013 uma das maiores da Europa \u2013, aumentando a capta\u00e7\u00e3o de turistas internacionais e movimentando a cadeia produtiva do turismo no estado.<\/p>\n<p style=\"text-align: justify;\">O secret\u00e1rio Saulo Eloy destaca a magnitude do projeto para o turismo sergipano. \u201cFaz parte do projeto para o turismo sergipano ter a\u00e7\u00f5es capazes de dar sustenta\u00e7\u00e3o econ\u00f4mica \u00e0 cadeia produtiva, buscando novos mercados de maneira inteligente, com foco\u201d. Segundo ele \u201c\u00e9 fundamental o apoio de todos os agentes participantes da cadeia produtiva para que o projeto se fortale\u00e7a, pois ser\u00e1 de grande import\u00e2ncia para o nosso estado\u201d.<\/p>\n<p style=\"text-align: justify;\">A Air Europa L\u00edneas A\u00e9reas \u00e9 uma companhia a\u00e9rea espanhola fundada em 1986, com sede na cidade de Palma de Mallorca. \u00c9 a divis\u00e3o a\u00e9rea do grupo Glob\u00e1lia. A rede de voos abrange uma grande parte do territ\u00f3rio nacional espanhol, assim como destinos europeus e do Norte de \u00c1frica (Paris, Mil\u00e3o, Roma, Veneza, Lisboa, Tun\u00edsia, Marrakech, transoce\u00e2nicos (Brasil, Argentina, Peru, Cuba, M\u00e9xico, Rep\u00fablica Dominicana, Venezuela, Miami e Nova Iorque, dentre outros.<\/p>\n<p style=\"text-align: justify;\"><img loading=\"lazy\" decoding=\"async\" class=\"aligncenter size-full wp-image-94839\" src=\"http:\/\/senoticias.com.br\/se\/wp-content\/uploads\/2016\/08\/Logo-fone-1.jpg\" alt=\"Logo-fone-1\" width=\"599\" height=\"78\" srcset=\"https:\/\/senoticias.com.br\/se\/wp-content\/uploads\/2016\/08\/Logo-fone-1.jpg 599w, https:\/\/senoticias.com.br\/se\/wp-content\/uploads\/2016\/08\/Logo-fone-1-300x39.jpg 300w, https:\/\/senoticias.com.br\/se\/wp-content\/uploads\/2016\/08\/Logo-fone-1-342x44.jpg 342w\" sizes=\"(max-width: 599px) 100vw, 599px\" \/><\/p>\n<p style=\"text-align: justify;\"><em><strong>Acompanhe tamb\u00e9m o SE Not\u00edcias no <a href=\"https:\/\/twitter.com\/Senoticias\" target=\"_blank\">Twitter<\/a>, <a href=\"https:\/\/www.facebook.com\/senoticias1\" target=\"_blank\">Facebook<\/a> e no Instagram<\/strong><\/em><\/p>\n<p><em>ASCOM SETESP<\/em><\/p>\n","protected":false},"excerpt":{"rendered":"<p>O secret\u00e1rio de Estado do Turismo e do Esporte, Saulo Eloy e o diretor da Air Europa, Enrique Ambrosio, estiveram reunidos em Aracaju para tratar de a\u00e7\u00f5es conjuntas destinadas ao incremento da capta\u00e7\u00e3o de turistas europeus para Sergipe. O projeto inclui o estado como um dos destinos tur\u00edsticos ofertados pela a\u00e9rea no continente europeu e [&hellip;]<\/p>\n","protected":false},"author":2,"featured_media":95051,"comment_status":"closed","ping_status":"closed","sticky":false,"template":"","format":"standard","meta":{"footnotes":""},"categories":[6],"tags":[],"class_list":{"0":"post-95050","1":"post","2":"type-post","3":"status-publish","4":"format-standard","5":"has-post-thumbnail","7":"category-politica"},"_links":{"self":[{"href":"https:\/\/senoticias.com.br\/se\/wp-json\/wp\/v2\/posts\/95050"}],"collection":[{"href":"https:\/\/senoticias.com.br\/se\/wp-json\/wp\/v2\/posts"}],"about":[{"href":"https:\/\/senoticias.com.br\/se\/wp-json\/wp\/v2\/types\/post"}],"author":[{"embeddable":true,"href":"https:\/\/senoticias.com.br\/se\/wp-json\/wp\/v2\/users\/2"}],"replies":[{"embeddable":true,"href":"https:\/\/senoticias.com.br\/se\/wp-json\/wp\/v2\/comments?post=95050"}],"version-history":[{"count":0,"href":"https:\/\/senoticias.com.br\/se\/wp-json\/wp\/v2\/posts\/95050\/revisions"}],"wp:featuredmedia":[{"embeddable":true,"href":"https:\/\/senoticias.com.br\/se\/wp-json\/wp\/v2\/media\/95051"}],"wp:attachment":[{"href":"https:\/\/senoticias.com.br\/se\/wp-json\/wp\/v2\/media?parent=95050"}],"wp:term":[{"taxonomy":"category","embeddable":true,"href":"https:\/\/senoticias.com.br\/se\/wp-json\/wp\/v2\/categories?post=95050"},{"taxonomy":"post_tag","embeddable":true,"href":"https:\/\/senoticias.com.br\/se\/wp-json\/wp\/v2\/tags?post=95050"}],"curies":[{"name":"wp","href":"https:\/\/api.w.org\/{rel}","templated":true}]}}