{"id":95047,"date":"2016-08-08T15:04:24","date_gmt":"2016-08-08T18:04:24","guid":{"rendered":"http:\/\/senoticias.com.br\/se\/?p=95047"},"modified":"2016-08-08T15:27:37","modified_gmt":"2016-08-08T18:27:37","slug":"pac-movel-e-novas-delegacias-plantonistas-ampliam-seguranca","status":"publish","type":"post","link":"https:\/\/senoticias.com.br\/se\/pac-movel-e-novas-delegacias-plantonistas-ampliam-seguranca\/","title":{"rendered":"PAC M\u00f3vel e novas delegacias plantonistas ampliam seguran\u00e7a"},"content":{"rendered":"<div align=\"justify\">\n<p>Era tarde de quarta-feira quando a pra\u00e7a Ulisses Guimar\u00e3es, no bairro Santos Dumont, estava ocupada por pessoas da comunidade. Crian\u00e7as brincavam em balan\u00e7os, pais as observavam e adolescentes andavam de skate na quadra. Segundo relato dos moradores, o passeio na \u00e1rea p\u00fablica apenas era poss\u00edvel por conta da presen\u00e7a permanente do Posto de Atendimento ao Cidad\u00e3o (PAC) M\u00f3vel. A base de policiamento ostensivo da Pol\u00edcia Militar (PM), tamb\u00e9m presente em outros bairros de Aracaju e em cidades do interior, garante a seguran\u00e7a da popula\u00e7\u00e3o. Ao todo, s\u00e3o 32 ve\u00edculos do tipo furg\u00e3o, no qual equipes est\u00e3o atentas aos chamados dos cidad\u00e3os, que possibilitam maior mobilidade para o policiamento preventivo e atendem ocorr\u00eancias.<\/p>\n<div id=\"attachment_95048\" style=\"width: 609px\" class=\"wp-caption aligncenter\"><img loading=\"lazy\" decoding=\"async\" aria-describedby=\"caption-attachment-95048\" class=\"size-full wp-image-95048\" src=\"http:\/\/senoticias.com.br\/se\/wp-content\/uploads\/2016\/08\/Pac-Movel-SE-Noticias-e1470679603615.jpg\" alt=\"Com efetivo de 15 policiais militares, a base m\u00f3vel do Santos Dumont \u00e9 comandada pelo major Geovanio Feitosa, coordenador de opera\u00e7\u00f5es do 8\u00ba Batalh\u00e3o. O PAC atende a cerca de 20 comunidades \" width=\"599\" height=\"400\" \/><p id=\"caption-attachment-95048\" class=\"wp-caption-text\">Com efetivo de 15 policiais, a base m\u00f3vel \u00e9 comandada pelo major Geovanio Feitosa. (Foto: Victor Ribeiro\/Ag\u00eancia Sergipe de Not\u00edcias)<\/p><\/div>\n<p>O policiamento comunit\u00e1rio \u00e9 realidade, de forma permanente no Santos Dumont, desde junho deste ano, quando o governador Jackson Barreto entregou a unidade m\u00f3vel \u00e0 popula\u00e7\u00e3o. Desde ent\u00e3o, a imagem que moradores, comerciantes e at\u00e9 policiais tinham do bairro mudou. De acordo com a dona de casa Maria do Carmo Santa Rosa, levar sua filha Marina Yasmin, 6, para brincar na pra\u00e7a s\u00f3 foi poss\u00edvel porque sabia que a pol\u00edcia estava presente na \u00e1rea.<\/p>\n<p>\u201cN\u00e3o frequentava muito a pra\u00e7a, justamente por conta da presen\u00e7a de suspeitos. Se os profissionais de seguran\u00e7a n\u00e3o estivessem aqui, j\u00e1 teria voltado para casa. No geral, a comunidade se sente mais segura com a presen\u00e7a deles e houve diminui\u00e7\u00e3o do n\u00famero de roubos. Por enquanto, n\u00e3o necessitei da ajuda efetiva dos policiais, mas se precisasse, iria at\u00e9 eles. Os policiais s\u00e3o acess\u00edveis, tanto \u00e9 que est\u00e3o aqui nos observando para dar mais seguran\u00e7a\u201d, declarou Maria do Carmo, que mora h\u00e1 10 anos no bairro.<\/p>\n<p>A sensa\u00e7\u00e3o de seguran\u00e7a \u00e9 a mesma para a estudante de Educa\u00e7\u00e3o F\u00edsica Vit\u00f3ria Melo, que mora no bairro Soledade, mas frequenta muito o Santos Dumont, pois seus amigos e namorado moram na localidade. Ela comenta que evitava voltar para casa durante a noite, por conta de assaltos, mas que por visualizar a presen\u00e7a de policiais, principalmente perto do ponto do \u00f4nibus, ela est\u00e1 passando mais tempo por l\u00e1. \u201cAntes, voc\u00ea via aqui usu\u00e1rios de droga, e como agora h\u00e1 policiamento, diminuiu, inclusive durante a noite. Sinto-me mais segura para andar aqui e a presen\u00e7a da pol\u00edcia faz a diferen\u00e7a. Minha nota para eles \u00e9 10. N\u00e3o achava que era algo acess\u00edvel\u201d.<\/p>\n<p>Com efetivo de 15 policiais militares, a base m\u00f3vel do Santos Dumont \u00e9 comandada pelo major Geovanio Feitosa, coordenador de opera\u00e7\u00f5es do 8\u00ba Batalh\u00e3o. O PAC atende a cerca de 20 comunidades e tem telefone para que a popula\u00e7\u00e3o entre em contato, o 98867-6048. De acordo com o major, a presen\u00e7a do posto da PM \u00e9 importante, pois amplia a proximidade entre o \u00f3rg\u00e3o de seguran\u00e7a e a comunidade local. Al\u00e9m disso, o ve\u00edculo agiliza o atendimento \u00e0s demandas dos cidad\u00e3os.<\/p>\n<p>\u201cQualquer ocorr\u00eancia penal \u00e9 registrada, como, por exemplo, uma briga simples e agress\u00e3o, amea\u00e7a, vias de fato, um poss\u00edvel furto, e suspei\u00e7\u00e3o. Se, por alguma ocasi\u00e3o, houver um suspeito em frente a uma loja, a comunidade pode ligar, a viatura vai chegar l\u00e1 e abordar para averiguar a circunst\u00e2ncia. Al\u00e9m da seguran\u00e7a da \u00e1rea comercial, h\u00e1 tamb\u00e9m uma preocupa\u00e7\u00e3o com as escolas da regi\u00e3o. O policiamento comunit\u00e1rio est\u00e1 sempre dispon\u00edvel aos diretores, professores, basta solicitar que eles comparecem at\u00e9 o local. Durante o dia o PAC tamb\u00e9m faz rondas, vai at\u00e9 certos pontos e circula nas proximidades tamb\u00e9m de pontos de \u00f4nibus e terminal de integra\u00e7\u00e3o\u201d, explicou Geovanio.<\/p>\n<p>A vendedora Joseane Dias conta que, apesar de n\u00e3o ter precisado do apoio do PAC M\u00f3vel desde que esse chegou \u00e0 comunidade, ela solicitaria caso fosse necess\u00e1rio. Ela tamb\u00e9m comenta que o n\u00famero de crimes na regi\u00e3o diminuiu e que ela mesma j\u00e1 havia sido v\u00edtima de assalto na loja em que trabalha. \u201cVi bastante mudan\u00e7a depois da presen\u00e7a da pol\u00edcia. Com a unidade m\u00f3vel, os bandidos ficam receosos de aparecer. Eu, inclusive, tinha medo de vir trabalhar e as pessoas questionavam muito a quest\u00e3o da seguran\u00e7a. Mas agora a gente se sente mais tranquilo e n\u00e3o houve mais nenhum crime aqui. Sempre que a gente precisa, eles v\u00eam logo e est\u00e3o sempre circulando pela regi\u00e3o\u201d.<\/p>\n<p>De acordo com o coordenador de opera\u00e7\u00f5es do 8\u00ba Batalh\u00e3o, o PAC m\u00f3vel realiza uma m\u00e9dia mensal de 20 condu\u00e7\u00f5es a delegacia, sejam elas relacionadas a deten\u00e7\u00f5es e\/ou pris\u00f5es. Ele tamb\u00e9m apresentou dado dos \u00faltimos seis meses. Durante o per\u00edodo, foram 176 ocorr\u00eancias levadas \u00e0 delegacia. Al\u00e9m disso, foram 18 armas apreendidas, sendo duas apenas em julho e por meio da atua\u00e7\u00e3o da unidade m\u00f3vel.<\/p>\n<p>A soldado Ruanny Matias, que atua numa das equipes do PAC M\u00f3vel do Santos Dumont, acredita que o trabalho dela e dos colegas faz a diferen\u00e7a. \u201cFico satisfeita no sentido de saber que estou servindo a sociedade. Nunca havia trabalhado no servi\u00e7o comunit\u00e1rio, passei 10 anos no Batalh\u00e3o de Choque e R\u00e1dio Patrulha, e quando comecei a conviver diretamente com os problemas com os quais a popula\u00e7\u00e3o sofre, passei a ter uma intera\u00e7\u00e3o social melhor. Aqui come\u00e7o a ganhar amigos e as pessoas come\u00e7am a confiar em voc\u00ea. A pol\u00edcia ganha outra credibilidade e passa a ser vista de uma forma melhor. Estamos aqui h\u00e1 mais ou menos dois meses, e h\u00e1 v\u00e1rios locais em que a popula\u00e7\u00e3o se sentiu muito grata, e ela mesma comenta que a pol\u00edcia fez com que diminu\u00edsse muito o n\u00famero de ocorr\u00eancias. \u00c9 muito bom voltar para casa sabendo disso. Fico com o sentimento de dever cumprido\u201d.<\/p>\n<p>A rela\u00e7\u00e3o de proximidade entre a comunidade e a pol\u00edcia \u00e9 confirmada pelo padre Soares, que est\u00e1 \u00e0 frente da par\u00f3quia S\u00e3o Francisco. Ele afirma que o trabalho da viatura e da PM tem sido de fundamental import\u00e2ncia para os moradores. O sacerdote ainda comenta que todos se sentem mais tranquilos, protegidos e que a pra\u00e7a \u00e9 reflexo disso, pois as pessoas fazem dela um espa\u00e7o de lazer. \u201cPosso dizer que a pra\u00e7a est\u00e1 mais segura, as pessoas v\u00e3o ao culto e \u00e0 missa, e est\u00e1 um clima melhor. Isso \u00e9 ineg\u00e1vel. \u00c9 um bem imenso para a comunidade. Queremos que a PM continue aqui, pois s\u00f3 trouxe tranquilidade para o bairro\u201d, relatou.<\/p>\n<p>Para que a popula\u00e7\u00e3o possa dialogar ainda mais com as equipes da PM, mensalmente s\u00e3o realizadas reuni\u00f5es, segundo explica o major Geovanio Feitosa. Ele conta que o bairro tem um conselho de seguran\u00e7a e que os l\u00edderes do Santos Dumont, junto com a comunidade e a igreja, discutem sempre os quest\u00f5es do m\u00eas anterior, destacando solu\u00e7\u00f5es e fatores que precisam ser melhorados, de modo a ajudar na formata\u00e7\u00e3o da estrat\u00e9gia adotada pela pol\u00edcia.<\/p>\n<p><strong>PAC M\u00f3vel<\/strong><\/p>\n<p>As 32 bases m\u00f3veis de policiamento ostensivo da Pol\u00edcia Militar (PM) est\u00e3o em pleno funcionamento em Sergipe. Os ve\u00edculos do tipo furg\u00e3o s\u00e3o adaptados para atendimento e t\u00eam capacidade para abrigar at\u00e9 nove policiais. As viaturas refor\u00e7am a seguran\u00e7a da capital e do interior do estado, e s\u00e3o colocadas em diversos pontos, podendo at\u00e9 ser deslocadas durante o mesmo dia para atender as necessidades da popula\u00e7\u00e3o. As bases s\u00e3o totalmente caracterizadas para facilitar a visualiza\u00e7\u00e3o, e possuem sistema de r\u00e1dio pr\u00f3prio, com comunica\u00e7\u00e3o direta com Centro Integrado de Opera\u00e7\u00f5es em Seguran\u00e7a P\u00fablica (Ciosp) e demais unidades da pol\u00edcia, abrangendo mais de um bairro. Os policiais militares trabalham em turno de 12 horas, em dias e horas alternados.<br \/>\nDe acordo com o comandante de policiamento da capital, tenente-coronel Vivaldy Cabral, a escolha do per\u00edodo e dos locais de atua\u00e7\u00e3o \u00e9 feita a partir de dados estat\u00edsticos produzidos pelo Ciosp da Secretaria de Seguran\u00e7a P\u00fablica (SSP). O investimento total nos PACs m\u00f3veis foi de R$ 4.784.000, sendo que cada base custou R$ 149 mil.<\/p>\n<p><strong>Delegacias plantonistas<\/strong><\/p>\n<p>No sentido de fornecer mais acesso aos instrumentos de seguran\u00e7a do Estado, o governo implementou, neste ano duas, delegacias plantonistas. A antiga unidade localizada na rua Laranjeiras \u00a0foi transferida para o pr\u00e9dio da 3\u00aa Delegacia Metropolitana (DM), no Santos Dumont, tornando-se a plantonista zona norte. J\u00e1 a outra foi alocada nas instala\u00e7\u00f5es prediais da 4\u00aa DM, no conjunto Augusto Franco, e \u00e9 conhecida como plantonista zona sul. Os espa\u00e7os funcionam das 18h \u00e0s 8h do dia subsequente e tamb\u00e9m em finais de semana e feriados.<\/p>\n<p>O funcionamento simult\u00e2neo das duas novas delegacias busca facilitar o acesso do cidad\u00e3o \u00e0 pol\u00edcia e aprimorar o monitoramento das ocorr\u00eancias criminais. Segundo o coordenador de delegacias da capital, Andr\u00e9 Baronto, os locais de instala\u00e7\u00e3o das plantonistas foram escolhidos com base em crit\u00e9rios estruturais e de demanda.<\/p>\n<p>\u201cPercebemos que, com a mudan\u00e7a, melhorou muito o acesso da popula\u00e7\u00e3o, que antes tinha que sair, por exemplo, da zona norte para registrar boletim de ocorr\u00eancia na rua Laranjeiras, tanto \u00e9 que o n\u00famero de registros aumentou. Isso tamb\u00e9m facilitou o trabalho para a Pol\u00edcia Militar, que passou a realizar um atendimento mais \u00e1gil na pr\u00f3pria regi\u00e3o. A PM tende a ficar menos tempo na delegacia, pois a ocorr\u00eancia agora \u00e9 feita de forma mais r\u00e1pida. Isso tamb\u00e9m gerou aumento do n\u00famero de flagrantes e atendimentos lavrados. Percebemos que a popula\u00e7\u00e3o est\u00e1 extremamente satisfeita com esses atendimentos\u201d, destacou Baronto.<\/p>\n<p>A comerciante Ang\u00e9lica Santos, que mora e trabalha no conjunto Augusto Franco, gostou da ado\u00e7\u00e3o das novas delegacias plantonistas. Ela comenta que o fato de ter uma unidade pr\u00f3xima de onde mora faz com que a popula\u00e7\u00e3o se sinta mais segura. A empregada dom\u00e9stica Maria de F\u00e1tima Santos tamb\u00e9m aprova a novidade e conta que j\u00e1 deixou de ir a antiga plantonista da rua Laranjeiras por achar longe, mas que, com a proximidade da nova unidade, n\u00e3o deixaria de registrar uma ocorr\u00eancia.<\/p>\n<p>O coordenador de delegacias da capital esclarece que existe uma recomenda\u00e7\u00e3o para que a pessoa busque a plantonista mais pr\u00f3xima do local da ocorr\u00eancia, mas que o cidad\u00e3o pode ficar a vontade para se dirigir a qualquer uma das duas unidades, de modo que opte pela op\u00e7\u00e3o mais c\u00f4moda. Ele aproveita para explicar que, com exce\u00e7\u00e3o das plantonistas, as demais delegacias funcionam em hor\u00e1rio comercial de atendimento.<\/p>\n<p>Baronto aproveita a oportunidade para anunciar uma novidade. \u201cApesar da Delegacia do Turista, na Orla de Atalaia, n\u00e3o funcionar como plantonista pela noite, ela fica aberta durante esse turno para que sejam registrados boletins de ocorr\u00eancia durante 24 horas. O turista que chega \u00e0 Orla, por exemplo, e precisar de atendimento, pode se dirigir at\u00e9 l\u00e1. Estamos colocando nova equipe com dois delegados para dar celeridade aos servi\u00e7os e tentar fazer um trabalho diferente na regi\u00e3o\u201d.<\/p>\n<p><img loading=\"lazy\" decoding=\"async\" class=\"aligncenter size-full wp-image-94839\" src=\"http:\/\/senoticias.com.br\/se\/wp-content\/uploads\/2016\/08\/Logo-fone-1.jpg\" alt=\"Logo-fone-1\" width=\"599\" height=\"78\" srcset=\"https:\/\/senoticias.com.br\/se\/wp-content\/uploads\/2016\/08\/Logo-fone-1.jpg 599w, https:\/\/senoticias.com.br\/se\/wp-content\/uploads\/2016\/08\/Logo-fone-1-300x39.jpg 300w, https:\/\/senoticias.com.br\/se\/wp-content\/uploads\/2016\/08\/Logo-fone-1-342x44.jpg 342w\" sizes=\"(max-width: 599px) 100vw, 599px\" \/><\/p>\n<p><strong><em>Acompanhe tamb\u00e9m o SE Not\u00edcias no\u00a0<a href=\"https:\/\/twitter.com\/Senoticias\" target=\"_blank\">Twitter<\/a>,\u00a0<a href=\"https:\/\/www.facebook.com\/senoticias1\" target=\"_blank\">Facebook<\/a>\u00a0e no\u00a0<a href=\"https:\/\/www.instagram.com\/senoticias\/\" target=\"_blank\">Instagram<\/a><\/em><\/strong><\/p>\n<\/div>\n<p><strong><em>Secretaria de Estado da Comunica\u00e7\u00e3o Social<br \/>\n<\/em><\/strong><strong><em>Governo de Sergipe<\/em><\/strong><\/p>\n","protected":false},"excerpt":{"rendered":"<p>Era tarde de quarta-feira quando a pra\u00e7a Ulisses Guimar\u00e3es, no bairro Santos Dumont, estava ocupada por pessoas da comunidade. Crian\u00e7as brincavam em balan\u00e7os, pais as observavam e adolescentes andavam de skate na quadra. Segundo relato dos moradores, o passeio na \u00e1rea p\u00fablica apenas era poss\u00edvel por conta da presen\u00e7a permanente do Posto de Atendimento ao [&hellip;]<\/p>\n","protected":false},"author":2,"featured_media":95048,"comment_status":"closed","ping_status":"closed","sticky":false,"template":"","format":"standard","meta":{"footnotes":""},"categories":[15],"tags":[1308,1310,1309,86],"class_list":{"0":"post-95047","1":"post","2":"type-post","3":"status-publish","4":"format-standard","5":"has-post-thumbnail","7":"category-destaques","8":"tag-pac-movel","9":"tag-pac-santos-dumont","10":"tag-policia-comunitaria","11":"tag-policia-militar"},"_links":{"self":[{"href":"https:\/\/senoticias.com.br\/se\/wp-json\/wp\/v2\/posts\/95047"}],"collection":[{"href":"https:\/\/senoticias.com.br\/se\/wp-json\/wp\/v2\/posts"}],"about":[{"href":"https:\/\/senoticias.com.br\/se\/wp-json\/wp\/v2\/types\/post"}],"author":[{"embeddable":true,"href":"https:\/\/senoticias.com.br\/se\/wp-json\/wp\/v2\/users\/2"}],"replies":[{"embeddable":true,"href":"https:\/\/senoticias.com.br\/se\/wp-json\/wp\/v2\/comments?post=95047"}],"version-history":[{"count":0,"href":"https:\/\/senoticias.com.br\/se\/wp-json\/wp\/v2\/posts\/95047\/revisions"}],"wp:featuredmedia":[{"embeddable":true,"href":"https:\/\/senoticias.com.br\/se\/wp-json\/wp\/v2\/media\/95048"}],"wp:attachment":[{"href":"https:\/\/senoticias.com.br\/se\/wp-json\/wp\/v2\/media?parent=95047"}],"wp:term":[{"taxonomy":"category","embeddable":true,"href":"https:\/\/senoticias.com.br\/se\/wp-json\/wp\/v2\/categories?post=95047"},{"taxonomy":"post_tag","embeddable":true,"href":"https:\/\/senoticias.com.br\/se\/wp-json\/wp\/v2\/tags?post=95047"}],"curies":[{"name":"wp","href":"https:\/\/api.w.org\/{rel}","templated":true}]}}