{"id":95037,"date":"2016-08-08T11:20:06","date_gmt":"2016-08-08T14:20:06","guid":{"rendered":"http:\/\/senoticias.com.br\/se\/?p=95037"},"modified":"2016-08-09T06:30:25","modified_gmt":"2016-08-09T09:30:25","slug":"criancas-assistidas-pelo-gacc-terao-tarde-de-lazer-com-estudantes-do-curso-tecnico-em-hospedagem","status":"publish","type":"post","link":"https:\/\/senoticias.com.br\/se\/criancas-assistidas-pelo-gacc-terao-tarde-de-lazer-com-estudantes-do-curso-tecnico-em-hospedagem\/","title":{"rendered":"Crian\u00e7as assistidas pelo GACC ter\u00e3o tarde de lazer com estudantes do curso t\u00e9cnico em Hospedagem"},"content":{"rendered":"<p style=\"text-align: justify;\">Vinte e cinco crian\u00e7as na faixa et\u00e1ria de 5 a 12 anos assistidas pelo Grupo de Apoio \u00e0 Crian\u00e7a com C\u00e2ncer \u2013 GACC\/Sergipe ter\u00e3o uma tarde diferente nessa ter\u00e7a-feira, dia 9 de agosto. Uma turma de estudantes do curso t\u00e9cnico em Hospedagem do Instituto Federal de Sergipe \u2013 Campus Aracaju levar\u00e1 os meninos e meninas para se divertirem no parque Magic Game do Shopping Pr\u00eamio, localizado em Nossa Senhora do Socorro, Grande Aracaju.<br \/>\nO \u00f4nibus do Instituto Federal de Sergipe sair\u00e1 com 21 estudantes do Campus Aracaju \u00e0s 13h, com destino a sede do GACC, que fica localizada na Avenida Desembargador Maynard, n\u00famero 655, no bairro Cirurgia. No trajeto at\u00e9 o shopping em Socorro, os alunos realizar\u00e3o atividades recreativas com as crian\u00e7as \u2013 a maioria do interior do estado. A previs\u00e3o de chegada ao parque Magic Game \u00e9 \u00e0s 14h.<\/p>\n<div id=\"attachment_95040\" style=\"width: 609px\" class=\"wp-caption aligncenter\"><img loading=\"lazy\" decoding=\"async\" aria-describedby=\"caption-attachment-95040\" class=\"size-full wp-image-95040\" src=\"http:\/\/senoticias.com.br\/se\/wp-content\/uploads\/2016\/08\/GACC-SE-Noticias-e1470666370125.jpg\" alt=\"Crian\u00e7as assistidas pelo GACC ter\u00e3o tarde de lazer. (Foto: Ascom Gacc)\" width=\"599\" height=\"449\" \/><p id=\"caption-attachment-95040\" class=\"wp-caption-text\">Crian\u00e7as assistidas pelo GACC ter\u00e3o tarde de lazer. (Foto: Ascom Gacc)<\/p><\/div>\n<p style=\"text-align: justify;\">A iniciativa de realizar uma tarde de lazer e entretenimento para as crian\u00e7as em tratamento de c\u00e2ncer nasceu da turma do 2\u00ba ano do curso t\u00e9cnico em Hospedagem, na disciplina Eventos, que \u00e9 ministrada pela professora Thirz\u00e1 Azevedo.<\/p>\n<p style=\"text-align: justify;\">Os alunos levaram mais de um m\u00eas para organizar todo planejamento e programa\u00e7\u00e3o da a\u00e7\u00e3o. Nesse per\u00edodo, redigiram o projeto do evento, of\u00edcio e demais documentos necess\u00e1rios; fecharam contatos e parcerias; selecionaram atividades de recrea\u00e7\u00e3o e lazer para aplicar com os assistidos do GACC.<\/p>\n<p style=\"text-align: justify;\">O projeto que recebeu o nome de \u201cEstrelas GACC \u2013 IFS em A\u00e7\u00e3o\u201d apresenta a preocupa\u00e7\u00e3o social e a integra\u00e7\u00e3o do Instituto Federal de Sergipe &#8211; Campus Aracaju com a comunidade. \u201c\u00c9 importante proporcionar uma aproxima\u00e7\u00e3o dos alunos com a realidade da diversidade vivenciada por muitos e assim, despertar a necessidade de ajudar o pr\u00f3ximo. As crian\u00e7as que lutam contra o c\u00e2ncer infantil necessitam de momentos de descontra\u00e7\u00e3o para que assim a auto-estima possa ser fortalecida\u201d, afirma a professora Thirz\u00e1 Azevedo.<\/p>\n<p style=\"text-align: justify;\">A aluna Maria Daiane destaca a import\u00e2ncia de essa atividade proporcionar um momento de alegria \u00e0s crian\u00e7as e oportunizar aos estudantes a pr\u00e1tica do conte\u00fado te\u00f3rico apresentado em sala de aula. \u201cSer\u00e1 um evento enriquecedor, produtivo e prazeroso. Vamos aprender com estas crian\u00e7as e tamb\u00e9m passar para elas experi\u00eancias positivas. Ser\u00e1 um momento m\u00e1gico.\u201d, disse.<\/p>\n<p><em>Marineide Bonfim, da\u00a0Ascom IFS &#8211; Campus Aracaju<\/em><\/p>\n<p><img loading=\"lazy\" decoding=\"async\" class=\"aligncenter size-full wp-image-94839\" src=\"http:\/\/senoticias.com.br\/se\/wp-content\/uploads\/2016\/08\/Logo-fone-1.jpg\" alt=\"Logo-fone-1\" width=\"599\" height=\"78\" srcset=\"https:\/\/senoticias.com.br\/se\/wp-content\/uploads\/2016\/08\/Logo-fone-1.jpg 599w, https:\/\/senoticias.com.br\/se\/wp-content\/uploads\/2016\/08\/Logo-fone-1-300x39.jpg 300w, https:\/\/senoticias.com.br\/se\/wp-content\/uploads\/2016\/08\/Logo-fone-1-342x44.jpg 342w\" sizes=\"(max-width: 599px) 100vw, 599px\" \/><\/p>\n<p><strong><em>Acompanhe tamb\u00e9m o SE Not\u00edcias no\u00a0<a href=\"https:\/\/twitter.com\/Senoticias\" target=\"_blank\">Twitter<\/a>,\u00a0<a href=\"https:\/\/www.facebook.com\/senoticias1\" target=\"_blank\">Facebook<\/a>\u00a0e no\u00a0<a href=\"https:\/\/www.instagram.com\/senoticias\/\" target=\"_blank\">Instagram<\/a><\/em><\/strong><\/p>\n","protected":false},"excerpt":{"rendered":"<p>Vinte e cinco crian\u00e7as na faixa et\u00e1ria de 5 a 12 anos assistidas pelo Grupo de Apoio \u00e0 Crian\u00e7a com C\u00e2ncer \u2013 GACC\/Sergipe ter\u00e3o uma tarde diferente nessa ter\u00e7a-feira, dia 9 de agosto. Uma turma de estudantes do curso t\u00e9cnico em Hospedagem do Instituto Federal de Sergipe \u2013 Campus Aracaju levar\u00e1 os meninos e meninas [&hellip;]<\/p>\n","protected":false},"author":2,"featured_media":95040,"comment_status":"closed","ping_status":"closed","sticky":false,"template":"","format":"standard","meta":{"footnotes":""},"categories":[38,1],"tags":[],"class_list":{"0":"post-95037","1":"post","2":"type-post","3":"status-publish","4":"format-standard","5":"has-post-thumbnail","7":"category-municipios","8":"category-sem-categoria"},"_links":{"self":[{"href":"https:\/\/senoticias.com.br\/se\/wp-json\/wp\/v2\/posts\/95037"}],"collection":[{"href":"https:\/\/senoticias.com.br\/se\/wp-json\/wp\/v2\/posts"}],"about":[{"href":"https:\/\/senoticias.com.br\/se\/wp-json\/wp\/v2\/types\/post"}],"author":[{"embeddable":true,"href":"https:\/\/senoticias.com.br\/se\/wp-json\/wp\/v2\/users\/2"}],"replies":[{"embeddable":true,"href":"https:\/\/senoticias.com.br\/se\/wp-json\/wp\/v2\/comments?post=95037"}],"version-history":[{"count":0,"href":"https:\/\/senoticias.com.br\/se\/wp-json\/wp\/v2\/posts\/95037\/revisions"}],"wp:featuredmedia":[{"embeddable":true,"href":"https:\/\/senoticias.com.br\/se\/wp-json\/wp\/v2\/media\/95040"}],"wp:attachment":[{"href":"https:\/\/senoticias.com.br\/se\/wp-json\/wp\/v2\/media?parent=95037"}],"wp:term":[{"taxonomy":"category","embeddable":true,"href":"https:\/\/senoticias.com.br\/se\/wp-json\/wp\/v2\/categories?post=95037"},{"taxonomy":"post_tag","embeddable":true,"href":"https:\/\/senoticias.com.br\/se\/wp-json\/wp\/v2\/tags?post=95037"}],"curies":[{"name":"wp","href":"https:\/\/api.w.org\/{rel}","templated":true}]}}