{"id":95030,"date":"2016-08-08T08:42:39","date_gmt":"2016-08-08T11:42:39","guid":{"rendered":"http:\/\/senoticias.com.br\/se\/?p=95030"},"modified":"2016-08-08T08:49:38","modified_gmt":"2016-08-08T11:49:38","slug":"militares-ficarao-de-fora-da-reforma-da-previdencia-mas-podem-ser-obrigados-a-permanecer-35-anos-na-ativa","status":"publish","type":"post","link":"https:\/\/senoticias.com.br\/se\/militares-ficarao-de-fora-da-reforma-da-previdencia-mas-podem-ser-obrigados-a-permanecer-35-anos-na-ativa\/","title":{"rendered":"Militares ficar\u00e3o de fora da reforma da Previd\u00eancia, mas podem ser obrigados a permanecer 35 anos na ativa"},"content":{"rendered":"<p style=\"text-align: justify;\"><em>por Celia Perone, <a href=\"http:\/\/blogs.correiobraziliense.com.br\/vicente\/militares-ficarao-de-fora-da-reforma-da-previdencia-mas-podem-ser-obrigados-a-permanecer-35-anos-na-ativa\/\">Correio<\/a> Braziliense<\/em><\/p>\n<p style=\"text-align: justify;\">O governo cedeu \u00e0s press\u00f5es, e os militares ficar\u00e3o de fora da reforma da Previd\u00eancia Social. Havia uma cobran\u00e7a enorme da equipe econ\u00f4mica para que as mudan\u00e7as que est\u00e3o sendo propostas acabassem com todos os privil\u00e9gios, mas a gritaria da caserna prevaleceu.<\/p>\n<div id=\"attachment_95032\" style=\"width: 609px\" class=\"wp-caption aligncenter\"><img loading=\"lazy\" decoding=\"async\" aria-describedby=\"caption-attachment-95032\" class=\"size-full wp-image-95032\" src=\"http:\/\/senoticias.com.br\/se\/wp-content\/uploads\/2016\/08\/Reforma-da-Previdencia-SE-Noticias-e1470656934339.jpg\" alt=\"For\u00e7as Armadas n\u00e3o dever\u00e3o ser inclu\u00eddos na reforma da Previd\u00eancia que est\u00e1 sendo discutida pelo governo federal.\" width=\"599\" height=\"317\" \/><p id=\"caption-attachment-95032\" class=\"wp-caption-text\">For\u00e7as Armadas n\u00e3o dever\u00e3o ser inclu\u00eddos na reforma da Previd\u00eancia que est\u00e1 sendo discutida pelo governo federal.<\/p><\/div>\n<p style=\"text-align: justify;\">Segundo o ministro da Casa Civil, Eliseu Padilha, a Constitui\u00e7\u00e3o garante aos integrantes das For\u00e7as Armadas aposentadorias sem contribui\u00e7\u00e3o, pois todos est\u00e3o permanentemente \u00e0 disposi\u00e7\u00e3o do Estado, em servi\u00e7o e mesmo quando est\u00e3o na reserva.<\/p>\n<p style=\"text-align: justify;\">A \u00fanica mudan\u00e7a que o governo admite fazer, dentro do que est\u00e1 sendo proposto pelo Minist\u00e9rio da Fazenda, \u00e9 ampliar de 30 para 35 anos o tempo do servi\u00e7o militar. Com isso, se adiaria os gastos com a Previd\u00eancia. Neste ano, o sistema que banca a aposentadorias dos militares registrar\u00e1 rombo pr\u00f3ximo de R$ 32 bilh\u00f5es, quase a metade do buraco do regime de benef\u00edcios aos servidores p\u00fablicos.<\/p>\n<p style=\"text-align: justify;\"><img loading=\"lazy\" decoding=\"async\" class=\"aligncenter size-full wp-image-94839\" src=\"http:\/\/senoticias.com.br\/se\/wp-content\/uploads\/2016\/08\/Logo-fone-1.jpg\" alt=\"Logo-fone-1\" width=\"599\" height=\"78\" srcset=\"https:\/\/senoticias.com.br\/se\/wp-content\/uploads\/2016\/08\/Logo-fone-1.jpg 599w, https:\/\/senoticias.com.br\/se\/wp-content\/uploads\/2016\/08\/Logo-fone-1-300x39.jpg 300w, https:\/\/senoticias.com.br\/se\/wp-content\/uploads\/2016\/08\/Logo-fone-1-342x44.jpg 342w\" sizes=\"(max-width: 599px) 100vw, 599px\" \/><\/p>\n<p style=\"text-align: justify;\"><strong><em>Acompanhe tamb\u00e9m o SE Not\u00edcias no\u00a0<a href=\"https:\/\/twitter.com\/Senoticias\" target=\"_blank\">Twitter<\/a>,\u00a0<a href=\"https:\/\/www.facebook.com\/senoticias1\" target=\"_blank\">Facebook<\/a>\u00a0e no\u00a0<a href=\"https:\/\/www.instagram.com\/senoticias\/\" target=\"_blank\">Instagram<\/a><\/em><\/strong><\/p>\n","protected":false},"excerpt":{"rendered":"<p>por Celia Perone, Correio Braziliense O governo cedeu \u00e0s press\u00f5es, e os militares ficar\u00e3o de fora da reforma da Previd\u00eancia Social. Havia uma cobran\u00e7a enorme da equipe econ\u00f4mica para que as mudan\u00e7as que est\u00e3o sendo propostas acabassem com todos os privil\u00e9gios, mas a gritaria da caserna prevaleceu. Segundo o ministro da Casa Civil, Eliseu Padilha, [&hellip;]<\/p>\n","protected":false},"author":2,"featured_media":95032,"comment_status":"closed","ping_status":"closed","sticky":false,"template":"","format":"standard","meta":{"footnotes":""},"categories":[6,1],"tags":[],"class_list":{"0":"post-95030","1":"post","2":"type-post","3":"status-publish","4":"format-standard","5":"has-post-thumbnail","7":"category-politica","8":"category-sem-categoria"},"_links":{"self":[{"href":"https:\/\/senoticias.com.br\/se\/wp-json\/wp\/v2\/posts\/95030"}],"collection":[{"href":"https:\/\/senoticias.com.br\/se\/wp-json\/wp\/v2\/posts"}],"about":[{"href":"https:\/\/senoticias.com.br\/se\/wp-json\/wp\/v2\/types\/post"}],"author":[{"embeddable":true,"href":"https:\/\/senoticias.com.br\/se\/wp-json\/wp\/v2\/users\/2"}],"replies":[{"embeddable":true,"href":"https:\/\/senoticias.com.br\/se\/wp-json\/wp\/v2\/comments?post=95030"}],"version-history":[{"count":0,"href":"https:\/\/senoticias.com.br\/se\/wp-json\/wp\/v2\/posts\/95030\/revisions"}],"wp:featuredmedia":[{"embeddable":true,"href":"https:\/\/senoticias.com.br\/se\/wp-json\/wp\/v2\/media\/95032"}],"wp:attachment":[{"href":"https:\/\/senoticias.com.br\/se\/wp-json\/wp\/v2\/media?parent=95030"}],"wp:term":[{"taxonomy":"category","embeddable":true,"href":"https:\/\/senoticias.com.br\/se\/wp-json\/wp\/v2\/categories?post=95030"},{"taxonomy":"post_tag","embeddable":true,"href":"https:\/\/senoticias.com.br\/se\/wp-json\/wp\/v2\/tags?post=95030"}],"curies":[{"name":"wp","href":"https:\/\/api.w.org\/{rel}","templated":true}]}}