{"id":95027,"date":"2016-08-08T08:28:20","date_gmt":"2016-08-08T11:28:20","guid":{"rendered":"http:\/\/senoticias.com.br\/se\/?p=95027"},"modified":"2016-08-08T08:31:15","modified_gmt":"2016-08-08T11:31:15","slug":"mimica-elogia-postura-do-confianca-mas-lamenta-empate-contra-cuiaba","status":"publish","type":"post","link":"https:\/\/senoticias.com.br\/se\/mimica-elogia-postura-do-confianca-mas-lamenta-empate-contra-cuiaba\/","title":{"rendered":"Mimica elogia postura do Confian\u00e7a, mas lamenta empate contra Cuiab\u00e1"},"content":{"rendered":"<p><em>Por GloboEsporte.com, em Aracaju<\/em><\/p>\n<p style=\"text-align: justify;\">O empate do Confian\u00e7a com o Cuiab\u00e1 n\u00e3o foi bom para ningu\u00e9m, mas para o zagueiro Mimica o jogo foi importante. Ele mostrou seguran\u00e7a na defesa e ainda marcou o gol de empate, evitando mais uma derrota do time <span style=\"color: #0000ff;\"><strong>azulino.<\/strong><\/span> Ap\u00f3s o jogo, o jogador elogiou a postura da equipe e lamentou a igualdade.<\/p>\n<div id=\"attachment_95028\" style=\"width: 609px\" class=\"wp-caption aligncenter\"><img loading=\"lazy\" decoding=\"async\" aria-describedby=\"caption-attachment-95028\" class=\"size-full wp-image-95028\" src=\"http:\/\/senoticias.com.br\/se\/wp-content\/uploads\/2016\/08\/Confianca-empata-com-Cuiaba-SE-Noticias-e1470655521893.jpg\" alt=\"Mimica comemora gol de empate contra o Cuiab\u00e1 (Foto: Osmar Rios \/ GloboEsporte.com)\" width=\"599\" height=\"318\" \/><p id=\"caption-attachment-95028\" class=\"wp-caption-text\">Mimica comemora gol de empate contra o Cuiab\u00e1 (Foto: Osmar Rios \/ GloboEsporte.com)<\/p><\/div>\n<p style=\"text-align: justify;\">&#8211; Conseguimos fazer uma grande partida, infelizmente o time deles veio fechado. Em campo lutamos, corremos, brigamos, tivemos bola na trave e tudo, mas \u00e9 isso a\u00ed, temos que continuam com esta pegado pra domingo sair com o resultado positivo &#8211; afirmou Mimica.<\/p>\n<p style=\"text-align: justify;\">Com o empate, o Confian\u00e7a se manteve fora da zona do rebaixamento, continua como oitavo colocado, mas muito perto do Z2.<\/p>\n<p style=\"text-align: justify;\">O time volta aos treinos nesta ter\u00e7a-feira, no Est\u00e1dio Sabino Ribeiro. A equipe se prepara para enfrentar o ABC, na Arena Batist\u00e3o, em Aracaju. A partida ser\u00e1 no pr\u00f3ximo domingo, \u00e0s 16h.<img loading=\"lazy\" decoding=\"async\" class=\"aligncenter size-full wp-image-94839\" src=\"http:\/\/senoticias.com.br\/se\/wp-content\/uploads\/2016\/08\/Logo-fone-1.jpg\" alt=\"Logo-fone-1\" width=\"599\" height=\"78\" srcset=\"https:\/\/senoticias.com.br\/se\/wp-content\/uploads\/2016\/08\/Logo-fone-1.jpg 599w, https:\/\/senoticias.com.br\/se\/wp-content\/uploads\/2016\/08\/Logo-fone-1-300x39.jpg 300w, https:\/\/senoticias.com.br\/se\/wp-content\/uploads\/2016\/08\/Logo-fone-1-342x44.jpg 342w\" sizes=\"(max-width: 599px) 100vw, 599px\" \/><\/p>\n<p style=\"text-align: justify;\"><strong><em>Acompanhe tamb\u00e9m o SE Not\u00edcias no\u00a0<a href=\"https:\/\/twitter.com\/Senoticias\" target=\"_blank\">Twitter<\/a>,\u00a0<a href=\"https:\/\/www.facebook.com\/senoticias1\" target=\"_blank\">Facebook<\/a>\u00a0e no\u00a0<a href=\"https:\/\/www.instagram.com\/senoticias\/\" target=\"_blank\">Instagram<\/a><\/em><\/strong><\/p>\n","protected":false},"excerpt":{"rendered":"<p>Por GloboEsporte.com, em Aracaju O empate do Confian\u00e7a com o Cuiab\u00e1 n\u00e3o foi bom para ningu\u00e9m, mas para o zagueiro Mimica o jogo foi importante. Ele mostrou seguran\u00e7a na defesa e ainda marcou o gol de empate, evitando mais uma derrota do time azulino. Ap\u00f3s o jogo, o jogador elogiou a postura da equipe e [&hellip;]<\/p>\n","protected":false},"author":2,"featured_media":95028,"comment_status":"closed","ping_status":"closed","sticky":false,"template":"","format":"standard","meta":{"footnotes":""},"categories":[15,26],"tags":[],"class_list":{"0":"post-95027","1":"post","2":"type-post","3":"status-publish","4":"format-standard","5":"has-post-thumbnail","7":"category-destaques","8":"category-esportes"},"_links":{"self":[{"href":"https:\/\/senoticias.com.br\/se\/wp-json\/wp\/v2\/posts\/95027"}],"collection":[{"href":"https:\/\/senoticias.com.br\/se\/wp-json\/wp\/v2\/posts"}],"about":[{"href":"https:\/\/senoticias.com.br\/se\/wp-json\/wp\/v2\/types\/post"}],"author":[{"embeddable":true,"href":"https:\/\/senoticias.com.br\/se\/wp-json\/wp\/v2\/users\/2"}],"replies":[{"embeddable":true,"href":"https:\/\/senoticias.com.br\/se\/wp-json\/wp\/v2\/comments?post=95027"}],"version-history":[{"count":0,"href":"https:\/\/senoticias.com.br\/se\/wp-json\/wp\/v2\/posts\/95027\/revisions"}],"wp:featuredmedia":[{"embeddable":true,"href":"https:\/\/senoticias.com.br\/se\/wp-json\/wp\/v2\/media\/95028"}],"wp:attachment":[{"href":"https:\/\/senoticias.com.br\/se\/wp-json\/wp\/v2\/media?parent=95027"}],"wp:term":[{"taxonomy":"category","embeddable":true,"href":"https:\/\/senoticias.com.br\/se\/wp-json\/wp\/v2\/categories?post=95027"},{"taxonomy":"post_tag","embeddable":true,"href":"https:\/\/senoticias.com.br\/se\/wp-json\/wp\/v2\/tags?post=95027"}],"curies":[{"name":"wp","href":"https:\/\/api.w.org\/{rel}","templated":true}]}}