{"id":95024,"date":"2016-08-08T08:08:14","date_gmt":"2016-08-08T11:08:14","guid":{"rendered":"http:\/\/senoticias.com.br\/se\/?p=95024"},"modified":"2016-08-09T11:52:37","modified_gmt":"2016-08-09T14:52:37","slug":"roubo-de-celulares-durante-caca-de-pokemon-termina-com-mulher-morta","status":"publish","type":"post","link":"https:\/\/senoticias.com.br\/se\/roubo-de-celulares-durante-caca-de-pokemon-termina-com-mulher-morta\/","title":{"rendered":"Roubo de celulares durante ca\u00e7a de Pok\u00e9mon termina com mulher morta"},"content":{"rendered":"<div id=\"attachment_95025\" style=\"width: 260px\" class=\"wp-caption alignright\"><img loading=\"lazy\" decoding=\"async\" aria-describedby=\"caption-attachment-95025\" class=\"size-full wp-image-95025\" src=\"http:\/\/senoticias.com.br\/se\/wp-content\/uploads\/2016\/08\/Mulher-morta-por-causa-do-Pokemon-SE-Noticias.jpg\" alt=\"Maria Raimunda foi atingida por dois tiros (Foto: Arquivo Pessoal)\" width=\"250\" height=\"400\" srcset=\"https:\/\/senoticias.com.br\/se\/wp-content\/uploads\/2016\/08\/Mulher-morta-por-causa-do-Pokemon-SE-Noticias.jpg 250w, https:\/\/senoticias.com.br\/se\/wp-content\/uploads\/2016\/08\/Mulher-morta-por-causa-do-Pokemon-SE-Noticias-188x300.jpg 188w\" sizes=\"(max-width: 250px) 100vw, 250px\" \/><p id=\"caption-attachment-95025\" class=\"wp-caption-text\">Maria Raimunda foi atingida por dois<br \/>tiros (Foto: Arquivo Pessoal)<\/p><\/div>\n<p style=\"text-align: justify;\">A aut\u00f4noma Maria Raimunda Ferreira Pereira, de 47 anos, morreu v\u00edtima de bala perdida e duas pessoas foram baleadas em uma festa no bairro Mauazinho, Zona Leste de Manaus, na noite de s\u00e1bado (6). Uma policial militar, de 34 anos, um militar das For\u00e7as Armadas, 22, e um homem, de 18, foram detidos ap\u00f3s o ocorrido. Os celulares dos suspeitos teriam sido roubados enquanto ca\u00e7avam Pok\u00e9mons. Eles teriam ido at\u00e9 o local da festa para procurar os assaltantes e atiraram.<\/p>\n<p>De acordo com a Pol\u00edcia Civil, os dois homens usaram a arma da policial para efetuar os disparos.<\/p>\n<p style=\"text-align: justify;\">O filho da aut\u00f4noma, Gleyson Pereira, de 23 anos, contou ao G1 que a m\u00e3e tinha acabado de chegar ao local da festa, por volta das 23h, quando foi atingida por dois tiros na barriga. A mulher foi socorrida e levada ao Hospital e Pronto-Socorro Jo\u00e3o L\u00facio, onde morreu \u00e0s 2h10 deste domingo (7).<\/p>\n<p style=\"text-align: justify;\">Familiares disseram ter sido informados pela PM que a policial teria parado um carro, modelo Honda Civic, na Avenida Abiurana, pr\u00f3ximo ao local da festa.<br \/>\nSegundo o relato, os suspeitos sa\u00edram do carro e pararam no bar em que a v\u00edtima estava. Um deles sacou a pistola, efetuou quatro tiros para o alto e depois descarregou a arma na dire\u00e7\u00e3o das pessoas que estavam no evento. O p\u00fablico saiu correndo e tr\u00eas pessoas foram atingidas. Os homens fugiram.<\/p>\n<p style=\"text-align: justify;\">Conforme o registro do caso, dois motociclistas foram at\u00e9 a 29\u00aa Companhia Interativa Comunit\u00e1ria (Cicom) e informaram a placa do carro no qual os suspeitos estavam.<br \/>\nAp\u00f3s a den\u00fancia, a policial foi encontrada na Comunidade Lagoa Verde, Zona Sul. Ela entregou o armamento, bem como tr\u00eas carregadores com 11 muni\u00e7\u00f5es intactas, al\u00e9m de estojos de muni\u00e7\u00f5es deflagradas. Os dois homens foram detidos em uma outra resid\u00eancia.<\/p>\n<p><strong>Pok\u00e9mons<\/strong><\/p>\n<p style=\"text-align: justify;\">Os suspeitos presos disseram \u00e0 pol\u00edcia que tiveram os celulares roubados por dois homens em uma moto enquanto ca\u00e7avam Pok\u00e9mons, no Cal\u00e7ad\u00e3o do Distrito Industrial, Zona Sul, e, em seguida, foram informados de que os homens estavam em um bar no bairro Mauazinho. Os dois decidiram ir at\u00e9 o local para recuperar os objetos e acabaram pegando a arma da policial.<\/p>\n<p style=\"text-align: justify;\">Em nota, a PM informou que todos os procedimentos de pol\u00edcia judici\u00e1ria foram realizados pela Pol\u00edcia Civil no mesmo dia do fato e que a Diretoria de Justi\u00e7a e Disciplina, da Pol\u00edcia Militar, instaurou Processo Administrativo Disciplinar para apurar a conduta da referida policial.<\/p>\n<p style=\"text-align: justify;\">O caso foi registrado no 9\u00ba Distrito Integrado de Pol\u00edcia (DIP) como homic\u00eddio doloso e homic\u00eddio qualificado tentado. Os tr\u00eas foram levados para audi\u00eancia de cust\u00f3dia e a decis\u00e3o deve ser informada na segunda-feira (8).<\/p>\n<p>(Colaborou Suelen Gon\u00e7alves, do G1 Amazonas)<\/p>\n<p><img loading=\"lazy\" decoding=\"async\" class=\"aligncenter size-full wp-image-94839\" src=\"http:\/\/senoticias.com.br\/se\/wp-content\/uploads\/2016\/08\/Logo-fone-1.jpg\" alt=\"Logo-fone-1\" width=\"599\" height=\"78\" srcset=\"https:\/\/senoticias.com.br\/se\/wp-content\/uploads\/2016\/08\/Logo-fone-1.jpg 599w, https:\/\/senoticias.com.br\/se\/wp-content\/uploads\/2016\/08\/Logo-fone-1-300x39.jpg 300w, https:\/\/senoticias.com.br\/se\/wp-content\/uploads\/2016\/08\/Logo-fone-1-342x44.jpg 342w\" sizes=\"(max-width: 599px) 100vw, 599px\" \/><\/p>\n<p><em><strong>Acompanhe tamb\u00e9m o SE Not\u00edcias no\u00a0<a href=\"https:\/\/twitter.com\/Senoticias\" target=\"_blank\">Twitter<\/a>,\u00a0<a href=\"https:\/\/www.facebook.com\/senoticias1\" target=\"_blank\">Facebook<\/a>\u00a0e no\u00a0<a href=\"https:\/\/www.instagram.com\/senoticias\/\" target=\"_blank\">Instagram<\/a><\/strong><\/em><\/p>\n","protected":false},"excerpt":{"rendered":"<p>A aut\u00f4noma Maria Raimunda Ferreira Pereira, de 47 anos, morreu v\u00edtima de bala perdida e duas pessoas foram baleadas em uma festa no bairro Mauazinho, Zona Leste de Manaus, na noite de s\u00e1bado (6). Uma policial militar, de 34 anos, um militar das For\u00e7as Armadas, 22, e um homem, de 18, foram detidos ap\u00f3s o [&hellip;]<\/p>\n","protected":false},"author":2,"featured_media":95025,"comment_status":"closed","ping_status":"closed","sticky":false,"template":"","format":"standard","meta":{"footnotes":""},"categories":[15,310,7],"tags":[],"class_list":{"0":"post-95024","1":"post","2":"type-post","3":"status-publish","4":"format-standard","5":"has-post-thumbnail","7":"category-destaques","8":"category-destaques-da-semana","9":"category-policia"},"_links":{"self":[{"href":"https:\/\/senoticias.com.br\/se\/wp-json\/wp\/v2\/posts\/95024"}],"collection":[{"href":"https:\/\/senoticias.com.br\/se\/wp-json\/wp\/v2\/posts"}],"about":[{"href":"https:\/\/senoticias.com.br\/se\/wp-json\/wp\/v2\/types\/post"}],"author":[{"embeddable":true,"href":"https:\/\/senoticias.com.br\/se\/wp-json\/wp\/v2\/users\/2"}],"replies":[{"embeddable":true,"href":"https:\/\/senoticias.com.br\/se\/wp-json\/wp\/v2\/comments?post=95024"}],"version-history":[{"count":0,"href":"https:\/\/senoticias.com.br\/se\/wp-json\/wp\/v2\/posts\/95024\/revisions"}],"wp:featuredmedia":[{"embeddable":true,"href":"https:\/\/senoticias.com.br\/se\/wp-json\/wp\/v2\/media\/95025"}],"wp:attachment":[{"href":"https:\/\/senoticias.com.br\/se\/wp-json\/wp\/v2\/media?parent=95024"}],"wp:term":[{"taxonomy":"category","embeddable":true,"href":"https:\/\/senoticias.com.br\/se\/wp-json\/wp\/v2\/categories?post=95024"},{"taxonomy":"post_tag","embeddable":true,"href":"https:\/\/senoticias.com.br\/se\/wp-json\/wp\/v2\/tags?post=95024"}],"curies":[{"name":"wp","href":"https:\/\/api.w.org\/{rel}","templated":true}]}}