{"id":95021,"date":"2016-08-08T07:35:17","date_gmt":"2016-08-08T10:35:17","guid":{"rendered":"http:\/\/senoticias.com.br\/se\/?p=95021"},"modified":"2016-08-09T13:27:30","modified_gmt":"2016-08-09T16:27:30","slug":"acidente-com-caminhao-de-feirantes-deixa-uma-pessoa-morta","status":"publish","type":"post","link":"https:\/\/senoticias.com.br\/se\/acidente-com-caminhao-de-feirantes-deixa-uma-pessoa-morta\/","title":{"rendered":"Acidente com caminh\u00e3o de feirantes deixa uma pessoa morta"},"content":{"rendered":"<p style=\"text-align: justify;\">Colis\u00e3o envolvendo um caminh\u00e3o Mercedes Benz, modelo 710 (tipo Mercedinha), ano 2003, de cor Branca, com placas JOA &#8211; 6042 de Itabaiana (SE), e um ve\u00edculo Volkswagen, modelo Gol, licenciado em S\u00e3o Domingos (SE), resultou na morte do motorista do carro de passeio, identificado como Genilson de Bertino, morador da cidade de Campo do Brito (SE).<\/p>\n<div id=\"attachment_95022\" style=\"width: 609px\" class=\"wp-caption aligncenter\"><img loading=\"lazy\" decoding=\"async\" aria-describedby=\"caption-attachment-95022\" class=\"size-full wp-image-95022\" src=\"http:\/\/senoticias.com.br\/se\/wp-content\/uploads\/2016\/08\/Acidente-em-Itabaiana-SE-Noticias-e1470652627865.jpg\" alt=\"Genilson de Bertino, era morador da cidade de Campo do Brito . (Foto: Redes Sociais)\" width=\"599\" height=\"337\" \/><p id=\"caption-attachment-95022\" class=\"wp-caption-text\">Genilson de Bertino, era morador da cidade de Campo do Brito . (Foto: Redes Sociais)<\/p><\/div>\n<p style=\"text-align: justify;\">O acidente foi registrado por volta das 20 horas deste domingo (07) na Rodovia Jo\u00e3o Paulo II (SE &#8211; 170), na localidade conhecida como Lomba, situada entre os munic\u00edpios de Campo do Brito e S\u00e3o Domingos, na regi\u00e3o Agreste de Sergipe.<\/p>\n<p style=\"text-align: justify;\">O caminh\u00e3o transportava feirantes e mercadorias, resultando em seus ocupantes feridos. As v\u00edtimas foram socorridas por equipes do Servi\u00e7o de Atendimento M\u00f3vel de Urg\u00eancia (SAMU 192). As causas do acidente ainda s\u00e3o desconhecidas.<\/p>\n<p style=\"text-align: justify;\">Mat\u00e9ria reproduzida do portal Itnet<\/p>\n<p style=\"text-align: justify;\"><img loading=\"lazy\" decoding=\"async\" class=\"aligncenter size-full wp-image-94839\" src=\"http:\/\/senoticias.com.br\/se\/wp-content\/uploads\/2016\/08\/Logo-fone-1.jpg\" alt=\"Logo-fone-1\" width=\"599\" height=\"78\" srcset=\"https:\/\/senoticias.com.br\/se\/wp-content\/uploads\/2016\/08\/Logo-fone-1.jpg 599w, https:\/\/senoticias.com.br\/se\/wp-content\/uploads\/2016\/08\/Logo-fone-1-300x39.jpg 300w, https:\/\/senoticias.com.br\/se\/wp-content\/uploads\/2016\/08\/Logo-fone-1-342x44.jpg 342w\" sizes=\"(max-width: 599px) 100vw, 599px\" \/><\/p>\n<p style=\"text-align: justify;\"><strong><em>Acompanhe tamb\u00e9m o SE Not\u00edcias no\u00a0<a href=\"https:\/\/twitter.com\/Senoticias\" target=\"_blank\">Twitter<\/a>,\u00a0<a href=\"https:\/\/www.facebook.com\/senoticias1\" target=\"_blank\">Facebook<\/a>\u00a0e no\u00a0<a href=\"https:\/\/www.instagram.com\/senoticias\/\" target=\"_blank\">Instagram<\/a><\/em><\/strong><\/p>\n","protected":false},"excerpt":{"rendered":"<p>Colis\u00e3o envolvendo um caminh\u00e3o Mercedes Benz, modelo 710 (tipo Mercedinha), ano 2003, de cor Branca, com placas JOA &#8211; 6042 de Itabaiana (SE), e um ve\u00edculo Volkswagen, modelo Gol, licenciado em S\u00e3o Domingos (SE), resultou na morte do motorista do carro de passeio, identificado como Genilson de Bertino, morador da cidade de Campo do Brito [&hellip;]<\/p>\n","protected":false},"author":2,"featured_media":95022,"comment_status":"closed","ping_status":"closed","sticky":false,"template":"","format":"standard","meta":{"footnotes":""},"categories":[15,7],"tags":[152,1307],"class_list":{"0":"post-95021","1":"post","2":"type-post","3":"status-publish","4":"format-standard","5":"has-post-thumbnail","7":"category-destaques","8":"category-policia","9":"tag-acidente-em-itabaiana","10":"tag-morte-de-feirante"},"_links":{"self":[{"href":"https:\/\/senoticias.com.br\/se\/wp-json\/wp\/v2\/posts\/95021"}],"collection":[{"href":"https:\/\/senoticias.com.br\/se\/wp-json\/wp\/v2\/posts"}],"about":[{"href":"https:\/\/senoticias.com.br\/se\/wp-json\/wp\/v2\/types\/post"}],"author":[{"embeddable":true,"href":"https:\/\/senoticias.com.br\/se\/wp-json\/wp\/v2\/users\/2"}],"replies":[{"embeddable":true,"href":"https:\/\/senoticias.com.br\/se\/wp-json\/wp\/v2\/comments?post=95021"}],"version-history":[{"count":0,"href":"https:\/\/senoticias.com.br\/se\/wp-json\/wp\/v2\/posts\/95021\/revisions"}],"wp:featuredmedia":[{"embeddable":true,"href":"https:\/\/senoticias.com.br\/se\/wp-json\/wp\/v2\/media\/95022"}],"wp:attachment":[{"href":"https:\/\/senoticias.com.br\/se\/wp-json\/wp\/v2\/media?parent=95021"}],"wp:term":[{"taxonomy":"category","embeddable":true,"href":"https:\/\/senoticias.com.br\/se\/wp-json\/wp\/v2\/categories?post=95021"},{"taxonomy":"post_tag","embeddable":true,"href":"https:\/\/senoticias.com.br\/se\/wp-json\/wp\/v2\/tags?post=95021"}],"curies":[{"name":"wp","href":"https:\/\/api.w.org\/{rel}","templated":true}]}}