{"id":94994,"date":"2016-08-06T16:21:41","date_gmt":"2016-08-06T19:21:41","guid":{"rendered":"http:\/\/senoticias.com.br\/se\/?p=94994"},"modified":"2016-08-07T00:07:29","modified_gmt":"2016-08-07T03:07:29","slug":"tres-praias-sergipanas-estao-improprias-para-o-banho","status":"publish","type":"post","link":"https:\/\/senoticias.com.br\/se\/tres-praias-sergipanas-estao-improprias-para-o-banho\/","title":{"rendered":"Tr\u00eas praias sergipanas est\u00e3o impr\u00f3prias para o banho"},"content":{"rendered":"<p style=\"text-align: justify;\">O \u00edndice de balneabilidade medido pela Ger\u00eancia de Avalia\u00e7\u00e3o e Monitoramento Ambiental da Administra\u00e7\u00e3o Estadual do Meio Ambiente (Geama|Adema), indica que quatro praias do Estado n\u00e3o apresentam condi\u00e7\u00f5es adequadas para o banho.<\/p>\n<div id=\"attachment_58014\" style=\"width: 586px\" class=\"wp-caption aligncenter\"><a href=\"http:\/\/senoticias.com.br\/se\/wp-content\/uploads\/2014\/01\/Praia-da-Caueira.jpg\"><img loading=\"lazy\" decoding=\"async\" aria-describedby=\"caption-attachment-58014\" class=\"size-full wp-image-58014\" alt=\"(Foto: arquivo\/ SE Not\u00edcias)\" src=\"http:\/\/senoticias.com.br\/se\/wp-content\/uploads\/2014\/01\/Praia-da-Caueira.jpg\" width=\"576\" height=\"432\" srcset=\"https:\/\/senoticias.com.br\/se\/wp-content\/uploads\/2014\/01\/Praia-da-Caueira.jpg 576w, https:\/\/senoticias.com.br\/se\/wp-content\/uploads\/2014\/01\/Praia-da-Caueira-300x225.jpg 300w, https:\/\/senoticias.com.br\/se\/wp-content\/uploads\/2014\/01\/Praia-da-Caueira-342x256.jpg 342w, https:\/\/senoticias.com.br\/se\/wp-content\/uploads\/2014\/01\/Praia-da-Caueira-60x45.jpg 60w, https:\/\/senoticias.com.br\/se\/wp-content\/uploads\/2014\/01\/Praia-da-Caueira-150x113.jpg 150w, https:\/\/senoticias.com.br\/se\/wp-content\/uploads\/2014\/01\/Praia-da-Caueira-269x201.jpg 269w\" sizes=\"(max-width: 576px) 100vw, 576px\" \/><\/a><p id=\"caption-attachment-58014\" class=\"wp-caption-text\">(Foto: arquivo\/ SE Not\u00edcias)<\/p><\/div>\n<p style=\"text-align: justify;\">Conforme relat\u00f3rio semanal v\u00e1lido at\u00e9 o pr\u00f3ximo a pr\u00f3xima quinta-feira (11), das 28 praias monitoradas pelo \u00f3rg\u00e3o ambiental, quatro delas devem ser temporariamente evitadas para banho e atividades recreativas durante per\u00edodo apontado.<\/p>\n<p style=\"text-align: justify;\">Est\u00e3o temporariamente impr\u00f3prias para banho, as seguintes praias: Prainha de Propri\u00e1, Prainha da Adutora e Prainha do Povoado Sa\u00fade.<\/p>\n<p style=\"text-align: justify;\"><strong>Acompanhe tamb\u00e9m o SE Not\u00edcias no <a href=\"https:\/\/twitter.com\/Senoticias\" target=\"_blank\">Twitter<\/a>, <a href=\"https:\/\/www.facebook.com\/senoticias1\" target=\"_blank\">Facebook<\/a> e no <a href=\"https:\/\/www.instagram.com\/senoticias\/\" target=\"_blank\">Instagram.<\/a><\/strong><\/p>\n<p style=\"text-align: justify;\"><strong><a href=\"https:\/\/www.instagram.com\/senoticias\/\" target=\"_blank\">\u00a0<\/a><a href=\"http:\/\/senoticias.com.br\/se\/wp-content\/uploads\/2016\/08\/Logo-fone-1.jpg\"><img loading=\"lazy\" decoding=\"async\" class=\"aligncenter size-full wp-image-94839\" alt=\"Logo-fone-1\" src=\"http:\/\/senoticias.com.br\/se\/wp-content\/uploads\/2016\/08\/Logo-fone-1.jpg\" width=\"599\" height=\"78\" srcset=\"https:\/\/senoticias.com.br\/se\/wp-content\/uploads\/2016\/08\/Logo-fone-1.jpg 599w, https:\/\/senoticias.com.br\/se\/wp-content\/uploads\/2016\/08\/Logo-fone-1-300x39.jpg 300w, https:\/\/senoticias.com.br\/se\/wp-content\/uploads\/2016\/08\/Logo-fone-1-342x44.jpg 342w\" sizes=\"(max-width: 599px) 100vw, 599px\" \/><\/a><\/strong><\/p>\n<p style=\"text-align: justify;\"><strong>Mat\u00e9ria extra\u00edda do Portal <a href=\"http:\/\/g1.globo.com\/se\/sergipe\/noticia\/2016\/08\/tres-praias-sergipanas-estao-improprias-para-o-banho.html\" target=\"_blank\">G1 SE.<\/a><\/strong><\/p>\n<p style=\"text-align: justify;\"><strong>\u00a0<\/strong><\/p>\n","protected":false},"excerpt":{"rendered":"<p>O \u00edndice de balneabilidade medido pela Ger\u00eancia de Avalia\u00e7\u00e3o e Monitoramento Ambiental da Administra\u00e7\u00e3o Estadual do Meio Ambiente (Geama|Adema), indica que quatro praias do Estado n\u00e3o apresentam condi\u00e7\u00f5es adequadas para o banho. Conforme relat\u00f3rio semanal v\u00e1lido at\u00e9 o pr\u00f3ximo a pr\u00f3xima quinta-feira (11), das 28 praias monitoradas pelo \u00f3rg\u00e3o ambiental, quatro delas devem ser temporariamente [&hellip;]<\/p>\n","protected":false},"author":3,"featured_media":58014,"comment_status":"closed","ping_status":"closed","sticky":false,"template":"","format":"standard","meta":{"footnotes":""},"categories":[15,38],"tags":[1302],"class_list":{"0":"post-94994","1":"post","2":"type-post","3":"status-publish","4":"format-standard","5":"has-post-thumbnail","7":"category-destaques","8":"category-municipios","9":"tag-tres-praias-sergipanas-estao-improprias-para-o-banho"},"_links":{"self":[{"href":"https:\/\/senoticias.com.br\/se\/wp-json\/wp\/v2\/posts\/94994"}],"collection":[{"href":"https:\/\/senoticias.com.br\/se\/wp-json\/wp\/v2\/posts"}],"about":[{"href":"https:\/\/senoticias.com.br\/se\/wp-json\/wp\/v2\/types\/post"}],"author":[{"embeddable":true,"href":"https:\/\/senoticias.com.br\/se\/wp-json\/wp\/v2\/users\/3"}],"replies":[{"embeddable":true,"href":"https:\/\/senoticias.com.br\/se\/wp-json\/wp\/v2\/comments?post=94994"}],"version-history":[{"count":0,"href":"https:\/\/senoticias.com.br\/se\/wp-json\/wp\/v2\/posts\/94994\/revisions"}],"wp:featuredmedia":[{"embeddable":true,"href":"https:\/\/senoticias.com.br\/se\/wp-json\/wp\/v2\/media\/58014"}],"wp:attachment":[{"href":"https:\/\/senoticias.com.br\/se\/wp-json\/wp\/v2\/media?parent=94994"}],"wp:term":[{"taxonomy":"category","embeddable":true,"href":"https:\/\/senoticias.com.br\/se\/wp-json\/wp\/v2\/categories?post=94994"},{"taxonomy":"post_tag","embeddable":true,"href":"https:\/\/senoticias.com.br\/se\/wp-json\/wp\/v2\/tags?post=94994"}],"curies":[{"name":"wp","href":"https:\/\/api.w.org\/{rel}","templated":true}]}}