{"id":94991,"date":"2016-08-06T15:55:11","date_gmt":"2016-08-06T18:55:11","guid":{"rendered":"http:\/\/senoticias.com.br\/se\/?p=94991"},"modified":"2016-08-06T15:55:11","modified_gmt":"2016-08-06T18:55:11","slug":"sem-msn-cr7-bale-e-griezmann-disputarao-posto-de-melhor-da-europa","status":"publish","type":"post","link":"https:\/\/senoticias.com.br\/se\/sem-msn-cr7-bale-e-griezmann-disputarao-posto-de-melhor-da-europa\/","title":{"rendered":"Sem MSN: CR7, Bale e Griezmann disputar\u00e3o posto de melhor da Europa"},"content":{"rendered":"<p style=\"text-align: justify;\">O pr\u00eamio de melhor jogador da Europa na temporada 2015\/16 vai direto para Madri. A Uefa divulgou nesta sexta-feira os tr\u00eas finalistas de sua premia\u00e7\u00e3o, deixando a disputa entre jogadores de Real e Atl\u00e9tico, finalistas da Liga dos Campe\u00f5es: Cristiano Ronaldo, Bale e Griezmann que tamb\u00e9m se destacaram na disputa da Eurocopa, desbancando todos os membros do trio MSN (Messi, Su\u00e1rez e Neymar), do Barcelona. O vencedor ser\u00e1 apontado em uma nova vota\u00e7\u00e3o, em tempo real, no dia 25 de agosto &#8211; quando ocorrer\u00e1 o sorteio da fase de grupos da Champions.<\/p>\n<div id=\"attachment_94992\" style=\"width: 606px\" class=\"wp-caption aligncenter\"><a href=\"http:\/\/senoticias.com.br\/se\/wp-content\/uploads\/2016\/08\/uefa-e1470509586995.jpg\"><img loading=\"lazy\" decoding=\"async\" aria-describedby=\"caption-attachment-94992\" class=\"size-full wp-image-94992\" alt=\"Cristiano Ronaldo, Bale e Griezmann disputar\u00e3o pr\u00eamio da Uefa (Foto: Reprodu\u00e7\u00e3o\/Twitter)\" src=\"http:\/\/senoticias.com.br\/se\/wp-content\/uploads\/2016\/08\/uefa-e1470509586995.jpg\" width=\"596\" height=\"335\" \/><\/a><p id=\"caption-attachment-94992\" class=\"wp-caption-text\">Cristiano Ronaldo, Bale e Griezmann disputar\u00e3o pr\u00eamio da Uefa (Foto: Reprodu\u00e7\u00e3o\/Twitter)<\/p><\/div>\n<p style=\"text-align: justify;\">Com uma temporada irregular, Neymar ficou fora at\u00e9 mesmo do top 10 da elei\u00e7\u00e3o da Uefa: acabou na 19\u00aa coloca\u00e7\u00e3o, junto com Hazard, Iniesta e Renato Sanches. Luis Su\u00e1rez, por sua vez, ficou na quarta coloca\u00e7\u00e3o e desbancou Messi, que ficou em quinto. O goleiro Buffon, destaque do Juventus e da sele\u00e7\u00e3o italiana, ficou com a sexta posi\u00e7\u00e3o. O zagueiro Pepe, que se destacou ao longo da Eurocopa e foi eleito o melhor jogador da final da Euro, foi o s\u00e9timo, seguido pelos alem\u00e3es Neuer (Bayern), Kroos (Real) e M\u00fcller (Bayern).<\/p>\n<p style=\"text-align: justify;\">Logo abaixo do top 10 vem uma dupla que brilhou conduzindo o Leicester a uma conquista hist\u00f3rica no Campeonato Ingl\u00eas: Mahrez e Vardy, 11\u00ba e 12\u00ba, respectivamente. Muito badalado na It\u00e1lia e na Fran\u00e7a, Pogba ficou apenas na 25\u00aa coloca\u00e7\u00e3o &#8211; junto ao atacante Will Grigg, reserva do Wigan que n\u00e3o jogou um minuto sequer na Eurocopa, mas ganhou fama com uma m\u00fasica da torcida norte-irlandesa.<br \/>\nO ranking foi feito atrav\u00e9s de uma vota\u00e7\u00e3o de jornalistas dos 55 pa\u00edses associados \u00e0 Uefa, que apontaram os cinco melhores jogadores, na ordem &#8211; o primeiro colocado recebia cinco pontos, o segundo, quatro, e assim sucessivamente. No total, 37 jogadores receberam votos &#8211; e a Uefa divulgou os 30 primeiros colocados da lista.<\/p>\n<p style=\"text-align: justify;\">Campe\u00e3o da Liga dos Campe\u00f5es e da Eurocopa, Cristiano Ronaldo pinta como grande favorito na disputa. Vencedor do pr\u00eamio em 2013\/14, o camisa 7 pode empatar com Messi, que tem dois trof\u00e9us (2010\/11 e 2014\/15). O portugu\u00eas, entretanto, segue como o \u00fanico jogador a ser finalista da premia\u00e7\u00e3o desde que ela foi criada, na temporada 2010\/11. Os outros vencedores foram Iniesta (2011\/12) e Rib\u00e9ry (2012\/13).<\/p>\n<p style=\"text-align: justify;\">Esta \u00e9 a segunda vez que nenhum jogador do Barcelona fica entre os tr\u00eas finalistas do pr\u00eamio da Uefa &#8211; a outra foi ap\u00f3s a temporada 2013\/14, em que o clube catal\u00e3o caiu nas quartas de final da Liga dos Campe\u00f5es e foi vice-campe\u00e3o espanhol.<\/p>\n<p style=\"text-align: justify;\">\n<strong>Confira o top 30 divulgado pela Uefa:<\/strong><\/p>\n<p style=\"text-align: justify;\">4) Su\u00e1rez (Barcelona e Uruguai) &#8211; 29 pontos<br \/>\n5) Messi (Barcelona e Argentina) &#8211; 25 pontos<br \/>\n6) Buffon (Juventus e It\u00e1lia) &#8211; 19 pontos<br \/>\n7) Pepe (Real Madrid e Portugal &#8211; 9 pontos<br \/>\n8) Neuer (Bayern de Munique e Alemanha) &#8211; 6 pontos<br \/>\n9) Kroos (Real Madrid e Alemanha) &#8211; 5 pontos<br \/>\n10) M\u00fcller (Bayern de Munique e Alemanha) &#8211; 2 pontos<br \/>\n11) Mahrez (Leicester e Arg\u00e9lia)<br \/>\n12) Vardy (Leicester e Inglaterra)<br \/>\n13) Payet (West Ham e Fran\u00e7a)<br \/>\n14) Boateng (Bayern e Alemanha)<br \/>\n15) Vidal (Bayern e Chile)<br \/>\n16) Modric (Real Madrid e Cro\u00e1cia)<br \/>\n17) Kant\u00e9 (Leicester e Fran\u00e7a)<br \/>\n18) Ibrahimovic (PSG e Su\u00e9cia)<br \/>\n19) Hazard (Chelsea e B\u00e9lgica)<br \/>\n19) Iniesta (Barcelona e Espanha)<br \/>\n19) Neymar (Barcelona e Brasil)<br \/>\n19) Renato Sanches (Benfica e Portugal)<br \/>\n23) Lewandowski (Bayern e Pol\u00f4nia)<br \/>\n24) Higua\u00edn (N\u00e1poli e Argentina)<br \/>\n25) Chiellini (Juventus e It\u00e1lia)<br \/>\n25) God\u00edn (Atl\u00e9tico de Madrid e Uruguai)<br \/>\n25) Will Grigg (Wigan e Irlanda do Norte)<br \/>\n25) Lloris (Tottenham e Fran\u00e7a)<br \/>\n25) Pogba (Juventus e Fran\u00e7a)<br \/>\n30) Alderweireld (Tottenham e B\u00e9lgica)<br \/>\n30) Aubameyang (Borussia Dortmund e Gab\u00e3o)<br \/>\n30) De Bruyne (Manchester City e B\u00e9lgica)<br \/>\n30) Gameiro (Sevilla e Fran\u00e7a)<br \/>\n30) Krychowiak (Sevilla e Pol\u00f4nia)<br \/>\n30) Matuidi (PSG e Fran\u00e7a)<br \/>\n30) N&#8217;Koudou (Olympique e Fran\u00e7a)<br \/>\n30) Oblak (Atl\u00e9tico de Madrid e Eslov\u00eania)<\/p>\n<p style=\"text-align: justify;\">\n<strong>Acompanhe tamb\u00e9m o SE Not\u00edcias no <a href=\"https:\/\/twitter.com\/Senoticias\" target=\"_blank\">Twitter<\/a>, <a href=\"https:\/\/www.facebook.com\/senoticias1\" target=\"_blank\">Facebook<\/a> e no <a href=\"https:\/\/www.instagram.com\/senoticias\/\" target=\"_blank\">Instagram.<\/a><\/strong><\/p>\n<p style=\"text-align: justify;\"><strong>\u00a0<a href=\"http:\/\/senoticias.com.br\/se\/wp-content\/uploads\/2016\/08\/Logo-fone-1.jpg\"><img loading=\"lazy\" decoding=\"async\" class=\"aligncenter size-full wp-image-94839\" alt=\"Logo-fone-1\" src=\"http:\/\/senoticias.com.br\/se\/wp-content\/uploads\/2016\/08\/Logo-fone-1.jpg\" width=\"599\" height=\"78\" srcset=\"https:\/\/senoticias.com.br\/se\/wp-content\/uploads\/2016\/08\/Logo-fone-1.jpg 599w, https:\/\/senoticias.com.br\/se\/wp-content\/uploads\/2016\/08\/Logo-fone-1-300x39.jpg 300w, https:\/\/senoticias.com.br\/se\/wp-content\/uploads\/2016\/08\/Logo-fone-1-342x44.jpg 342w\" sizes=\"(max-width: 599px) 100vw, 599px\" \/><\/a><\/strong><\/p>\n<p style=\"text-align: justify;\">\n<strong>Mat\u00e9ria extra\u00edda do Portal <a href=\"http:\/\/globoesporte.globo.com\/futebol\/futebol-internacional\/noticia\/2016\/08\/sem-msn-cr7-bale-e-griezmann-disputarao-posto-de-melhor-da-europa.html#equipe-portugal\" target=\"_blank\"><strong itemprop=\"author\">Globo Esporte.com \/\u00a0<\/strong>Nyon, Su\u00ed\u00e7a.<\/a><\/strong><\/p>\n<p style=\"text-align: justify;\"><a href=\"http:\/\/globoesporte.globo.com\/futebol\/futebol-internacional\/noticia\/2016\/08\/sem-msn-cr7-bale-e-griezmann-disputarao-posto-de-melhor-da-europa.html#equipe-portugal\" target=\"_blank\">\u00a0<\/a><\/p>\n","protected":false},"excerpt":{"rendered":"<p>O pr\u00eamio de melhor jogador da Europa na temporada 2015\/16 vai direto para Madri. A Uefa divulgou nesta sexta-feira os tr\u00eas finalistas de sua premia\u00e7\u00e3o, deixando a disputa entre jogadores de Real e Atl\u00e9tico, finalistas da Liga dos Campe\u00f5es: Cristiano Ronaldo, Bale e Griezmann que tamb\u00e9m se destacaram na disputa da Eurocopa, desbancando todos os [&hellip;]<\/p>\n","protected":false},"author":3,"featured_media":94992,"comment_status":"closed","ping_status":"closed","sticky":false,"template":"","format":"standard","meta":{"footnotes":""},"categories":[39,26],"tags":[1301,1300],"class_list":{"0":"post-94991","1":"post","2":"type-post","3":"status-publish","4":"format-standard","5":"has-post-thumbnail","7":"category-esporte","8":"category-esportes","9":"tag-bale-e-griezmann-disputarao-posto-de-melhor-da-europa","10":"tag-sem-msn-cr7"},"_links":{"self":[{"href":"https:\/\/senoticias.com.br\/se\/wp-json\/wp\/v2\/posts\/94991"}],"collection":[{"href":"https:\/\/senoticias.com.br\/se\/wp-json\/wp\/v2\/posts"}],"about":[{"href":"https:\/\/senoticias.com.br\/se\/wp-json\/wp\/v2\/types\/post"}],"author":[{"embeddable":true,"href":"https:\/\/senoticias.com.br\/se\/wp-json\/wp\/v2\/users\/3"}],"replies":[{"embeddable":true,"href":"https:\/\/senoticias.com.br\/se\/wp-json\/wp\/v2\/comments?post=94991"}],"version-history":[{"count":0,"href":"https:\/\/senoticias.com.br\/se\/wp-json\/wp\/v2\/posts\/94991\/revisions"}],"wp:featuredmedia":[{"embeddable":true,"href":"https:\/\/senoticias.com.br\/se\/wp-json\/wp\/v2\/media\/94992"}],"wp:attachment":[{"href":"https:\/\/senoticias.com.br\/se\/wp-json\/wp\/v2\/media?parent=94991"}],"wp:term":[{"taxonomy":"category","embeddable":true,"href":"https:\/\/senoticias.com.br\/se\/wp-json\/wp\/v2\/categories?post=94991"},{"taxonomy":"post_tag","embeddable":true,"href":"https:\/\/senoticias.com.br\/se\/wp-json\/wp\/v2\/tags?post=94991"}],"curies":[{"name":"wp","href":"https:\/\/api.w.org\/{rel}","templated":true}]}}