{"id":94989,"date":"2016-08-06T14:16:29","date_gmt":"2016-08-06T17:16:29","guid":{"rendered":"http:\/\/senoticias.com.br\/se\/?p=94989"},"modified":"2016-08-06T14:16:29","modified_gmt":"2016-08-06T17:16:29","slug":"governo-oferece-cursos-gratuitos-para-qualificacao-de-pessoas-com-deficiencia","status":"publish","type":"post","link":"https:\/\/senoticias.com.br\/se\/governo-oferece-cursos-gratuitos-para-qualificacao-de-pessoas-com-deficiencia\/","title":{"rendered":"Governo oferece cursos gratuitos para qualifica\u00e7\u00e3o de pessoas com defici\u00eancia"},"content":{"rendered":"<p style=\"text-align: justify;\">Em parceria com o Minist\u00e9rio P\u00fablico do Trabalho (MPT), a Superintend\u00eancia Regional do Trabalho e Emprego (SRTE) e o Conselho Estadual dos Direitos da Pessoa com Defici\u00eancia (CEDPcD), o N\u00facleo de Apoio ao Trabalho (NAT) est\u00e1 oferecendo cursos para gerar oportunidades de inser\u00e7\u00e3o no mercado de trabalho para pessoas com defici\u00eancia. H\u00e1 vagas para a forma\u00e7\u00e3o de T\u00e9cnicos em Seguran\u00e7a do Trabalho e T\u00e9cnicos em Enfermagem &#8211; ministrados pela Funda\u00e7\u00e3o S\u00e3o Lucas; al\u00e9m de vagas para os cursos de Vigilante e de Reciclagem para Vigilantes &#8211; ministrados pela Infante.<\/p>\n<div id=\"attachment_94990\" style=\"width: 606px\" class=\"wp-caption aligncenter\"><a href=\"http:\/\/senoticias.com.br\/se\/wp-content\/uploads\/2016\/08\/842e4a6e1d2abc0cd543685c0b3394c4-e1470503712973.jpeg\"><img loading=\"lazy\" decoding=\"async\" aria-describedby=\"caption-attachment-94990\" class=\"size-full wp-image-94990\" alt=\"Foto: Pritty Reis\" src=\"http:\/\/senoticias.com.br\/se\/wp-content\/uploads\/2016\/08\/842e4a6e1d2abc0cd543685c0b3394c4-e1470503712973.jpeg\" width=\"596\" height=\"398\" \/><\/a><p id=\"caption-attachment-94990\" class=\"wp-caption-text\">Foto: Pritty Reis<\/p><\/div>\n<p style=\"text-align: justify;\">Oferecidas de forma gratuita para a popula\u00e7\u00e3o, as aulas j\u00e1 se iniciaram, mas ainda \u00e9 poss\u00edvel se inscrever. Basta comparecer ao NAT Matriz, localizado na sede da Secretaria de Estado da Mulher, Inclus\u00e3o e Assist\u00eancia Social, do Trabalho e dos Direitos Humanos (Seidh) [Rua Santa Luzia, 680], no hor\u00e1rio das 07h \u00e0s 13h, e apresentar Carteira de Trabalho com o PIS, CPF, carteira de identidade, certificado de conclus\u00e3o do Ensino M\u00e9dio, e laudo m\u00e9dico com a CID.<\/p>\n<p style=\"text-align: justify;\">De acordo com Ros\u00e1lia Amaral, assistente social respons\u00e1vel pelo setor da pessoa com defici\u00eancia do NAT, a defini\u00e7\u00e3o dos cursos que seriam ofertados partiu de um levantamento realizado para identificar a demanda do mercado, e as possibilidades voltadas para esse p\u00fablico. \u201cTemos car\u00eancia na oferta desses segmentos de cursos. Para n\u00f3s \u00e9 muito gratificante, por isso, me emociono ao ver o progresso dessas pessoas. Isso vai al\u00e9m de qualquer of\u00edcio. \u00c9 uma motiva\u00e7\u00e3o para n\u00f3s, que trabalhamos para promover essas causas\u201d, destacou Ros\u00e1lia.<\/p>\n<p style=\"text-align: justify;\">O vice-presidente da Associa\u00e7\u00e3o de Moradores do Bairro Am\u00e9rica, Luiz Carlos da Silva, est\u00e1 matriculado no curso de T\u00e9cnico em Seguran\u00e7a do Trabalho, e ressalta que o projeto \u00e9 uma parceria excelente, pois busca criar possibilidades para as pessoas com defici\u00eancia.\u00a0 \u201c\u00c9 uma oportunidade \u00fanica e isso veio a calhar, j\u00e1 que o custo, muitas das vezes, n\u00e3o cabe dentro do nosso or\u00e7amento. A turma que eu participo possui 14 alunos e a aceita\u00e7\u00e3o foi muito positiva. Vale lembrar que \u00e9 importante estimular outras pessoas com defici\u00eancia, para que elas possam usufruir dessa chance. Espero atuar na \u00e1rea, pois tenho preocupa\u00e7\u00e3o com a preven\u00e7\u00e3o de acidentes de trabalho e gosto de lidar com as pessoas. Agrade\u00e7o a todos os envolvidos nessa conquista\u201d, disse.<\/p>\n<p style=\"text-align: justify;\">Para Marcelo Borges, que tamb\u00e9m cursa Seguran\u00e7a do Trabalho, a oportunidade gera um momento \u00edmpar na sua vida. Com emprego fixo h\u00e1 dois anos, agora ele pode participar da capacita\u00e7\u00e3o. \u201cA Seidh, atrav\u00e9s da secret\u00e1ria Marta Le\u00e3o, e os demais \u00f3rg\u00e3os envolvidos foram fundamentais para que isso pudesse acontecer. Sou grato a todos que contribu\u00edram de forma incans\u00e1vel para que pud\u00e9ssemos ter esse avan\u00e7o em nossas vidas. Felicidade \u00e9 pouco para expressar esse sentimento\u201d, relatou Marcelo.<\/p>\n<p><strong>Acompanhe tamb\u00e9m o SE Not\u00edcias no <a href=\"https:\/\/twitter.com\/Senoticias\" target=\"_blank\">Twitter<\/a>, <a href=\"https:\/\/www.facebook.com\/senoticias1\" target=\"_blank\">Facebook<\/a> e no<a href=\"https:\/\/www.instagram.com\/senoticias\/\" target=\"_blank\"> Instagram.<\/a><\/strong><\/p>\n<p><a href=\"https:\/\/www.instagram.com\/senoticias\/\" target=\"_blank\"><strong>\u00a0<a href=\"http:\/\/senoticias.com.br\/se\/wp-content\/uploads\/2016\/08\/Logo-fone-1.jpg\"><img loading=\"lazy\" decoding=\"async\" class=\"aligncenter size-full wp-image-94839\" alt=\"Logo-fone-1\" src=\"http:\/\/senoticias.com.br\/se\/wp-content\/uploads\/2016\/08\/Logo-fone-1.jpg\" width=\"599\" height=\"78\" srcset=\"https:\/\/senoticias.com.br\/se\/wp-content\/uploads\/2016\/08\/Logo-fone-1.jpg 599w, https:\/\/senoticias.com.br\/se\/wp-content\/uploads\/2016\/08\/Logo-fone-1-300x39.jpg 300w, https:\/\/senoticias.com.br\/se\/wp-content\/uploads\/2016\/08\/Logo-fone-1-342x44.jpg 342w\" sizes=\"(max-width: 599px) 100vw, 599px\" \/><\/a><\/strong><\/a><br \/>\n<strong>Mat\u00e9ria extra\u00edda do Portal <a href=\"http:\/\/www.agencia.se.gov.br\/noticias\/inclusao-social\/governo-oferece-cursos-gratuitos-para-qualificacao-de-pessoas-com-deficiencia\" target=\"_blank\">Ag\u00eancia Sergipe de Noticias.<\/a><\/strong><\/p>\n","protected":false},"excerpt":{"rendered":"<p>Em parceria com o Minist\u00e9rio P\u00fablico do Trabalho (MPT), a Superintend\u00eancia Regional do Trabalho e Emprego (SRTE) e o Conselho Estadual dos Direitos da Pessoa com Defici\u00eancia (CEDPcD), o N\u00facleo de Apoio ao Trabalho (NAT) est\u00e1 oferecendo cursos para gerar oportunidades de inser\u00e7\u00e3o no mercado de trabalho para pessoas com defici\u00eancia. H\u00e1 vagas para a [&hellip;]<\/p>\n","protected":false},"author":3,"featured_media":94990,"comment_status":"closed","ping_status":"closed","sticky":false,"template":"","format":"standard","meta":{"footnotes":""},"categories":[44,26,38,8],"tags":[1299],"class_list":{"0":"post-94989","1":"post","2":"type-post","3":"status-publish","4":"format-standard","5":"has-post-thumbnail","7":"category-educacao","8":"category-esportes","9":"category-municipios","10":"category-esporte-e-cultura","11":"tag-governo-oferece-cursos-gratuitos-para-qualificacao-de-pessoas-com-deficiencia"},"_links":{"self":[{"href":"https:\/\/senoticias.com.br\/se\/wp-json\/wp\/v2\/posts\/94989"}],"collection":[{"href":"https:\/\/senoticias.com.br\/se\/wp-json\/wp\/v2\/posts"}],"about":[{"href":"https:\/\/senoticias.com.br\/se\/wp-json\/wp\/v2\/types\/post"}],"author":[{"embeddable":true,"href":"https:\/\/senoticias.com.br\/se\/wp-json\/wp\/v2\/users\/3"}],"replies":[{"embeddable":true,"href":"https:\/\/senoticias.com.br\/se\/wp-json\/wp\/v2\/comments?post=94989"}],"version-history":[{"count":0,"href":"https:\/\/senoticias.com.br\/se\/wp-json\/wp\/v2\/posts\/94989\/revisions"}],"wp:featuredmedia":[{"embeddable":true,"href":"https:\/\/senoticias.com.br\/se\/wp-json\/wp\/v2\/media\/94990"}],"wp:attachment":[{"href":"https:\/\/senoticias.com.br\/se\/wp-json\/wp\/v2\/media?parent=94989"}],"wp:term":[{"taxonomy":"category","embeddable":true,"href":"https:\/\/senoticias.com.br\/se\/wp-json\/wp\/v2\/categories?post=94989"},{"taxonomy":"post_tag","embeddable":true,"href":"https:\/\/senoticias.com.br\/se\/wp-json\/wp\/v2\/tags?post=94989"}],"curies":[{"name":"wp","href":"https:\/\/api.w.org\/{rel}","templated":true}]}}