{"id":94987,"date":"2016-08-06T14:00:06","date_gmt":"2016-08-06T17:00:06","guid":{"rendered":"http:\/\/senoticias.com.br\/se\/?p=94987"},"modified":"2016-08-06T14:00:06","modified_gmt":"2016-08-06T17:00:06","slug":"governo-investe-mais-de-r-61-milhoes-em-escolas-profissionalizantes","status":"publish","type":"post","link":"https:\/\/senoticias.com.br\/se\/governo-investe-mais-de-r-61-milhoes-em-escolas-profissionalizantes\/","title":{"rendered":"Governo investe mais de R$ 61 milh\u00f5es em escolas profissionalizantes"},"content":{"rendered":"<p style=\"text-align: justify;\">\u00c9 vis\u00edvel o avan\u00e7o na obra de constru\u00e7\u00e3o do Col\u00e9gio Profissionalizante na cidade de Umba\u00faba, no extremo sul do estado, a 105 km da capital. Essa \u00e9 uma das unidades voltadas para cursos t\u00e9cnicos que o Governo de Sergipe constr\u00f3i atualmente. A escola oferecer\u00e1 504 vagas voltadas para a cadeia produtiva t\u00eaxtil, priorizando o acesso tamb\u00e9m para os jovens dos munic\u00edpios das regi\u00f5es sul e centro-sul. Al\u00e9m de Umba\u00faba, a gest\u00e3o estadual investe em unidades profissionalizantes em Nossa Senhora das Dores, Nossa Senhora do Socorro e j\u00e1 concluiu as escolas de Itabaiana, Carm\u00f3polis, Boquim e Propri\u00e1.<\/p>\n<div id=\"attachment_94988\" style=\"width: 606px\" class=\"wp-caption aligncenter\"><a href=\"http:\/\/senoticias.com.br\/se\/wp-content\/uploads\/2016\/08\/07c8bd7a7ad4706b88c3dd942f9638b3-e1470502758115.jpg\"><img loading=\"lazy\" decoding=\"async\" aria-describedby=\"caption-attachment-94988\" class=\"size-full wp-image-94988\" alt=\"Em Umba\u00faba, escola profissionalizante oferecer\u00e1 504 vagas voltadas para a cadeia produtiva t\u00eaxtil \/ Foto: Victor Ribeiro\/ASN\" src=\"http:\/\/senoticias.com.br\/se\/wp-content\/uploads\/2016\/08\/07c8bd7a7ad4706b88c3dd942f9638b3-e1470502758115.jpg\" width=\"596\" height=\"398\" \/><\/a><p id=\"caption-attachment-94988\" class=\"wp-caption-text\">Em Umba\u00faba, escola profissionalizante oferecer\u00e1 504 vagas voltadas para a cadeia produtiva t\u00eaxtil \/ Foto: Victor Ribeiro\/ASN<\/p><\/div>\n<p style=\"text-align: justify;\">\u201cEstamos com aproximadamente 70% da obra realizada, j\u00e1 na fase de acabamentos, cobertura, estrutura met\u00e1lica, instala\u00e7\u00e3o el\u00e9trica e pintura. \u00c9 a parte final e a previs\u00e3o de conclus\u00e3o \u00e9 para novembro deste ano\u201d, informou o engenheiro Paulo Agra, da empresa Camel respons\u00e1vel pelos servi\u00e7os. O Governo do Estado est\u00e1 investindo R$ 10.106.889,58 por meio da Secretaria de Estado de Infraestrutura e do Desenvolvimento Urbano (Seinfra), com execu\u00e7\u00e3o da Companhia Estadual de Habita\u00e7\u00e3o e Obras P\u00fablicas (Cehop).<\/p>\n<p>Mas o investimento maior \u00e9 no futuro dos jovens sergipanos. \u00c9 o que acredita o secret\u00e1rio de Estado da Educa\u00e7\u00e3o, Jorge Carvalho. &#8220;O ensino profissionalizante vai formar e inserir os jovens concluintes do ensino m\u00e9dio no mercado de trabalho&#8221;, afirma.<\/p>\n<p>A proposta \u00e9 atender \u00e0 demanda do mercado por m\u00e3o de obra especializada. Por esse motivo, cada centro foi planejado levando-se em considera\u00e7\u00e3o as voca\u00e7\u00f5es econ\u00f4micas de suas respectivas regi\u00f5es.<\/p>\n<p>Ter uma profiss\u00e3o \u00e9 o desejo de qualquer jovem e esta nova oportunidade, bem perto de casa, \u00e9 a chance que faltava, na opini\u00e3o da estudante de 24 anos, Reniana Concei\u00e7\u00e3o. Ela se mostra esperan\u00e7osa com a perspectiva de inaugura\u00e7\u00e3o do Col\u00e9gio Profissionalizante e acredita que muitos jovens poder\u00e3o ser beneficiados.<\/p>\n<p style=\"text-align: justify;\">\u201cFiquei feliz por saber que est\u00e3o construindo uma escola t\u00e9cnica. Espero que venha trazer melhorias porque os jovens da nossa cidade na atualidade necessitam disso. Eu espero que as gest\u00f5es p\u00fablicas tenham esse comprometimento com a nossa cidade, que essa escola venha trazer benef\u00edcios para os nossos jovens, principalmente nessa regi\u00e3o que precisa muito focalizar nisso. Os jovens daqui da nossa cidade infelizmente est\u00e3o se perdendo e se tiver esse comprometimento s\u00e9rio por parte de quem administra seria muito bom mesmo. Espero que eu tenha a oportunidade de entrar, terminar meus estudos e me especializar em alguma coisa\u201d, relatou.<\/p>\n<p style=\"text-align: justify;\"><strong>Ensino profissionalizante<\/strong><\/p>\n<p>Est\u00e3o em constru\u00e7\u00e3o tamb\u00e9m outros dois centros de educa\u00e7\u00e3o profissionalizante nos munic\u00edpios de Nossa Senhora do Socorro e Nossa Senhora das Dores, al\u00e9m do que j\u00e1 foi conclu\u00eddo e aguarda inaugura\u00e7\u00e3o no Jardim, tamb\u00e9m em Socorro, esse voltado para a \u00e1rea da sa\u00fade. Todos eles seguem um modelo padr\u00e3o de escolas de educa\u00e7\u00e3o profissional elaborado pelo Fundo Nacional de Desenvolvimento da Educa\u00e7\u00e3o, do Minist\u00e9rio da Educa\u00e7\u00e3o (FNDE\/MEC). O objetivo da gest\u00e3o estadual \u00e9 construir uma escola profissionalizante em cada um dos oito territ\u00f3rios sergipanos.<\/p>\n<p>Atualmente, o estado disp\u00f5e de escolas profissionalizantes em Itabaiana (Murilo Braga), Carm\u00f3polis ( unidade de Petr\u00f3leo e G\u00e1s governador Marcelo D\u00e9da), Ne\u00f3polis (CEEP Agonalto Pacheco), Aracaju (CEEP Jos\u00e9 Figueiredo Barreto e Conservat\u00f3rio de M\u00fasica), Po\u00e7o Redondo (CEEP Dom Jos\u00e9 Brand\u00e3o de Castro), Boquim (CEEP Maria Fontes de Faria &#8211; Dona Marieta), Propri\u00e1 (Col\u00e9gio Estadual Joana de Freitas Barbosa) e Japoat\u00e3 (Escola Fam\u00edlia Agr\u00edcola de Ladeirinhas).<\/p>\n<p>A decis\u00e3o do Governo de Sergipe de construir centros profissionalizantes acompanha uma realidade que \u00e9 nacional para a flexibiliza\u00e7\u00e3o do ensino m\u00e9dio. \u201cAs discuss\u00f5es a cerca do ensino m\u00e9dio entendem que n\u00e3o s\u00f3 o Enem, os acessos \u00e0 faculdade devem ser o caminho para o jovem. Ele deve ter uma alternativa, que s\u00e3o os cursos t\u00e9cnicos profissionalizantes. Essa tend\u00eancia do pa\u00eds est\u00e1 sendo atentamente observada pela Secretaria da Educa\u00e7\u00e3o\u201d, explica a Departamento de Educa\u00e7\u00e3o da Seed, Gabriela Zelice.<\/p>\n<p style=\"text-align: justify;\">A moradora de Umba\u00faba, Maria Cleide Messias, est\u00e1 desempregada e espera mudar esta situa\u00e7\u00e3o com uma forma\u00e7\u00e3o profissionalizante. \u201cQuem n\u00e3o quer ter uma profiss\u00e3o, at\u00e9 eu me animaria a voltar a estudar. Espero que a nova escola traga benef\u00edcios \u00e0 popula\u00e7\u00e3o, n\u00e3o s\u00f3 para Umba\u00faba, mas para toda a regi\u00e3o\u201d, torce.<\/p>\n<p style=\"text-align: justify;\"><strong>A obra<\/strong><\/p>\n<p style=\"text-align: justify;\">A obra conta atualmente com 63 funcion\u00e1rios que executam trabalhos em diferentes pontos, como o audit\u00f3rio, que ter\u00e1 capacidade para 200 pessoas, na cobertura da quadra poliesportiva, e nos revestimentos em geral. Segundo o engenheiro da obra Daniel Nou, cerca de 85% da m\u00e3o-de-obra \u00e9 composta por trabalhadores da cidade. \u201cN\u00f3s demos prefer\u00eancia em contratar pessoal local, somente em \u00e1reas especializadas que n\u00e3o encontramos aqui, trouxemos de fora\u201d, contou.<\/p>\n<p style=\"text-align: justify;\">Outra caracter\u00edstica da constru\u00e7\u00e3o \u00e9 o reaproveitamento da \u00e1gua da chuva. \u201cToda \u00e1gua que cai na cobertura, nas telhas v\u00e3o para as calhas e desce para a tubula\u00e7\u00e3o que v\u00e3o para um reservat\u00f3rio. Essa \u00e1gua ser\u00e1 utilizada na irriga\u00e7\u00e3o para a jardinagem\u201d, informa o engenheiro.<\/p>\n<p>Instalado em uma \u00e1rea de 14.537,93m\u00b2, na rua 1\u00ba de Maio, Centro de Umba\u00faba, o pr\u00e9dio escolar conta com 5.577,39m\u00b2 de \u00e1rea constru\u00edda. A ampla estrutura contar\u00e1 com blocos administrativo e pedag\u00f3gico, constitu\u00eddos por dois pavimentos, que contar\u00e3o com 12 salas de aula, e capacidade para 42 alunos cada; seis laborat\u00f3rios para as disciplinas de qu\u00edmica, biologia, f\u00edsica, matem\u00e1tica, l\u00ednguas e inform\u00e1tica; setor administrativo e dois laborat\u00f3rios especiais.<\/p>\n<p>\u201cContar\u00e1 ainda com uma biblioteca com dois pavimentos e esta\u00e7\u00e3o elevat\u00f3ria, al\u00e9m das escadas, para o uso por pessoas com defici\u00eancia. A acessibilidade tamb\u00e9m foi observada, o centro atende \u00e0s normas t\u00e9cnicas em todos os ambientes, com piso t\u00e1til e rampas de acesso, tanto no entorno quanto em sua parte interna, al\u00e9m de banheiros adaptados\u201d, explica o fiscal da Cehop, Daniel Marques.<\/p>\n<p>O Centro Profissionalizante de Umba\u00faba vai contar ainda com uma rede de combate a inc\u00eandio com hidrantes, sistema de prote\u00e7\u00e3o contra descargas atmosf\u00e9ricas e sistema de irriga\u00e7\u00e3o para as \u00e1reas gramadas. Existe tamb\u00e9m um anfiteatro e o bloco de servi\u00e7o, que vai dispor de viv\u00eancia, cozinha e despensas, al\u00e9m do estacionamento interno para 35 ve\u00edculos, biciclet\u00e1rio e mot\u00e1rio.<\/p>\n<p><strong>Acompanhe tamb\u00e9m o SE Not\u00edcias no <a href=\"https:\/\/twitter.com\/Senoticias\" target=\"_blank\">Twitter<\/a>, <a href=\"https:\/\/www.facebook.com\/senoticias1\" target=\"_blank\">Facebook <\/a>e no <a href=\"https:\/\/www.instagram.com\/senoticias\/\" target=\"_blank\">Instagram.<\/a><\/strong><\/p>\n<p><strong>\u00a0<a href=\"http:\/\/senoticias.com.br\/se\/wp-content\/uploads\/2016\/08\/Logo-fone-1.jpg\"><img loading=\"lazy\" decoding=\"async\" class=\"aligncenter size-full wp-image-94839\" alt=\"Logo-fone-1\" src=\"http:\/\/senoticias.com.br\/se\/wp-content\/uploads\/2016\/08\/Logo-fone-1.jpg\" width=\"599\" height=\"78\" srcset=\"https:\/\/senoticias.com.br\/se\/wp-content\/uploads\/2016\/08\/Logo-fone-1.jpg 599w, https:\/\/senoticias.com.br\/se\/wp-content\/uploads\/2016\/08\/Logo-fone-1-300x39.jpg 300w, https:\/\/senoticias.com.br\/se\/wp-content\/uploads\/2016\/08\/Logo-fone-1-342x44.jpg 342w\" sizes=\"(max-width: 599px) 100vw, 599px\" \/><\/a><\/strong><br \/>\n<strong>Mat\u00e9ria extra\u00edda do Portal <a href=\"http:\/\/www.agencia.se.gov.br\/noticias\/governo\/governo-investe-mais-de-r-61-milhoes-em-escolas-profissionalizantes\" target=\"_blank\">Ag\u00eancia Sergipe de Noticias.<\/a><\/strong><\/p>\n","protected":false},"excerpt":{"rendered":"<p>\u00c9 vis\u00edvel o avan\u00e7o na obra de constru\u00e7\u00e3o do Col\u00e9gio Profissionalizante na cidade de Umba\u00faba, no extremo sul do estado, a 105 km da capital. Essa \u00e9 uma das unidades voltadas para cursos t\u00e9cnicos que o Governo de Sergipe constr\u00f3i atualmente. A escola oferecer\u00e1 504 vagas voltadas para a cadeia produtiva t\u00eaxtil, priorizando o acesso [&hellip;]<\/p>\n","protected":false},"author":3,"featured_media":94988,"comment_status":"closed","ping_status":"closed","sticky":false,"template":"","format":"standard","meta":{"footnotes":""},"categories":[6],"tags":[1298],"class_list":{"0":"post-94987","1":"post","2":"type-post","3":"status-publish","4":"format-standard","5":"has-post-thumbnail","7":"category-politica","8":"tag-governo-investe-mais-de-r-61-milhoes-em-escolas-profissionalizantes"},"_links":{"self":[{"href":"https:\/\/senoticias.com.br\/se\/wp-json\/wp\/v2\/posts\/94987"}],"collection":[{"href":"https:\/\/senoticias.com.br\/se\/wp-json\/wp\/v2\/posts"}],"about":[{"href":"https:\/\/senoticias.com.br\/se\/wp-json\/wp\/v2\/types\/post"}],"author":[{"embeddable":true,"href":"https:\/\/senoticias.com.br\/se\/wp-json\/wp\/v2\/users\/3"}],"replies":[{"embeddable":true,"href":"https:\/\/senoticias.com.br\/se\/wp-json\/wp\/v2\/comments?post=94987"}],"version-history":[{"count":0,"href":"https:\/\/senoticias.com.br\/se\/wp-json\/wp\/v2\/posts\/94987\/revisions"}],"wp:featuredmedia":[{"embeddable":true,"href":"https:\/\/senoticias.com.br\/se\/wp-json\/wp\/v2\/media\/94988"}],"wp:attachment":[{"href":"https:\/\/senoticias.com.br\/se\/wp-json\/wp\/v2\/media?parent=94987"}],"wp:term":[{"taxonomy":"category","embeddable":true,"href":"https:\/\/senoticias.com.br\/se\/wp-json\/wp\/v2\/categories?post=94987"},{"taxonomy":"post_tag","embeddable":true,"href":"https:\/\/senoticias.com.br\/se\/wp-json\/wp\/v2\/tags?post=94987"}],"curies":[{"name":"wp","href":"https:\/\/api.w.org\/{rel}","templated":true}]}}