{"id":94841,"date":"2016-08-02T12:04:28","date_gmt":"2016-08-02T15:04:28","guid":{"rendered":"http:\/\/senoticias.com.br\/se\/?p=94841"},"modified":"2016-08-02T17:52:51","modified_gmt":"2016-08-02T20:52:51","slug":"em-estancia-mae-e-filha-sao-presas-e-um-homem-acaba-morto-durante-operacao-policial","status":"publish","type":"post","link":"https:\/\/senoticias.com.br\/se\/em-estancia-mae-e-filha-sao-presas-e-um-homem-acaba-morto-durante-operacao-policial\/","title":{"rendered":"Em Est\u00e2ncia, m\u00e3e e filha s\u00e3o presas e um homem acaba morto durante opera\u00e7\u00e3o policial"},"content":{"rendered":"<p style=\"text-align: justify;\">Na manh\u00e3 desta ter\u00e7a-feira, 2, policiais civis da Delegacia Regional de Est\u00e2ncia realizaram opera\u00e7\u00e3o de combate ao tr\u00e1fico de drogas em diversos bairros da cidade. No Conjunto Carmo Prado Leite foram presas Ur\u00e2nia dos Santos Silva, 39 anos, e sua filha Tayana dos Santos Silva, a &#8216;Nane&#8217;, 18 anos.<\/p>\n<p style=\"text-align: justify;\">Segundo o delegado Hugo Leonardo, Ur\u00e2nia \u00e9 considerada a chefe do grupo e respons\u00e1vel pela distribui\u00e7\u00e3o de drogas para os demais traficantes, principalmente do Conjunto Nivaldo Silva, localidade conhecida como Matan\u00e7a. \u201cSua filha trabalhava como &#8220;avi\u00e3o&#8221;, fazendo o transporte e comercializa\u00e7\u00e3o do entorpecente\u201d, disse.<\/p>\n<p style=\"text-align: justify;\">No Conjunto Albano Franco, foi cumprido mandado de busca na casa de J\u00fanior dos Santos de Jesus, conhecido como &#8216;D\u00f3ia&#8217;, que reagiu a tiros \u00e0 presen\u00e7a dos agentes. Ele foi alvejado e socorrido ao hospital regional de Est\u00e2ncia, mas evoluiu a \u00f3bito.<\/p>\n<p>&nbsp;<\/p>\n<div id=\"attachment_94843\" style=\"width: 609px\" class=\"wp-caption aligncenter\"><a href=\"http:\/\/senoticias.com.br\/se\/wp-content\/uploads\/2016\/08\/Delegado-Hugo-Leonardo-SE-Noticias-e1470150361510.jpg\"><img loading=\"lazy\" decoding=\"async\" aria-describedby=\"caption-attachment-94843\" class=\"size-full wp-image-94843\" alt=\"Os detalhes da opera\u00e7\u00e3o ser\u00e3o explicados pelo delegado Regional de Est\u00e2ncia, Hugo Leonardo.(Foto: arquivo\/SSp\/SE)\" src=\"http:\/\/senoticias.com.br\/se\/wp-content\/uploads\/2016\/08\/Delegado-Hugo-Leonardo-SE-Noticias-e1470150361510.jpg\" width=\"599\" height=\"429\" \/><\/a><p id=\"caption-attachment-94843\" class=\"wp-caption-text\">Os detalhes da opera\u00e7\u00e3o ser\u00e3o explicados pelo delegado Regional de Est\u00e2ncia, Hugo Leonardo. (Foto: arquivo\/SSP\/SE)<\/p><\/div>\n<p>&nbsp;<\/p>\n<p><a href=\"http:\/\/senoticias.com.br\/se\/wp-content\/uploads\/2016\/08\/Logo-fone-1.jpg\"><img loading=\"lazy\" decoding=\"async\" class=\"aligncenter size-full wp-image-94839\" alt=\"Logo-fone-1\" src=\"http:\/\/senoticias.com.br\/se\/wp-content\/uploads\/2016\/08\/Logo-fone-1.jpg\" width=\"599\" height=\"78\" srcset=\"https:\/\/senoticias.com.br\/se\/wp-content\/uploads\/2016\/08\/Logo-fone-1.jpg 599w, https:\/\/senoticias.com.br\/se\/wp-content\/uploads\/2016\/08\/Logo-fone-1-300x39.jpg 300w, https:\/\/senoticias.com.br\/se\/wp-content\/uploads\/2016\/08\/Logo-fone-1-342x44.jpg 342w\" sizes=\"(max-width: 599px) 100vw, 599px\" \/><\/a><\/p>\n<p><strong><em>Acompanhe tamb\u00e9m o SE Not\u00edcias no\u00a0<a href=\"https:\/\/twitter.com\/Senoticias\" target=\"_blank\">Twitter<\/a>,\u00a0<a href=\"https:\/\/www.facebook.com\/senoticias1\" target=\"_blank\">Facebook<\/a>\u00a0e no\u00a0<a href=\"https:\/\/www.instagram.com\/senoticias\/\" target=\"_blank\">Instagram<\/a><\/em><\/strong><\/p>\n<p>Contra ele, havia tr\u00eas mandados de pris\u00e3o pelos crimes de roubo \u00e0 m\u00e3o armada, latroc\u00ednio tentado e tr\u00e1fico de drogas. Com o suspeito, foram apreendidas duas armas de fogo, sendo um rev\u00f3lver calibre 32 e outro de calibre 22.<\/p>\n<p>De acordo com o delegado do Complexo de Opera\u00e7\u00f5es Policiais Especiais (Cope), Andr\u00e9 David, s\u00e3o considerados foragidos Alexandre dos Santos Silva Fonseca, o &#8216;Sinho&#8217;, Rog\u00e9rio Santos de Jesus, o &#8216;Corr\u00f3&#8217;, e Gladistom Silva Santos Filho. A opera\u00e7\u00e3o policial contou com o apoio do COPE e das Delegacias de Itabaianinha, Umba\u00faba e Lagarto.<\/p>\n<p>&nbsp;<\/p>\n<p>Informa\u00e7\u00f5es da Ascom\/SSP\/SE<\/p>\n","protected":false},"excerpt":{"rendered":"<p>Na manh\u00e3 desta ter\u00e7a-feira, 2, policiais civis da Delegacia Regional de Est\u00e2ncia realizaram opera\u00e7\u00e3o de combate ao tr\u00e1fico de drogas em diversos bairros da cidade. No Conjunto Carmo Prado Leite foram presas Ur\u00e2nia dos Santos Silva, 39 anos, e sua filha Tayana dos Santos Silva, a &#8216;Nane&#8217;, 18 anos. Segundo o delegado Hugo Leonardo, Ur\u00e2nia [&hellip;]<\/p>\n","protected":false},"author":1,"featured_media":94843,"comment_status":"closed","ping_status":"closed","sticky":false,"template":"","format":"standard","meta":{"footnotes":""},"categories":[7],"tags":[],"class_list":{"0":"post-94841","1":"post","2":"type-post","3":"status-publish","4":"format-standard","5":"has-post-thumbnail","7":"category-policia"},"_links":{"self":[{"href":"https:\/\/senoticias.com.br\/se\/wp-json\/wp\/v2\/posts\/94841"}],"collection":[{"href":"https:\/\/senoticias.com.br\/se\/wp-json\/wp\/v2\/posts"}],"about":[{"href":"https:\/\/senoticias.com.br\/se\/wp-json\/wp\/v2\/types\/post"}],"author":[{"embeddable":true,"href":"https:\/\/senoticias.com.br\/se\/wp-json\/wp\/v2\/users\/1"}],"replies":[{"embeddable":true,"href":"https:\/\/senoticias.com.br\/se\/wp-json\/wp\/v2\/comments?post=94841"}],"version-history":[{"count":0,"href":"https:\/\/senoticias.com.br\/se\/wp-json\/wp\/v2\/posts\/94841\/revisions"}],"wp:featuredmedia":[{"embeddable":true,"href":"https:\/\/senoticias.com.br\/se\/wp-json\/wp\/v2\/media\/94843"}],"wp:attachment":[{"href":"https:\/\/senoticias.com.br\/se\/wp-json\/wp\/v2\/media?parent=94841"}],"wp:term":[{"taxonomy":"category","embeddable":true,"href":"https:\/\/senoticias.com.br\/se\/wp-json\/wp\/v2\/categories?post=94841"},{"taxonomy":"post_tag","embeddable":true,"href":"https:\/\/senoticias.com.br\/se\/wp-json\/wp\/v2\/tags?post=94841"}],"curies":[{"name":"wp","href":"https:\/\/api.w.org\/{rel}","templated":true}]}}