{"id":94824,"date":"2016-08-02T08:51:59","date_gmt":"2016-08-02T11:51:59","guid":{"rendered":"http:\/\/senoticias.com.br\/se\/?p=94824"},"modified":"2016-08-02T10:53:24","modified_gmt":"2016-08-02T13:53:24","slug":"conceicao-retorna-a-assembleia-prometendo-mandato-participativo-e-popular","status":"publish","type":"post","link":"https:\/\/senoticias.com.br\/se\/conceicao-retorna-a-assembleia-prometendo-mandato-participativo-e-popular\/","title":{"rendered":"Concei\u00e7\u00e3o retorna \u00e0 Assembleia prometendo mandato \u2018participativo e popular\u2019"},"content":{"rendered":"<p style=\"text-align: justify;\">O segundo semestre legislativo trouxe novidades para a Assembleia Legislativa. Al\u00e9m da presen\u00e7a do deputado estadual Garibalde Mendon\u00e7a no comando da Mesa Diretora, o Plen\u00e1rio ganhou uma nova integrante: a deputada estadual Concei\u00e7\u00e3o Vieira, conhecida da Casa. A parlamentar assume na vaga do deputado estadual Luciano Bispo, afastado por decis\u00e3o da Justi\u00e7a. Concei\u00e7\u00e3o assumiu prometendo um mandato com muita participa\u00e7\u00e3o nas atividades legislativas, e com a aten\u00e7\u00e3o voltada para a popula\u00e7\u00e3o.<\/p>\n<div id=\"attachment_94825\" style=\"width: 606px\" class=\"wp-caption aligncenter\"><a href=\"http:\/\/senoticias.com.br\/se\/wp-content\/uploads\/2016\/08\/Conceicao-retorna-a-Assembleia-prometendo-mandato-\u2018participativo-e-popular\u2019-SE-Noticias-e1470138694879.jpg\"><img loading=\"lazy\" decoding=\"async\" aria-describedby=\"caption-attachment-94825\" class=\"size-full wp-image-94825\" alt=\"Foto: C\u00e9sar Oliveira\" src=\"http:\/\/senoticias.com.br\/se\/wp-content\/uploads\/2016\/08\/Conceicao-retorna-a-Assembleia-prometendo-mandato-\u2018participativo-e-popular\u2019-SE-Noticias-e1470138694879.jpg\" width=\"596\" height=\"398\" \/><\/a><p id=\"caption-attachment-94825\" class=\"wp-caption-text\">Concei\u00e7\u00e3o Vieira: Foto: arquivo\/ C\u00e9sar Oliveira<\/p><\/div>\n<p style=\"text-align: justify;\">\u201cO trabalho nosso \u00e9 de estar na batalha, \u00e9 de estar levantando bandeiras e se posicionar \u00e0 servi\u00e7o do povo, cada um dentro do seu projeto, dentro daquilo que acredita. Com esse compromisso oferecido \u00e0 minha milit\u00e2ncia, sou grata ao Partido dos Trabalhadores por ter me oferecido a possibilidade de garantir legenda para que pudesse estar colocando meu nome \u00e0 disposi\u00e7\u00e3o\u201d, afirmou a parlamentar, que retornava \u201cpara uma Casa que possui representantes de todos os territ\u00f3rios do Estado, que representa o povo sergipano\u201d.<\/p>\n<p style=\"text-align: justify;\">Concei\u00e7\u00e3o disse que era preciso que os deputados se empenhassem mesmo no per\u00edodo eleitoral para que o Poder Legislativo Estadual possa servir de refer\u00eancia, possa retomar suas posi\u00e7\u00f5es firmes diante da sociedade sergipana, continuar com suas sess\u00f5es itinerantes que democratizam as informa\u00e7\u00f5es levadas ao povo de Sergipe. \u201cQue cada parlamentar continue dando sustenta\u00e7\u00e3o \u00e0s suas bases pol\u00edticas para que tenhamos um resultado eleitoral muito mais prop\u00edcio ao desenvolvimento do Estado, com gestores cada vez mais comprometidos com as causas dos seus munic\u00edpios\u201d, observou.<\/p>\n<p style=\"text-align: justify;\">A deputada disse que retorna no momento de mudan\u00e7as no comando da Assembleia Legislativa e que o novo presidente, Garibalde Mendon\u00e7a, \u00e9 um parlamentar comprometido com o povo sergipano e com as causas do parlamento. \u201c\u00c9 comprometido com seus pares, tem um jeito simples, solid\u00e1rio far\u00e1 boa gest\u00e3o politicamente e institucionalmente\u201d. Concei\u00e7\u00e3o disse que havia chegado o tempo de voltar e que seu retorno se deu pela vac\u00e2ncia de uma cadeira. Lembrou que o colega afastado tem papel importante no Estado e pode dar a volta por cima, a exemplo do governador Jackson Barreto, que sofreu intemp\u00e9ries antes conquistar o atua mandato.<\/p>\n<p style=\"text-align: justify;\">\u201cVou procurar servir ao povo de Sergipe. Volto a esta Casa num per\u00edodo pr\u00e9-eleitoral e vou dar apoio ao projeto pol\u00edtico que acredito, que \u00e9 resgatar Aracaju como uma capital que era refer\u00eancia no pa\u00eds e na regi\u00e3o Nordeste. Vou dar apoio a Jackson Barreto neste momento dif\u00edcil, de dificuldades econ\u00f4micas. Me coloco \u00e0 disposi\u00e7\u00e3o desse projeto e vou priorizar as necessidades do povo sergipano\u201d, destacou Concei\u00e7\u00e3o, que condenou o afastamento da presidente Dilma Rousseff. Para ele, o pa\u00eds percebeu que Dilma foi v\u00edtima de um golpe sem causa.<\/p>\n<p style=\"text-align: justify;\"><em><strong>Acompanhe tamb\u00e9m o SE Not\u00edcias no <a href=\"https:\/\/twitter.com\/Senoticias\" target=\"_blank\">Twitter<\/a>, <a href=\"https:\/\/www.facebook.com\/senoticias1\" target=\"_blank\">Facebook<\/a> e no <a href=\"https:\/\/www.instagram.com\/senoticias\/\" target=\"_blank\">Instagram<\/a><\/strong><\/em><\/p>\n<p style=\"text-align: justify;\"><strong>\u00a0<a href=\"http:\/\/senoticias.com.br\/se\/wp-content\/uploads\/2016\/07\/Logo-fone-1.jpg\"><img loading=\"lazy\" decoding=\"async\" class=\"aligncenter size-full wp-image-94415\" alt=\"Logo-fone (1)\" src=\"http:\/\/senoticias.com.br\/se\/wp-content\/uploads\/2016\/07\/Logo-fone-1.jpg\" width=\"599\" height=\"78\" srcset=\"https:\/\/senoticias.com.br\/se\/wp-content\/uploads\/2016\/07\/Logo-fone-1.jpg 599w, https:\/\/senoticias.com.br\/se\/wp-content\/uploads\/2016\/07\/Logo-fone-1-300x39.jpg 300w, https:\/\/senoticias.com.br\/se\/wp-content\/uploads\/2016\/07\/Logo-fone-1-342x44.jpg 342w\" sizes=\"(max-width: 599px) 100vw, 599px\" \/><\/a><\/strong><\/p>\n<p style=\"text-align: justify;\"><strong>Mat\u00e9ria extra\u00edda da\u00a0<a href=\"http:\/\/www.al.se.gov.br\/conceicao-retorna-a-assembleia-prometendo-mandato-participativo-e-popular\/\" target=\"_blank\">Ag\u00eancia Alese<\/a><\/strong><\/p>\n<p style=\"text-align: justify;\"><a href=\"http:\/\/www.al.se.gov.br\/conceicao-retorna-a-assembleia-prometendo-mandato-participativo-e-popular\/\" target=\"_blank\"><strong>\u00a0<\/strong><\/a><\/p>\n","protected":false},"excerpt":{"rendered":"<p>O segundo semestre legislativo trouxe novidades para a Assembleia Legislativa. Al\u00e9m da presen\u00e7a do deputado estadual Garibalde Mendon\u00e7a no comando da Mesa Diretora, o Plen\u00e1rio ganhou uma nova integrante: a deputada estadual Concei\u00e7\u00e3o Vieira, conhecida da Casa. A parlamentar assume na vaga do deputado estadual Luciano Bispo, afastado por decis\u00e3o da Justi\u00e7a. Concei\u00e7\u00e3o assumiu prometendo [&hellip;]<\/p>\n","protected":false},"author":3,"featured_media":94825,"comment_status":"closed","ping_status":"closed","sticky":false,"template":"","format":"standard","meta":{"footnotes":""},"categories":[6],"tags":[1270],"class_list":{"0":"post-94824","1":"post","2":"type-post","3":"status-publish","4":"format-standard","5":"has-post-thumbnail","7":"category-politica","8":"tag-conceicao-retorna-a-assembleia-prometendo-mandato-participativo-e-popular"},"_links":{"self":[{"href":"https:\/\/senoticias.com.br\/se\/wp-json\/wp\/v2\/posts\/94824"}],"collection":[{"href":"https:\/\/senoticias.com.br\/se\/wp-json\/wp\/v2\/posts"}],"about":[{"href":"https:\/\/senoticias.com.br\/se\/wp-json\/wp\/v2\/types\/post"}],"author":[{"embeddable":true,"href":"https:\/\/senoticias.com.br\/se\/wp-json\/wp\/v2\/users\/3"}],"replies":[{"embeddable":true,"href":"https:\/\/senoticias.com.br\/se\/wp-json\/wp\/v2\/comments?post=94824"}],"version-history":[{"count":0,"href":"https:\/\/senoticias.com.br\/se\/wp-json\/wp\/v2\/posts\/94824\/revisions"}],"wp:featuredmedia":[{"embeddable":true,"href":"https:\/\/senoticias.com.br\/se\/wp-json\/wp\/v2\/media\/94825"}],"wp:attachment":[{"href":"https:\/\/senoticias.com.br\/se\/wp-json\/wp\/v2\/media?parent=94824"}],"wp:term":[{"taxonomy":"category","embeddable":true,"href":"https:\/\/senoticias.com.br\/se\/wp-json\/wp\/v2\/categories?post=94824"},{"taxonomy":"post_tag","embeddable":true,"href":"https:\/\/senoticias.com.br\/se\/wp-json\/wp\/v2\/tags?post=94824"}],"curies":[{"name":"wp","href":"https:\/\/api.w.org\/{rel}","templated":true}]}}