{"id":94822,"date":"2016-08-02T08:47:16","date_gmt":"2016-08-02T11:47:16","guid":{"rendered":"http:\/\/senoticias.com.br\/se\/?p=94822"},"modified":"2016-08-02T10:51:31","modified_gmt":"2016-08-02T13:51:31","slug":"mensagem-do-novo-presidente-da-assembleia-legislativa-de-sergipe-garibalde-mendonca","status":"publish","type":"post","link":"https:\/\/senoticias.com.br\/se\/mensagem-do-novo-presidente-da-assembleia-legislativa-de-sergipe-garibalde-mendonca\/","title":{"rendered":"Mensagem do novo presidente da Assembleia Legislativa de Sergipe"},"content":{"rendered":"<p style=\"text-align: justify;\">\u201cHoje \u00e9 o meu primeiro dia presidindo os trabalhos daqui da casa, nunca tive a pretens\u00e3o de chegar nesse cargo, principalmente da forma que aconteceu. Digo isso porque entrei com a sa\u00edda do meu colega Luciano Bispo, a quem tenho muito respeito. Pe\u00e7o a compreens\u00e3o de todos os parlamentares, pois precisamos de todos para administrar essa casa, independente da posi\u00e7\u00e3o partid\u00e1ria.<\/p>\n<div id=\"attachment_94823\" style=\"width: 606px\" class=\"wp-caption aligncenter\"><a href=\"http:\/\/senoticias.com.br\/se\/wp-content\/uploads\/2016\/08\/Garibaide-SE-Noticias-e1470138416419.jpg\"><img loading=\"lazy\" decoding=\"async\" aria-describedby=\"caption-attachment-94823\" class=\"size-full wp-image-94823\" alt=\"Mensagem do novo presidente da Assembleia Legislativa de Sergipe, Garibalde Mendon\u00e7a. Foto: C\u00e9sar de Oliveira\" src=\"http:\/\/senoticias.com.br\/se\/wp-content\/uploads\/2016\/08\/Garibaide-SE-Noticias-e1470138416419.jpg\" width=\"596\" height=\"398\" \/><\/a><p id=\"caption-attachment-94823\" class=\"wp-caption-text\">Mensagem do novo presidente da Assembleia Legislativa de Sergipe, Garibalde Mendon\u00e7a. Foto: C\u00e9sar de Oliveira<\/p><\/div>\n<p style=\"text-align: justify;\">Eu n\u00e3o quero presidir sozinho. Na minha posse, fiz quest\u00e3o de apenas comunicar meu cargo de presidente aos deputados, pois o clima n\u00e3o permitia festividades. Muitas pessoas est\u00e3o falando por ai que eu assumi no dia 16 e o sal\u00e1rio dos funcion\u00e1rios n\u00e3o entrou dia 20. Tive que compreender o momento de dificuldade do governo estadual e adiar os pagamentos, infelizmente. Finalizo dizendo que, n\u00f3s da presid\u00eancia estamos \u00e0 disposi\u00e7\u00e3o para fazer um trabalho conjunto. Essa casa \u00e9 de todos n\u00f3s\u201d.<\/p>\n<p style=\"text-align: justify;\"><strong>Acompanhe tamb\u00e9m o SE not\u00edcias no <a href=\"https:\/\/twitter.com\/Senoticias\" target=\"_blank\">Twitter<\/a>, <a href=\"https:\/\/www.facebook.com\/senoticias1\" target=\"_blank\">Facebook<\/a> e no <a href=\"https:\/\/www.instagram.com\/senoticias\/\" target=\"_blank\">Instagram<\/a><\/strong><\/p>\n<p style=\"text-align: justify;\"><strong>\u00a0<a href=\"http:\/\/senoticias.com.br\/se\/wp-content\/uploads\/2016\/07\/Logo-fone-1.jpg\"><img loading=\"lazy\" decoding=\"async\" class=\"aligncenter size-full wp-image-94415\" alt=\"Logo-fone (1)\" src=\"http:\/\/senoticias.com.br\/se\/wp-content\/uploads\/2016\/07\/Logo-fone-1.jpg\" width=\"599\" height=\"78\" srcset=\"https:\/\/senoticias.com.br\/se\/wp-content\/uploads\/2016\/07\/Logo-fone-1.jpg 599w, https:\/\/senoticias.com.br\/se\/wp-content\/uploads\/2016\/07\/Logo-fone-1-300x39.jpg 300w, https:\/\/senoticias.com.br\/se\/wp-content\/uploads\/2016\/07\/Logo-fone-1-342x44.jpg 342w\" sizes=\"(max-width: 599px) 100vw, 599px\" \/><\/a><\/strong><\/p>\n<p style=\"text-align: justify;\"><strong>Mat\u00e9ria extra\u00edda da\u00a0<a href=\"http:\/\/www.al.se.gov.br\/mensagem-do-novo-presidente-da-assembleia-legislativa-de-sergipe-garibalde-mendonca\/\" target=\"_blank\">Ag\u00eancia Alese<\/a><\/strong><\/p>\n","protected":false},"excerpt":{"rendered":"<p>\u201cHoje \u00e9 o meu primeiro dia presidindo os trabalhos daqui da casa, nunca tive a pretens\u00e3o de chegar nesse cargo, principalmente da forma que aconteceu. Digo isso porque entrei com a sa\u00edda do meu colega Luciano Bispo, a quem tenho muito respeito. Pe\u00e7o a compreens\u00e3o de todos os parlamentares, pois precisamos de todos para administrar [&hellip;]<\/p>\n","protected":false},"author":3,"featured_media":94823,"comment_status":"closed","ping_status":"closed","sticky":false,"template":"","format":"standard","meta":{"footnotes":""},"categories":[6],"tags":[1269,1268],"class_list":{"0":"post-94822","1":"post","2":"type-post","3":"status-publish","4":"format-standard","5":"has-post-thumbnail","7":"category-politica","8":"tag-garibalde-mendonca","9":"tag-mensagem-do-novo-presidente-da-assembleia-legislativa-de-sergipe"},"_links":{"self":[{"href":"https:\/\/senoticias.com.br\/se\/wp-json\/wp\/v2\/posts\/94822"}],"collection":[{"href":"https:\/\/senoticias.com.br\/se\/wp-json\/wp\/v2\/posts"}],"about":[{"href":"https:\/\/senoticias.com.br\/se\/wp-json\/wp\/v2\/types\/post"}],"author":[{"embeddable":true,"href":"https:\/\/senoticias.com.br\/se\/wp-json\/wp\/v2\/users\/3"}],"replies":[{"embeddable":true,"href":"https:\/\/senoticias.com.br\/se\/wp-json\/wp\/v2\/comments?post=94822"}],"version-history":[{"count":0,"href":"https:\/\/senoticias.com.br\/se\/wp-json\/wp\/v2\/posts\/94822\/revisions"}],"wp:featuredmedia":[{"embeddable":true,"href":"https:\/\/senoticias.com.br\/se\/wp-json\/wp\/v2\/media\/94823"}],"wp:attachment":[{"href":"https:\/\/senoticias.com.br\/se\/wp-json\/wp\/v2\/media?parent=94822"}],"wp:term":[{"taxonomy":"category","embeddable":true,"href":"https:\/\/senoticias.com.br\/se\/wp-json\/wp\/v2\/categories?post=94822"},{"taxonomy":"post_tag","embeddable":true,"href":"https:\/\/senoticias.com.br\/se\/wp-json\/wp\/v2\/tags?post=94822"}],"curies":[{"name":"wp","href":"https:\/\/api.w.org\/{rel}","templated":true}]}}