{"id":94820,"date":"2016-08-02T08:10:07","date_gmt":"2016-08-02T11:10:07","guid":{"rendered":"http:\/\/senoticias.com.br\/se\/?p=94820"},"modified":"2016-09-30T01:56:01","modified_gmt":"2016-09-30T04:56:01","slug":"guardas-municipais-farao-seguranca-durante-eleicoes-em-sergipe","status":"publish","type":"post","link":"https:\/\/senoticias.com.br\/se\/guardas-municipais-farao-seguranca-durante-eleicoes-em-sergipe\/","title":{"rendered":"Guardas Municipais far\u00e3o seguran\u00e7a durante Elei\u00e7\u00f5es em Sergipe"},"content":{"rendered":"<p style=\"text-align: justify;\">A Guarda Municipal (GM) vai refor\u00e7ar a seguran\u00e7a nas Elei\u00e7\u00f5es Municipais de 2016 em algumas Zonas Eleitorais (ZEs) do Estado de Sergipe. A a\u00e7\u00e3o \u00e9 resultado de uma parceria firmada entre o Tribunal Regional Eleitoral (TRE) e os munic\u00edpios.<\/p>\n<div id=\"attachment_92618\" style=\"width: 553px\" class=\"wp-caption aligncenter\"><a href=\"http:\/\/senoticias.com.br\/se\/wp-content\/uploads\/2016\/06\/Eleicoes-2016-SE-Noticias.jpeg\"><img loading=\"lazy\" decoding=\"async\" aria-describedby=\"caption-attachment-92618\" class=\"size-full wp-image-92618\" src=\"http:\/\/senoticias.com.br\/se\/wp-content\/uploads\/2016\/06\/Eleicoes-2016-SE-Noticias.jpeg\" alt=\"TRE firmou parceria com as guardas de sete Zonas Eleitorais. (Foto: arquivo\/TRE\/SE)\" width=\"543\" height=\"263\" srcset=\"https:\/\/senoticias.com.br\/se\/wp-content\/uploads\/2016\/06\/Eleicoes-2016-SE-Noticias.jpeg 543w, https:\/\/senoticias.com.br\/se\/wp-content\/uploads\/2016\/06\/Eleicoes-2016-SE-Noticias-300x145.jpeg 300w, https:\/\/senoticias.com.br\/se\/wp-content\/uploads\/2016\/06\/Eleicoes-2016-SE-Noticias-342x165.jpeg 342w\" sizes=\"(max-width: 543px) 100vw, 543px\" \/><\/a><p id=\"caption-attachment-92618\" class=\"wp-caption-text\">TRE firmou parceria com as guardas de sete Zonas Eleitorais. (Foto: arquivo\/TRE\/SE)<\/p><\/div>\n<p style=\"text-align: justify;\">Segundo o presidente do TRE, desembargador Os\u00f3rio de Ara\u00fajo Ramos Filho, o efetivo vai seguir as orienta\u00e7\u00f5es e estrat\u00e9gias tra\u00e7adas pela Justi\u00e7a Eleitoral, atuando na v\u00e9spera e no dia da Elei\u00e7\u00e3o.<\/p>\n<p style=\"text-align: justify;\">Os munic\u00edpios abrangidos pelas respectivas Zonas Eleitorais s\u00e3o: Arau\u00e1, Boquim, Pedrinhas e Riach\u00e3o do Dantas (4\u00aa ZE); Frei Paulo, Pedra Mole e Pinh\u00e3o (7\u00aa ZE); Lagarto (12\u00aa ZE); Areia Branca e Laranjeiras (13\u00aa ZE); General Maynard, Maruim, Ros\u00e1rio do Catete e Santo Amaro das Brotas (14\u00aa ZE); Monte Alegre de Sergipe e Porto da Folha (18\u00aa ZE); Amparo de S\u00e3o Francisco, Cedro de S\u00e3o Jo\u00e3o, Malhada dos Bois, S\u00e3o Francisco e Telha (25\u00aa ZE).<strong><em> (Informa\u00e7\u00f5es do G1 SE)<\/em><\/strong><\/p>\n<p style=\"text-align: justify;\"><a href=\"http:\/\/senoticias.com.br\/se\/wp-content\/uploads\/2016\/07\/Logo-fone-1.jpg\"><img loading=\"lazy\" decoding=\"async\" class=\"aligncenter size-full wp-image-94415\" src=\"http:\/\/senoticias.com.br\/se\/wp-content\/uploads\/2016\/07\/Logo-fone-1.jpg\" alt=\"Logo-fone (1)\" width=\"599\" height=\"78\" srcset=\"https:\/\/senoticias.com.br\/se\/wp-content\/uploads\/2016\/07\/Logo-fone-1.jpg 599w, https:\/\/senoticias.com.br\/se\/wp-content\/uploads\/2016\/07\/Logo-fone-1-300x39.jpg 300w, https:\/\/senoticias.com.br\/se\/wp-content\/uploads\/2016\/07\/Logo-fone-1-342x44.jpg 342w\" sizes=\"(max-width: 599px) 100vw, 599px\" \/><\/a><\/p>\n<p style=\"text-align: justify;\"><strong><em>Acompanhe tamb\u00e9m o SE Not\u00edcias no\u00a0<a href=\"https:\/\/twitter.com\/Senoticias\" target=\"_blank\">Twitter<\/a>,\u00a0<a href=\"https:\/\/www.facebook.com\/senoticias1\" target=\"_blank\">Facebook<\/a>\u00a0e no\u00a0<a href=\"https:\/\/www.instagram.com\/senoticias\/\" target=\"_blank\">Instagram<\/a><\/em><\/strong><\/p>\n","protected":false},"excerpt":{"rendered":"<p>A Guarda Municipal (GM) vai refor\u00e7ar a seguran\u00e7a nas Elei\u00e7\u00f5es Municipais de 2016 em algumas Zonas Eleitorais (ZEs) do Estado de Sergipe. A a\u00e7\u00e3o \u00e9 resultado de uma parceria firmada entre o Tribunal Regional Eleitoral (TRE) e os munic\u00edpios. Segundo o presidente do TRE, desembargador Os\u00f3rio de Ara\u00fajo Ramos Filho, o efetivo vai seguir as [&hellip;]<\/p>\n","protected":false},"author":1,"featured_media":92618,"comment_status":"closed","ping_status":"closed","sticky":false,"template":"","format":"standard","meta":{"footnotes":""},"categories":[310,1461,6],"tags":[1267,1266],"class_list":{"0":"post-94820","1":"post","2":"type-post","3":"status-publish","4":"format-standard","5":"has-post-thumbnail","7":"category-destaques-da-semana","8":"category-eleicoes-2016","9":"category-politica","10":"tag-eleicoes-em-sergipe","11":"tag-guardas-municipais"},"_links":{"self":[{"href":"https:\/\/senoticias.com.br\/se\/wp-json\/wp\/v2\/posts\/94820"}],"collection":[{"href":"https:\/\/senoticias.com.br\/se\/wp-json\/wp\/v2\/posts"}],"about":[{"href":"https:\/\/senoticias.com.br\/se\/wp-json\/wp\/v2\/types\/post"}],"author":[{"embeddable":true,"href":"https:\/\/senoticias.com.br\/se\/wp-json\/wp\/v2\/users\/1"}],"replies":[{"embeddable":true,"href":"https:\/\/senoticias.com.br\/se\/wp-json\/wp\/v2\/comments?post=94820"}],"version-history":[{"count":0,"href":"https:\/\/senoticias.com.br\/se\/wp-json\/wp\/v2\/posts\/94820\/revisions"}],"wp:featuredmedia":[{"embeddable":true,"href":"https:\/\/senoticias.com.br\/se\/wp-json\/wp\/v2\/media\/92618"}],"wp:attachment":[{"href":"https:\/\/senoticias.com.br\/se\/wp-json\/wp\/v2\/media?parent=94820"}],"wp:term":[{"taxonomy":"category","embeddable":true,"href":"https:\/\/senoticias.com.br\/se\/wp-json\/wp\/v2\/categories?post=94820"},{"taxonomy":"post_tag","embeddable":true,"href":"https:\/\/senoticias.com.br\/se\/wp-json\/wp\/v2\/tags?post=94820"}],"curies":[{"name":"wp","href":"https:\/\/api.w.org\/{rel}","templated":true}]}}