{"id":94607,"date":"2016-07-26T11:12:26","date_gmt":"2016-07-26T14:12:26","guid":{"rendered":"http:\/\/senoticias.com.br\/se\/?p=94607"},"modified":"2016-09-30T01:50:52","modified_gmt":"2016-09-30T04:50:52","slug":"tre-divulga-a-estatistica-do-eleitorado-em-sergipe-para-as-eleicoes-2016","status":"publish","type":"post","link":"https:\/\/senoticias.com.br\/se\/tre-divulga-a-estatistica-do-eleitorado-em-sergipe-para-as-eleicoes-2016\/","title":{"rendered":"TRE divulga a estat\u00edstica do eleitorado em Sergipe para as elei\u00e7\u00f5es 2016"},"content":{"rendered":"<p style=\"text-align: justify;\" align=\"justify\">O Tribunal Regional Eleitoral de Sergipe (TRE-SE) finalizou o processo de consolida\u00e7\u00e3o dos dados estat\u00edsticos relacionados ao eleitorado das Elei\u00e7\u00f5es 2016. Mais de 1 milh\u00e3o e meio (1.540.376) de sergipanos ir\u00e3o \u00e0s urnas para a escolha de prefeitos e vereadores nas Elei\u00e7\u00f5es Municipais de 2016, a ser realizada no dia 02 de outubro.<\/p>\n<div id=\"attachment_94609\" style=\"width: 553px\" class=\"wp-caption aligncenter\"><a href=\"http:\/\/senoticias.com.br\/se\/wp-content\/uploads\/2016\/07\/TRE-estatista-do-eleitorado-SE-Noticias.jpeg\"><img loading=\"lazy\" decoding=\"async\" aria-describedby=\"caption-attachment-94609\" class=\"size-full wp-image-94609\" src=\"http:\/\/senoticias.com.br\/se\/wp-content\/uploads\/2016\/07\/TRE-estatista-do-eleitorado-SE-Noticias.jpeg\" alt=\"TRE divulga estat\u00edstica do eleitorado em Sergipe. (Foto ilustrativa\/TRE)\" width=\"543\" height=\"263\" srcset=\"https:\/\/senoticias.com.br\/se\/wp-content\/uploads\/2016\/07\/TRE-estatista-do-eleitorado-SE-Noticias.jpeg 543w, https:\/\/senoticias.com.br\/se\/wp-content\/uploads\/2016\/07\/TRE-estatista-do-eleitorado-SE-Noticias-300x145.jpeg 300w, https:\/\/senoticias.com.br\/se\/wp-content\/uploads\/2016\/07\/TRE-estatista-do-eleitorado-SE-Noticias-342x165.jpeg 342w\" sizes=\"(max-width: 543px) 100vw, 543px\" \/><\/a><p id=\"caption-attachment-94609\" class=\"wp-caption-text\">TRE divulga estat\u00edstica do eleitorado em Sergipe. (Foto ilustrativa\/TRE)<\/p><\/div>\n<p style=\"text-align: justify;\" align=\"justify\">A capital sergipana, Munic\u00edpio que possui o maior eleitorado do Estado, contabiliza 397.228 eleitores. J\u00e1 as cidades do interior com maior n\u00famero de cadastros s\u00e3o Nossa Senhora do Socorro (100.434), Lagarto (70.191), Itabaiana (64.527), S\u00e3o Crist\u00f3v\u00e3o (53.218) e Est\u00e2ncia (45.834).<\/p>\n<p style=\"text-align: justify;\" align=\"justify\">O\u00a0<a title=\"\" href=\"http:\/\/www.tse.jus.br\/eleitor\/estatisticas-de-eleitorado\/estatisticas-de-eleitorado\" target=\"_blank\">sistema<\/a>\u00a0apontou que 479.046 eleitores sergipanos possuem ensino fundamental incompleto, o que representa 31,099% do eleitorado. Ainda sobre o grau de escolaridade, 96.457 declararam-se analfabetos, 305.223 conclu\u00edram o ensino m\u00e9dio e 109.286 eleitores possuem curso superior completo, o que equivale a 7,095% do total de eleitores.<\/p>\n<p style=\"text-align: justify;\" align=\"justify\"><a href=\"http:\/\/senoticias.com.br\/se\/wp-content\/uploads\/2016\/07\/Logo-fone-1.jpg\"><img loading=\"lazy\" decoding=\"async\" class=\"aligncenter size-full wp-image-94415\" src=\"http:\/\/senoticias.com.br\/se\/wp-content\/uploads\/2016\/07\/Logo-fone-1.jpg\" alt=\"Logo-fone (1)\" width=\"599\" height=\"78\" srcset=\"https:\/\/senoticias.com.br\/se\/wp-content\/uploads\/2016\/07\/Logo-fone-1.jpg 599w, https:\/\/senoticias.com.br\/se\/wp-content\/uploads\/2016\/07\/Logo-fone-1-300x39.jpg 300w, https:\/\/senoticias.com.br\/se\/wp-content\/uploads\/2016\/07\/Logo-fone-1-342x44.jpg 342w\" sizes=\"(max-width: 599px) 100vw, 599px\" \/><\/a><\/p>\n<p style=\"text-align: justify;\" align=\"justify\"><em><strong>Acompanhe tamb\u00e9m o SE not\u00edcias no\u00a0<a href=\"https:\/\/twitter.com\/Senoticias\" target=\"_blank\">Twitter<\/a>,\u00a0<a href=\"https:\/\/www.facebook.com\/senoticias1\" target=\"_blank\">Facebook\u00a0<\/a>e no\u00a0<a href=\"https:\/\/www.instagram.com\/senoticias\/\" target=\"_blank\">Instagram<\/a><\/strong><\/em><\/p>\n<p style=\"text-align: justify;\" align=\"justify\"><strong><em>Informa\u00e7\u00f5es do TRE\/SE<\/em><\/strong><\/p>\n","protected":false},"excerpt":{"rendered":"<p>O Tribunal Regional Eleitoral de Sergipe (TRE-SE) finalizou o processo de consolida\u00e7\u00e3o dos dados estat\u00edsticos relacionados ao eleitorado das Elei\u00e7\u00f5es 2016. Mais de 1 milh\u00e3o e meio (1.540.376) de sergipanos ir\u00e3o \u00e0s urnas para a escolha de prefeitos e vereadores nas Elei\u00e7\u00f5es Municipais de 2016, a ser realizada no dia 02 de outubro. A capital [&hellip;]<\/p>\n","protected":false},"author":3,"featured_media":94609,"comment_status":"closed","ping_status":"closed","sticky":false,"template":"","format":"standard","meta":{"footnotes":""},"categories":[1461,6],"tags":[],"class_list":{"0":"post-94607","1":"post","2":"type-post","3":"status-publish","4":"format-standard","5":"has-post-thumbnail","7":"category-eleicoes-2016","8":"category-politica"},"_links":{"self":[{"href":"https:\/\/senoticias.com.br\/se\/wp-json\/wp\/v2\/posts\/94607"}],"collection":[{"href":"https:\/\/senoticias.com.br\/se\/wp-json\/wp\/v2\/posts"}],"about":[{"href":"https:\/\/senoticias.com.br\/se\/wp-json\/wp\/v2\/types\/post"}],"author":[{"embeddable":true,"href":"https:\/\/senoticias.com.br\/se\/wp-json\/wp\/v2\/users\/3"}],"replies":[{"embeddable":true,"href":"https:\/\/senoticias.com.br\/se\/wp-json\/wp\/v2\/comments?post=94607"}],"version-history":[{"count":0,"href":"https:\/\/senoticias.com.br\/se\/wp-json\/wp\/v2\/posts\/94607\/revisions"}],"wp:featuredmedia":[{"embeddable":true,"href":"https:\/\/senoticias.com.br\/se\/wp-json\/wp\/v2\/media\/94609"}],"wp:attachment":[{"href":"https:\/\/senoticias.com.br\/se\/wp-json\/wp\/v2\/media?parent=94607"}],"wp:term":[{"taxonomy":"category","embeddable":true,"href":"https:\/\/senoticias.com.br\/se\/wp-json\/wp\/v2\/categories?post=94607"},{"taxonomy":"post_tag","embeddable":true,"href":"https:\/\/senoticias.com.br\/se\/wp-json\/wp\/v2\/tags?post=94607"}],"curies":[{"name":"wp","href":"https:\/\/api.w.org\/{rel}","templated":true}]}}