{"id":94596,"date":"2016-07-26T09:28:30","date_gmt":"2016-07-26T12:28:30","guid":{"rendered":"http:\/\/senoticias.com.br\/se\/?p=94596"},"modified":"2016-07-27T15:34:23","modified_gmt":"2016-07-27T18:34:23","slug":"ufs-divulga-nota-sobre-ocupacao-da-reitoria","status":"publish","type":"post","link":"https:\/\/senoticias.com.br\/se\/ufs-divulga-nota-sobre-ocupacao-da-reitoria\/","title":{"rendered":"UFS divulga nota sobre ocupa\u00e7\u00e3o da Reitoria"},"content":{"rendered":"<p style=\"text-align: justify;\">Na \u00faltima quinta-feira, 21 de julho, estudantes assistidos pelo programa de Resid\u00eancia Universit\u00e1ria ocuparam o Gabinete do Reitor (GR). Em vista das diversas informa\u00e7\u00f5es que v\u00eam sendo veiculadas na m\u00eddia local, a Assessoria de Imprensa do Gabinete do Reitor vem a p\u00fablico prestar os seguintes esclarecimentos \u00e0 comunidade universit\u00e1ria e sergipana:<\/p>\n<div id=\"attachment_94606\" style=\"width: 609px\" class=\"wp-caption aligncenter\"><a href=\"http:\/\/senoticias.com.br\/se\/wp-content\/uploads\/2016\/07\/SENOTICIAS-UFS-sede-.jpg\"><img loading=\"lazy\" decoding=\"async\" aria-describedby=\"caption-attachment-94606\" class=\"size-full wp-image-94606\" alt=\"Sede da Universidade Federal de Sergipe em S\u00e3o Crist\u00f3v\u00e3o (Foto: arquivo\/Marina Fontenele\/G1 SE\" src=\"http:\/\/senoticias.com.br\/se\/wp-content\/uploads\/2016\/07\/SENOTICIAS-UFS-sede-.jpg\" width=\"599\" height=\"449\" srcset=\"https:\/\/senoticias.com.br\/se\/wp-content\/uploads\/2016\/07\/SENOTICIAS-UFS-sede-.jpg 599w, https:\/\/senoticias.com.br\/se\/wp-content\/uploads\/2016\/07\/SENOTICIAS-UFS-sede--300x224.jpg 300w, https:\/\/senoticias.com.br\/se\/wp-content\/uploads\/2016\/07\/SENOTICIAS-UFS-sede--342x256.jpg 342w, https:\/\/senoticias.com.br\/se\/wp-content\/uploads\/2016\/07\/SENOTICIAS-UFS-sede--60x45.jpg 60w, https:\/\/senoticias.com.br\/se\/wp-content\/uploads\/2016\/07\/SENOTICIAS-UFS-sede--150x113.jpg 150w, https:\/\/senoticias.com.br\/se\/wp-content\/uploads\/2016\/07\/SENOTICIAS-UFS-sede--269x201.jpg 269w\" sizes=\"(max-width: 599px) 100vw, 599px\" \/><\/a><p id=\"caption-attachment-94606\" class=\"wp-caption-text\">Sede da Universidade Federal de Sergipe em S\u00e3o Crist\u00f3v\u00e3o (Foto: arquivo\/Marina Fontenele\/G1 SE<\/p><\/div>\n<p style=\"text-align: justify;\"><strong>Quais setores est\u00e3o ocupados?<\/strong><\/p>\n<p style=\"text-align: justify;\">O Gabinete do Reitor e do Vice Reitor, a Procuradoria Geral (PGE) e as salas das assessoriais especiais, incluindo o Escrit\u00f3rio de Fiscaliza\u00e7\u00e3o de Contratos (Efiscon).<\/p>\n<p style=\"text-align: justify;\"><strong>Quais servi\u00e7os est\u00e3o paralisados?<\/strong><\/p>\n<p style=\"text-align: justify;\">Servi\u00e7os essenciais executados pelos setores ocupados est\u00e3o paralisados, a exemplo da emiss\u00e3o de portarias do GR (incluindo as de nomea\u00e7\u00e3o de servidores), assinatura de diplomas, autoriza\u00e7\u00e3o de pagamentos das empresas terceirizadas, a reda\u00e7\u00e3o e formaliza\u00e7\u00e3o da documenta\u00e7\u00e3o destinada a instruir processos jur\u00eddicos da UFS, entre outros.<\/p>\n<p><strong>Quando esses servi\u00e7os ser\u00e3o normalizados?<\/strong><\/p>\n<p style=\"text-align: justify;\">Os servi\u00e7os ser\u00e3o normalizados quando os setores ocupados forem liberados. At\u00e9 o momento, os estudantes n\u00e3o sinalizaram uma data para a desocupa\u00e7\u00e3o do Gabinete do Reitor.<\/p>\n<p><strong>A ocupa\u00e7\u00e3o se deu por falta de negocia\u00e7\u00e3o?<\/strong><\/p>\n<p style=\"text-align: justify;\">A ocupa\u00e7\u00e3o do Gabinete ocorreu antes de que qualquer negocia\u00e7\u00e3o fosse iniciada. Mesmo assim, a Administra\u00e7\u00e3o da UFS se colocou \u00e0 disposi\u00e7\u00e3o para dialogar com os estudantes. Por solicita\u00e7\u00e3o deles, foi realizada na manh\u00e3 desta segunda-feira, 25 de julho, uma reuni\u00e3o entre a Pr\u00f3-reitora de Assuntos Estudantis, Prof\u00aa L\u00facia Aranha, assessores t\u00e9cnicos da \u00e1rea e representantes dos estudantes.<\/p>\n<p style=\"text-align: justify;\"><strong>Quais as demandas apresentadas pelos estudantes?<\/strong><\/p>\n<p>Os estudantes apresentaram \u00e0 Proest \u00e0s seguintes demandas:<\/p>\n<p>(1) O recadastramento de 54 estudantes que, segundo o movimento, teriam sido desligados do Programa de Aux\u00edlio Resid\u00eancia;<\/p>\n<p>(2) A divulga\u00e7\u00e3o dos dados financeiros do Programa Nacional de Assist\u00eancia Estudantil (PNAES) referentes \u00e0 UFS;<\/p>\n<p>(3) O acompanhamento da representa\u00e7\u00e3o estudantil na sele\u00e7\u00e3o dos candidatos do Programa de Resid\u00eancia Universit\u00e1ria e de outros aux\u00edlios.<\/p>\n<p><strong>Quantos estudantes foram realmente desligados do Programa?<\/strong><\/p>\n<p style=\"text-align: justify;\">Contrariamente ao divulgado pelo movimento estudantil, o n\u00famero de estudantes desligados do Programa de Resid\u00eancia Universit\u00e1ria n\u00e3o foi de 54, mas 21.<\/p>\n<p><strong>Por que estes estudantes foram desligados?<\/strong><\/p>\n<p style=\"text-align: justify;\">Ap\u00f3s o estudo caso-a-caso por parte da equipe t\u00e9cnica da Proest, verificou-se que os estudantes foram desligados do Programa de Resid\u00eancia Universit\u00e1ria pelos seguintes motivos:<\/p>\n<p style=\"text-align: justify;\">\u00b7 01 &#8211; Colou grau;<\/p>\n<p style=\"text-align: justify;\">\u00b7 10 &#8211; N\u00e3o fizeram ades\u00e3o ao cadastro \u00fanico;<\/p>\n<p>\u00b7 08 &#8211; Tiveram problemas com a documenta\u00e7\u00e3o comprobat\u00f3ria;<\/p>\n<p>\u00b7 02 \u2013 Tiveram desempenho acad\u00eamico abaixo dos requisitos legais.<\/p>\n<p><strong>As demandas apresentadas pelos estudantes ser\u00e3o atendidas?<\/strong><\/p>\n<p style=\"text-align: justify;\">(1) Considerando que os requisitos exigidos para o recadastramento no Programa constam explicitamente em documentos normativos e no Edital N\u00ba02\/2016\/Proest, a equipe t\u00e9cnica da Proest est\u00e1 estudando se h\u00e1 casos pass\u00edveis de reavalia\u00e7\u00e3o, conquanto n\u00e3o firam a lisura do processo de sele\u00e7\u00e3o e recadastramento;<\/p>\n<p style=\"text-align: justify;\">(2) Os dados financeiros sobre o Programa Nacional de Assist\u00eancia Estudantil (PNAES) podem ser consultados na p\u00e1gina de Transpar\u00eancia P\u00fablica. A Pr\u00f3-reitoria de Planejamento (Proplan) e a Pr\u00f3-reitoria de Administra\u00e7\u00e3o (Proad) disponibilizar\u00e3o no Portal da universidade, at\u00e9 o final desta semana, Relat\u00f3rio da Execu\u00e7\u00e3o Financeira e Or\u00e7ament\u00e1ria 2016 do PNAES;<\/p>\n<p style=\"text-align: justify;\">(3) Segundo a Proest, o acompanhamento da sele\u00e7\u00e3o dos candidatos \u00e0s bolsas e aux\u00edlios poder\u00e1 ser feito por um representante dos estudantes, exceto no que tange \u00e0s informa\u00e7\u00f5es pessoais dos estudantes, que s\u00e3o de sigilo obrigat\u00f3rio e restrito aos profissionais da assist\u00eancia social.<\/p>\n<p style=\"text-align: justify;\"><strong>Que normas regulam o ingresso, perman\u00eancia e renova\u00e7\u00e3o?<\/strong><\/p>\n<p style=\"text-align: justify;\">As regras de ingresso, perman\u00eancia e renova\u00e7\u00e3o do v\u00ednculos dos estudantes no Programa de Resid\u00eancia Universit\u00e1ria est\u00e3o especificadas na\u00a0<span style=\"text-decoration: underline;\">Resolu\u00e7\u00e3o N\u00ba 43\/2013\/CONSU<\/span>, e na resolu\u00e7\u00e3o\u00a0<span style=\"text-decoration: underline;\">Resolu\u00e7\u00e3o 08\/2016\/CONSU, q<\/span>ue normatiza o Programa de Resid\u00eancia Universit\u00e1ria e os demais aux\u00edlios, al\u00e9m de cada edital espec\u00edfico de recadastramento.<\/p>\n<p style=\"text-align: justify;\"><strong>Quais os motivos que podem levar um estudante ao desligamento?<\/strong><\/p>\n<p style=\"text-align: justify;\">Dentre essas regras, destacam-se: o atendimento ao Edital de Recadastramento, a ades\u00e3o no SIGAA aos programas de assist\u00eancia estudantil, com a atualiza\u00e7\u00e3o dos dados do cadastro socioecon\u00f4mico e a anexa\u00e7\u00e3o da documenta\u00e7\u00e3o comprobat\u00f3ria. \u00c9 com base nesses dados e no desempenho acad\u00eamico, que s\u00e3o realizadas a an\u00e1lise socioecon\u00f4mica e a avalia\u00e7\u00e3o acad\u00eamica dos estudantes que recebem os aux\u00edlios.<\/p>\n<p style=\"text-align: justify;\">Em rela\u00e7\u00e3o ao desempenho acad\u00eamico, \u00e9 exigido do residente matr\u00edcula com aprova\u00e7\u00e3o semestral em n\u00famero de disciplinas que permita o t\u00e9rmino do curso de gradua\u00e7\u00e3o no prazo m\u00e1ximo estabelecido pela UFS. Com a implanta\u00e7\u00e3o do SIGAA, o acompanhamento do desempenho acad\u00eamico do estudante residente ficou mais eficiente, evitando que estudantes que n\u00e3o apresentam o desempenho acad\u00eamico m\u00ednimo previsto continuem a receber o benef\u00edcio.<\/p>\n<p style=\"text-align: justify;\"><strong>Com que frequ\u00eancia \u00e9 necess\u00e1rio o recadastramento?<\/strong><\/p>\n<p style=\"text-align: justify;\">A ades\u00e3o aos programas de assist\u00eancia estudantil ocorre anualmente e atrav\u00e9s do preenchimento de um question\u00e1rio eletr\u00f4nico dispon\u00edvel no Sistema de Gerenciamento de Atividades Acad\u00eamicas (SIGAA) e anexa\u00e7\u00e3o no sistema da documenta\u00e7\u00e3o atualizada que comprova a situa\u00e7\u00e3o socioecon\u00f4mica. Ou seja, n\u00e3o \u00e9 necess\u00e1rio comparecer \u00e0 UFS para efetuar o recadastramento.<\/p>\n<p><strong>O recadastramento foi bem divulgado ou pegou os alunos de surpresa?<\/strong><\/p>\n<p style=\"text-align: justify;\">O Edital de Recadastramento foi o Edital 02\/2016\/PROEST, que teve ampla divulga\u00e7\u00e3o, sendo publicado no site da Proest e no Portal UFS. A abertura do Edital foi de 05 a 16 de maio de 2016, com prorroga\u00e7\u00e3o at\u00e9 18 de maio de 2016. Esse prazo correspondeu ao prazo para a ades\u00e3o.<\/p>\n<p style=\"text-align: justify;\">A Proest tamb\u00e9m enviou e-mail para todos os residentes comunicando a necessidade de sua participa\u00e7\u00e3o no Edital de Recadastramento.<\/p>\n<p><strong>Entenda o Programa de Resid\u00eancia Universit\u00e1ria<\/strong><\/p>\n<p style=\"text-align: justify;\">O programa de Resid\u00eancia Universit\u00e1ria assegura moradia em ambiente semelhante ao familiar, com at\u00e9 oito pessoas; a resid\u00eancia \u00e9 diferenciada para homens e mulheres, com condi\u00e7\u00f5es que contribuem para a perman\u00eancia na Universidade por meio de concess\u00e3o de valor\u00a0<strong>(R$ 900)<\/strong>\u00a0para cobrir despesas com moradia. Os residentes recebem tamb\u00e9m isen\u00e7\u00e3o no Restaurante Universit\u00e1rio (Resun) ou\u00a0<a href=\"http:\/\/proest.ufs.br\/pagina\/alimenta-2870.html\">Aux\u00edlio Alimenta\u00e7\u00e3o<\/a>, isen\u00e7\u00f5es de taxas acad\u00eamicas e apoio nos aspectos s\u00f3cio-pol\u00edtico-educativo-psicol\u00f3gico no ambiente universit\u00e1rio.<\/p>\n<p style=\"text-align: justify;\">Alunos procedentes do interior de Sergipe, bem como de outros estados do pa\u00eds, s\u00e3o beneficiados pelo Programa de acordo com os seguintes crit\u00e9rios de prioridade:<\/p>\n<p>1- Tenham menor renda familiar;<\/p>\n<p>2- Residam em cidades mais distantes da capital ou dos munic\u00edpios em que est\u00e3o sediados os campi da universidade;<\/p>\n<p>3- N\u00e3o tenham v\u00ednculo empregat\u00edcio;<\/p>\n<p>4- Sejam estudantes calouros.<\/p>\n<p style=\"text-align: justify;\"><strong>COMO FUNCIONA :<\/strong>\u00a0As inscri\u00e7\u00f5es s\u00e3o feitas\u00a0<strong>anualmente<\/strong><strong>,<\/strong>\u00a0com a abertura de editais referentes aos Campi da UFS. A sele\u00e7\u00e3o \u00e9 feita pela\u00a0<a href=\"http:\/\/proest.ufs.br\/pagina\/codae-592.html\">Coordena\u00e7\u00e3o de Assist\u00eancia e Integra\u00e7\u00e3o do Estudante<\/a>\u00a0(Codae), de acordo com a disponibilidade de vagas e obedecendo as seguintes etapas:<\/p>\n<p>1- Divulga\u00e7\u00e3o de Edital com prazos e locais de inscri\u00e7\u00e3o;<\/p>\n<p>2- Entrevista de avalia\u00e7\u00e3o socioecon\u00f4mica e visitas domiciliares;<\/p>\n<p>3- An\u00e1lise e avalia\u00e7\u00e3o dos laudos com participa\u00e7\u00e3o de representante do Conselho de Residentes;<\/p>\n<p>4- Divulga\u00e7\u00e3o do resultado com preenchimento das vagas de acordo com a disponibilidade do Programa.<\/p>\n<p><strong>Assessoria de Imprensa do Gabinete do Reitor<\/strong><\/p>\n<p><a href=\"http:\/\/senoticias.com.br\/se\/wp-content\/uploads\/2016\/07\/Logo-fone-1.jpg\"><img loading=\"lazy\" decoding=\"async\" class=\"aligncenter size-full wp-image-94415\" alt=\"Logo-fone (1)\" src=\"http:\/\/senoticias.com.br\/se\/wp-content\/uploads\/2016\/07\/Logo-fone-1.jpg\" width=\"599\" height=\"78\" srcset=\"https:\/\/senoticias.com.br\/se\/wp-content\/uploads\/2016\/07\/Logo-fone-1.jpg 599w, https:\/\/senoticias.com.br\/se\/wp-content\/uploads\/2016\/07\/Logo-fone-1-300x39.jpg 300w, https:\/\/senoticias.com.br\/se\/wp-content\/uploads\/2016\/07\/Logo-fone-1-342x44.jpg 342w\" sizes=\"(max-width: 599px) 100vw, 599px\" \/><\/a><\/p>\n<p><em><strong>Acompanhe tamb\u00e9m o SE Not\u00edcias no\u00a0<a href=\"https:\/\/twitter.com\/Senoticias\" target=\"_blank\">Twitter<\/a>,\u00a0<a href=\"https:\/\/www.facebook.com\/senoticias1\" target=\"_blank\">Facebook\u00a0<\/a>e no\u00a0<a href=\"https:\/\/www.instagram.com\/senoticias\/\" target=\"_blank\">Instagram<\/a><\/strong><\/em><\/p>\n<div><strong>por Ascom\/UFS<\/strong><\/div>\n<div>\n<p><a href=\"http:\/\/www.ufs.br\/uploads\/content_attach\/path\/12079\/Resolu__o_432013.pdf\">Resolu\u00e7\u00e3o 43\/2013\/Proest\/Consu\u00a0<\/a><\/p>\n<p><a href=\"http:\/\/www.ufs.br\/uploads\/content_attach\/path\/12080\/Resolu__o_082016_-_A__es_Assist_ncia_Estudantil.pdf\">Resolu\u00e7\u00e3o 08\/2016\/Proest\/Consu\u00a0<\/a><\/p>\n<p><a href=\"http:\/\/www.ufs.br\/uploads\/content_attach\/path\/12081\/edital_recadastramento_proest_02_2016.pdf\">Edital de recadastramento Proest 02\/2016\u00a0<\/a><\/p>\n<\/div>\n","protected":false},"excerpt":{"rendered":"<p>Na \u00faltima quinta-feira, 21 de julho, estudantes assistidos pelo programa de Resid\u00eancia Universit\u00e1ria ocuparam o Gabinete do Reitor (GR). Em vista das diversas informa\u00e7\u00f5es que v\u00eam sendo veiculadas na m\u00eddia local, a Assessoria de Imprensa do Gabinete do Reitor vem a p\u00fablico prestar os seguintes esclarecimentos \u00e0 comunidade universit\u00e1ria e sergipana: Quais setores est\u00e3o ocupados? [&hellip;]<\/p>\n","protected":false},"author":1,"featured_media":94606,"comment_status":"closed","ping_status":"closed","sticky":false,"template":"","format":"standard","meta":{"footnotes":""},"categories":[38,6],"tags":[],"class_list":{"0":"post-94596","1":"post","2":"type-post","3":"status-publish","4":"format-standard","5":"has-post-thumbnail","7":"category-municipios","8":"category-politica"},"_links":{"self":[{"href":"https:\/\/senoticias.com.br\/se\/wp-json\/wp\/v2\/posts\/94596"}],"collection":[{"href":"https:\/\/senoticias.com.br\/se\/wp-json\/wp\/v2\/posts"}],"about":[{"href":"https:\/\/senoticias.com.br\/se\/wp-json\/wp\/v2\/types\/post"}],"author":[{"embeddable":true,"href":"https:\/\/senoticias.com.br\/se\/wp-json\/wp\/v2\/users\/1"}],"replies":[{"embeddable":true,"href":"https:\/\/senoticias.com.br\/se\/wp-json\/wp\/v2\/comments?post=94596"}],"version-history":[{"count":0,"href":"https:\/\/senoticias.com.br\/se\/wp-json\/wp\/v2\/posts\/94596\/revisions"}],"wp:featuredmedia":[{"embeddable":true,"href":"https:\/\/senoticias.com.br\/se\/wp-json\/wp\/v2\/media\/94606"}],"wp:attachment":[{"href":"https:\/\/senoticias.com.br\/se\/wp-json\/wp\/v2\/media?parent=94596"}],"wp:term":[{"taxonomy":"category","embeddable":true,"href":"https:\/\/senoticias.com.br\/se\/wp-json\/wp\/v2\/categories?post=94596"},{"taxonomy":"post_tag","embeddable":true,"href":"https:\/\/senoticias.com.br\/se\/wp-json\/wp\/v2\/tags?post=94596"}],"curies":[{"name":"wp","href":"https:\/\/api.w.org\/{rel}","templated":true}]}}