{"id":94577,"date":"2016-07-25T19:34:25","date_gmt":"2016-07-25T22:34:25","guid":{"rendered":"http:\/\/senoticias.com.br\/se\/?p=94577"},"modified":"2016-07-27T07:54:04","modified_gmt":"2016-07-27T10:54:04","slug":"homem-morre-ao-receber-descarga-eletrica-antes-de-dilma-discursar","status":"publish","type":"post","link":"https:\/\/senoticias.com.br\/se\/homem-morre-ao-receber-descarga-eletrica-antes-de-dilma-discursar\/","title":{"rendered":"Homem morre ao receber descarga el\u00e9trica antes de Dilma discursar"},"content":{"rendered":"<div>\n<p><em><strong>Do <a href=\"http:\/\/g1.globo.com\/se\/sergipe\/noticia\/2016\/07\/homem-morre-ao-receber-descarga-eletrica-antes-de-dilma-discursar-em-se.html\" target=\"_blank\">G1<\/a> SE<\/strong><\/em><\/p>\n<p>&nbsp;<\/p>\n<p>&nbsp;<\/p>\n<\/div>\n<p style=\"text-align: justify;\">Um homem morreu na tarde desta segunda-feira (25), ap\u00f3s receber uma descarga el\u00e9trica e cair de um poste na Pra\u00e7a General Valad\u00e3o, no Centro de Aracaju, onde a presidente afastada Dilma Rousseff se preparava para iniciar o seu discurso no ato Jornada Nacional Pela Democracia.<\/p>\n<p>Segundo o Servi\u00e7o de Atendimento M\u00f3vel de Urg\u00eancia (Samu), o homem que aparentava ter cerca de 25 anos, estava sem identifica\u00e7\u00e3o e sofreu uma parada card\u00edaca e traumatismo craniano e n\u00e3o resistiu.<\/p>\n<div id=\"attachment_94578\" style=\"width: 609px\" class=\"wp-caption aligncenter\"><a href=\"http:\/\/senoticias.com.br\/se\/wp-content\/uploads\/2016\/07\/Dilma-em-Aracaju-SE-Noticias1-e1469486167176.jpg\"><img loading=\"lazy\" decoding=\"async\" aria-describedby=\"caption-attachment-94578\" class=\"size-full wp-image-94578\" alt=\"Homem subiu em poste e morreu ap\u00f3s despencar (Foto: T\u00e1ssio Andrade\/G1)\" src=\"http:\/\/senoticias.com.br\/se\/wp-content\/uploads\/2016\/07\/Dilma-em-Aracaju-SE-Noticias1-e1469486167176.jpg\" width=\"599\" height=\"449\" \/><\/a><p id=\"caption-attachment-94578\" class=\"wp-caption-text\">Homem subiu em poste e morreu ap\u00f3s despencar. \u00a0(Foto: T\u00e1ssio Andrade\/G1)<\/p><\/div>\n<p style=\"text-align: justify;\">Dilma chegou \u00e0 capital sergipana por volta das 15h30, e seguiu para o Centro da cidade e por volta das 16h30 se reuniu com lideran\u00e7as do PT, PCdoB e do MST.<\/p>\n<p style=\"text-align: justify;\">Em seu discurso, que durou cerca meia hora, ela falou para centenas de pessoas e afirmou que \u00e9 v\u00edtima de um golpe. \u201cN\u00e3o \u00e9 um golpe com armas na m\u00e3o. Eles est\u00e3o me julgando por um n\u00e3o crime. N\u00e3o s\u00f3 o Senado, mas o MPF me inocentou, mas isso para eles pouco importa, o que importa \u00e9 me afastar da presid\u00eancia. \u00c9 implantar um processo de retrocesso. Temer vai privatizar o pa\u00eds. N\u00e3o vou renunciar, n\u00e3o sou fr\u00e1gil. N\u00e3o tenho conta na Su\u00ed\u00e7a. Tenho posi\u00e7\u00e3o, n\u00e3o sou recatada\u201d, disparou.<\/p>\n<p style=\"text-align: justify;\">&#8220;Eles querem acabar com o Mais M\u00e9dicos, parando de contratar os m\u00e9dicos cubanos. E querem impedir que o povo tenha sa\u00fade. Querem fazer um plano de sa\u00fade m\u00ednimo conduzir a sa\u00fade dos pobres como se fosse diferente da dos ricos\u201d, disse.<\/p>\n<p>Durante o seu discurso a educa\u00e7\u00e3o foi alvo de crit\u00edcas. \u201cV\u00e1rios programas est\u00e3o sendo encerrados. O Pronatec est\u00e1 praticamente cancelado, pois n\u00e3o fazem nenhuma matr\u00edcula. Para onde vai o dinheiro do or\u00e7amento? A tend\u00eancia \u00e9 tirar direitos dos trabalhadores\u201d.<\/p>\n<p style=\"text-align: justify;\">\u201cA educa\u00e7\u00e3o sem partido \u00e9 na verdade o coroamento da vis\u00e3o que transforma o Brasil em uma p\u00e1tria n\u00e3o desenvolvida. Querem nos transformar em um bando de carneiros. Isso \u00e9 a educa\u00e7\u00e3o sem partido\u201d.<\/p>\n<p style=\"text-align: justify;\">Em seu discurso ela falou sobre a import\u00e2ncia de um pa\u00eds com sa\u00fade e educa\u00e7\u00e3o e lembrou de nomes da pol\u00edtica sergipana como o governador Marcelo D\u00e9da e o senador Jos\u00e9 Eduardo Dutra.<\/p>\n<p style=\"text-align: justify;\">\u201cD\u00e9da cantou a alma do povo sergipano do qual ele tinha muito orgulho. E uma das coisas que considero mais fortes em Deda e Z\u00e9 Eduardo era a coragem de enfrentar desafios. Tenho certeza que voc\u00eas t\u00eam muitos desafios pela frente e que voc\u00eas v\u00e3o honrar a mem\u00f3ria desses dois sergipanos\u201d, destacou.<\/p>\n<p style=\"text-align: justify;\">\u201cEu queria abra\u00e7ar cada um de voc\u00eas. Abra\u00e7ar a solidariedade das mulheres, dos jovens, dos negros e dos \u00edndios e todas as minorias. Vivemos um tempo dif\u00edcil no Brasil e est\u00e1 em curso um golpe contra os interesses do povo brasileiro\u201d.<\/p>\n<p style=\"text-align: justify;\">\u201cEu me inspiro na luta de voc\u00eas. Podem esperar sentados, pois eu n\u00e3o desisto dessa luta. Eu sei que voc\u00eas est\u00e3o comigo. E \u00e9 por isso, que tenho for\u00e7a para lutar. A raz\u00e3o e a democracia est\u00e3o do nosso lado\u201d.<\/p>\n<p style=\"text-align: justify;\">Segundo os organizadores, 20 mil pessoas estavam no evento. A Pol\u00edcia Militar n\u00e3o fez estimativa.<\/p>\n<p style=\"text-align: justify;\"><a href=\"http:\/\/senoticias.com.br\/se\/wp-content\/uploads\/2016\/07\/Logo-fone-1.jpg\"><img loading=\"lazy\" decoding=\"async\" class=\"aligncenter size-full wp-image-94415\" alt=\"Logo-fone (1)\" src=\"http:\/\/senoticias.com.br\/se\/wp-content\/uploads\/2016\/07\/Logo-fone-1.jpg\" width=\"599\" height=\"78\" srcset=\"https:\/\/senoticias.com.br\/se\/wp-content\/uploads\/2016\/07\/Logo-fone-1.jpg 599w, https:\/\/senoticias.com.br\/se\/wp-content\/uploads\/2016\/07\/Logo-fone-1-300x39.jpg 300w, https:\/\/senoticias.com.br\/se\/wp-content\/uploads\/2016\/07\/Logo-fone-1-342x44.jpg 342w\" sizes=\"(max-width: 599px) 100vw, 599px\" \/><\/a><\/p>\n<p style=\"text-align: justify;\"><em><strong>Acompanhe tamb\u00e9m o SE Not\u00edcias no\u00a0<a href=\"https:\/\/twitter.com\/Senoticias\" target=\"_blank\">Twitter<\/a>,\u00a0<a href=\"https:\/\/www.facebook.com\/senoticias1\" target=\"_blank\">Facebook<\/a>\u00a0e no\u00a0<a href=\"https:\/\/www.instagram.com\/senoticias\/\" target=\"_blank\">Instagram<\/a><\/strong><\/em><\/p>\n","protected":false},"excerpt":{"rendered":"<p>Do G1 SE &nbsp; &nbsp; Um homem morreu na tarde desta segunda-feira (25), ap\u00f3s receber uma descarga el\u00e9trica e cair de um poste na Pra\u00e7a General Valad\u00e3o, no Centro de Aracaju, onde a presidente afastada Dilma Rousseff se preparava para iniciar o seu discurso no ato Jornada Nacional Pela Democracia. Segundo o Servi\u00e7o de Atendimento [&hellip;]<\/p>\n","protected":false},"author":1,"featured_media":94578,"comment_status":"closed","ping_status":"closed","sticky":false,"template":"","format":"standard","meta":{"footnotes":""},"categories":[310,7,1],"tags":[],"class_list":{"0":"post-94577","1":"post","2":"type-post","3":"status-publish","4":"format-standard","5":"has-post-thumbnail","7":"category-destaques-da-semana","8":"category-policia","9":"category-sem-categoria"},"_links":{"self":[{"href":"https:\/\/senoticias.com.br\/se\/wp-json\/wp\/v2\/posts\/94577"}],"collection":[{"href":"https:\/\/senoticias.com.br\/se\/wp-json\/wp\/v2\/posts"}],"about":[{"href":"https:\/\/senoticias.com.br\/se\/wp-json\/wp\/v2\/types\/post"}],"author":[{"embeddable":true,"href":"https:\/\/senoticias.com.br\/se\/wp-json\/wp\/v2\/users\/1"}],"replies":[{"embeddable":true,"href":"https:\/\/senoticias.com.br\/se\/wp-json\/wp\/v2\/comments?post=94577"}],"version-history":[{"count":0,"href":"https:\/\/senoticias.com.br\/se\/wp-json\/wp\/v2\/posts\/94577\/revisions"}],"wp:featuredmedia":[{"embeddable":true,"href":"https:\/\/senoticias.com.br\/se\/wp-json\/wp\/v2\/media\/94578"}],"wp:attachment":[{"href":"https:\/\/senoticias.com.br\/se\/wp-json\/wp\/v2\/media?parent=94577"}],"wp:term":[{"taxonomy":"category","embeddable":true,"href":"https:\/\/senoticias.com.br\/se\/wp-json\/wp\/v2\/categories?post=94577"},{"taxonomy":"post_tag","embeddable":true,"href":"https:\/\/senoticias.com.br\/se\/wp-json\/wp\/v2\/tags?post=94577"}],"curies":[{"name":"wp","href":"https:\/\/api.w.org\/{rel}","templated":true}]}}