{"id":94560,"date":"2016-07-25T12:10:16","date_gmt":"2016-07-25T15:10:16","guid":{"rendered":"http:\/\/senoticias.com.br\/se\/?p=94560"},"modified":"2016-07-26T11:08:10","modified_gmt":"2016-07-26T14:08:10","slug":"assaltantes-fazem-arrastao-em-hospital-de-laranjeiras-2","status":"publish","type":"post","link":"https:\/\/senoticias.com.br\/se\/assaltantes-fazem-arrastao-em-hospital-de-laranjeiras-2\/","title":{"rendered":"Assaltantes fazem arrast\u00e3o em hospital de Laranjeiras"},"content":{"rendered":"<p style=\"text-align: justify;\">A Associa\u00e7\u00e3o Hospitalar de Sergipe, entidade respons\u00e1vel pela administra\u00e7\u00e3o do Hospital S\u00e3o Jo\u00e3o de Deus de Laranjeiras, lamenta o epis\u00f3dio de viol\u00eancia registrado na noite de ontem, 24, nas depend\u00eancias daquela unidade de sa\u00fade, por volta das 22h30. Dois homens encapuzados e fortemente armados (provavelmente metralhadora e escopeta) entraram no Hospital pela Urg\u00eancia e renderam o guarda municipal que estava na recep\u00e7\u00e3o.<\/p>\n<div style=\"text-align: justify;\">\n<div id=\"attachment_94562\" style=\"width: 609px\" class=\"wp-caption aligncenter\"><a href=\"http:\/\/senoticias.com.br\/se\/wp-content\/uploads\/2016\/07\/Hospital-de-Laranjeiras-SE-Noticias-e1469459813543.jpg\"><img loading=\"lazy\" decoding=\"async\" aria-describedby=\"caption-attachment-94562\" class=\"size-full wp-image-94562\" alt=\"Dire\u00e7\u00e3o do Hospital de Laranjeiras emite nota sobre assalto. (Foto:arquivo\/Reginaldo Santos) \" src=\"http:\/\/senoticias.com.br\/se\/wp-content\/uploads\/2016\/07\/Hospital-de-Laranjeiras-SE-Noticias-e1469459813543.jpg\" width=\"599\" height=\"220\" \/><\/a><p id=\"caption-attachment-94562\" class=\"wp-caption-text\">Dire\u00e7\u00e3o do Hospital de Laranjeiras emite nota sobre assalto. (Foto:arquivo\/Reginaldo Santos)<\/p><\/div>\n<\/div>\n<p style=\"text-align: justify;\">Os funcion\u00e1rios e pacientes tentaram se proteger trancando a pediatria, mas a porta foi arrombada e os bandidos levaram tr\u00eas aparelhos celulares (1 de uma enfermeira e dois das pacientes) e um aparelho de televis\u00e3o do Hospital. Assim que os bandidos fugiram, a dire\u00e7\u00e3o ligou para a Pol\u00edcia Militar, sendo que uma hora ap\u00f3s chegou uma guarni\u00e7\u00e3o de Maruim, e logo depois os policiais de Laranjeiras.<\/p>\n<div style=\"text-align: justify;\"><\/div>\n<p style=\"text-align: justify;\">A dire\u00e7\u00e3o da Associa\u00e7\u00e3o se deslocou at\u00e9 o munic\u00edpio nas primeiras horas da manh\u00e3 para prestar total assist\u00eancia aos funcion\u00e1rios e pacientes. As imagens do circuito interno de TV ainda est\u00e3o sendo analisadas para sua recupera\u00e7\u00e3o, uma vez que os bandidos danificaram as c\u00e2meras de vigil\u00e2ncia.<\/p>\n<div style=\"text-align: justify;\"><\/div>\n<p style=\"text-align: justify;\">A Associa\u00e7\u00e3o Hospitalar de Sergipe continuar\u00e1 prestando apoio a todos os funcion\u00e1rios e pacientes, como tamb\u00e9m ir\u00e1 colaborar, no que for necess\u00e1rio, ao trabalho de investiga\u00e7\u00e3o da pol\u00edcia.<\/p>\n<div><\/div>\n<p>Atenciosamente,<\/p>\n<p>Kariny Souza Pinheiro<br \/>\nDiretora-geral do Hospital S\u00e3o Jo\u00e3o de Deus<\/p>\n<p>Marlon Fontes Am\u00e2ncio<br \/>\nPresidente da Associa\u00e7\u00e3o Hospitalar de Sergipe<\/p>\n<p><a href=\"http:\/\/senoticias.com.br\/se\/wp-content\/uploads\/2016\/07\/Logo-fone-1.jpg\"><img loading=\"lazy\" decoding=\"async\" class=\"aligncenter size-full wp-image-94415\" alt=\"Logo-fone (1)\" src=\"http:\/\/senoticias.com.br\/se\/wp-content\/uploads\/2016\/07\/Logo-fone-1.jpg\" width=\"599\" height=\"78\" srcset=\"https:\/\/senoticias.com.br\/se\/wp-content\/uploads\/2016\/07\/Logo-fone-1.jpg 599w, https:\/\/senoticias.com.br\/se\/wp-content\/uploads\/2016\/07\/Logo-fone-1-300x39.jpg 300w, https:\/\/senoticias.com.br\/se\/wp-content\/uploads\/2016\/07\/Logo-fone-1-342x44.jpg 342w\" sizes=\"(max-width: 599px) 100vw, 599px\" \/><\/a><\/p>\n<p><strong>Acompanhe tamb\u00e9m o SE Not\u00edcias no\u00a0<a href=\"https:\/\/twitter.com\/Senoticias\" target=\"_blank\">Twitter<\/a>,\u00a0<a href=\"https:\/\/www.facebook.com\/senoticias1\" target=\"_blank\">Facebook<\/a>\u00a0e no<a href=\"https:\/\/www.instagram.com\/senoticias\/\" target=\"_blank\">\u00a0Instagram<\/a><\/strong><\/p>\n","protected":false},"excerpt":{"rendered":"<p>A Associa\u00e7\u00e3o Hospitalar de Sergipe, entidade respons\u00e1vel pela administra\u00e7\u00e3o do Hospital S\u00e3o Jo\u00e3o de Deus de Laranjeiras, lamenta o epis\u00f3dio de viol\u00eancia registrado na noite de ontem, 24, nas depend\u00eancias daquela unidade de sa\u00fade, por volta das 22h30. Dois homens encapuzados e fortemente armados (provavelmente metralhadora e escopeta) entraram no Hospital pela Urg\u00eancia e renderam [&hellip;]<\/p>\n","protected":false},"author":1,"featured_media":94562,"comment_status":"closed","ping_status":"closed","sticky":false,"template":"","format":"standard","meta":{"footnotes":""},"categories":[310,7],"tags":[],"class_list":{"0":"post-94560","1":"post","2":"type-post","3":"status-publish","4":"format-standard","5":"has-post-thumbnail","7":"category-destaques-da-semana","8":"category-policia"},"_links":{"self":[{"href":"https:\/\/senoticias.com.br\/se\/wp-json\/wp\/v2\/posts\/94560"}],"collection":[{"href":"https:\/\/senoticias.com.br\/se\/wp-json\/wp\/v2\/posts"}],"about":[{"href":"https:\/\/senoticias.com.br\/se\/wp-json\/wp\/v2\/types\/post"}],"author":[{"embeddable":true,"href":"https:\/\/senoticias.com.br\/se\/wp-json\/wp\/v2\/users\/1"}],"replies":[{"embeddable":true,"href":"https:\/\/senoticias.com.br\/se\/wp-json\/wp\/v2\/comments?post=94560"}],"version-history":[{"count":0,"href":"https:\/\/senoticias.com.br\/se\/wp-json\/wp\/v2\/posts\/94560\/revisions"}],"wp:featuredmedia":[{"embeddable":true,"href":"https:\/\/senoticias.com.br\/se\/wp-json\/wp\/v2\/media\/94562"}],"wp:attachment":[{"href":"https:\/\/senoticias.com.br\/se\/wp-json\/wp\/v2\/media?parent=94560"}],"wp:term":[{"taxonomy":"category","embeddable":true,"href":"https:\/\/senoticias.com.br\/se\/wp-json\/wp\/v2\/categories?post=94560"},{"taxonomy":"post_tag","embeddable":true,"href":"https:\/\/senoticias.com.br\/se\/wp-json\/wp\/v2\/tags?post=94560"}],"curies":[{"name":"wp","href":"https:\/\/api.w.org\/{rel}","templated":true}]}}