{"id":94150,"date":"2016-07-14T08:25:09","date_gmt":"2016-07-14T11:25:09","guid":{"rendered":"http:\/\/senoticias.com.br\/se\/?p=94150"},"modified":"2016-07-14T08:25:09","modified_gmt":"2016-07-14T11:25:09","slug":"proinveste-obra-no-residencial-santa-tereza-beneficia-mais-de-30-mil-aracajuanos","status":"publish","type":"post","link":"https:\/\/senoticias.com.br\/se\/proinveste-obra-no-residencial-santa-tereza-beneficia-mais-de-30-mil-aracajuanos\/","title":{"rendered":"Proinveste: obra no Residencial Santa Tereza beneficia mais de 30 mil aracajuanos"},"content":{"rendered":"<p style=\"text-align: justify;\">Prevista para ser conclu\u00edda e entregue \u00e0 popula\u00e7\u00e3o em 2017, a urbaniza\u00e7\u00e3o do loteamento Santa Tereza, no bairro Industrial, zona norte de Aracaju, j\u00e1 traz benef\u00edcios para moradores de 25 ruas. Com recursos provenientes do Programa de Apoio ao Investimento dos Estados (Proinveste), as vias j\u00e1 contam com rede de esgoto, drenagem e pavimenta\u00e7\u00e3o.<\/p>\n<div id=\"attachment_94151\" style=\"width: 606px\" class=\"wp-caption aligncenter\"><a href=\"http:\/\/senoticias.com.br\/se\/wp-content\/uploads\/2016\/07\/Proinveste-obra-no-Residencial-Santa-Tereza-beneficia-mais-de-30-mil-aracajuanos-SE-Noticias-e1468495458441.jpg\"><img loading=\"lazy\" decoding=\"async\" aria-describedby=\"caption-attachment-94151\" class=\"size-full wp-image-94151\" alt=\"Prevista para ser conclu\u00edda e entregue \u00e0 popula\u00e7\u00e3o em 2017, a urbaniza\u00e7\u00e3o do loteamento Santa Tereza, no bairro Industrial, zona norte de Aracaju, j\u00e1 traz benef\u00edcios para moradores de 25 ruas \/ Foto: Andr\u00e9 Moreira\/ASN\" src=\"http:\/\/senoticias.com.br\/se\/wp-content\/uploads\/2016\/07\/Proinveste-obra-no-Residencial-Santa-Tereza-beneficia-mais-de-30-mil-aracajuanos-SE-Noticias-e1468495458441.jpg\" width=\"596\" height=\"397\" \/><\/a><p id=\"caption-attachment-94151\" class=\"wp-caption-text\">Prevista para ser conclu\u00edda e entregue \u00e0 popula\u00e7\u00e3o em 2017, a urbaniza\u00e7\u00e3o do loteamento Santa Tereza, no bairro Industrial, zona norte de Aracaju, j\u00e1 traz benef\u00edcios para moradores de 25 ruas \/ Foto: Andr\u00e9 Moreira\/ASN<\/p><\/div>\n<p style=\"text-align: justify;\">Dona Valdice Vasconcelos, ambulante, conta que na rua em que mora antes s\u00f3 havia lama. \u201cEu n\u00e3o tinha nem gosto aqui pela casa, mas, agora, com o asfalto j\u00e1 estou dando uma m\u00e3o de tinta nela. Essa obra melhorou 100% a vida da gente\u201d, comemora.<\/p>\n<p style=\"text-align: justify;\">O comerciante Cl\u00e1udio Bonfim diz que com o asfaltamento das ruas do loteamento, o com\u00e9rcio tamb\u00e9m ganhou for\u00e7a. \u201cNessa \u00e9poca do ano, que chove mais, as ruas ficavam alagadas, o que afastava tamb\u00e9m os fregueses. J\u00e1 sentimos uma movimenta\u00e7\u00e3o maior do com\u00e9rcio aqui\u201d, avalia.<\/p>\n<p style=\"text-align: justify;\">Respons\u00e1vel pela obra, o engenheiro Howard Alves de Lima define o investimento de R$ 11. 783012,13 como um projeto verdadeiramente estruturante, que beneficia mais de 30 mil pessoas no entorno de Aracaju e Nossa Senhora do Socorro, uma vez que foi pensado para ir al\u00e9m dos servi\u00e7os de cal\u00e7amento, drenagem e esgotamento. \u201cA avenida principal, por exemplo, faz parte do corredor da Tancredo Campos. Com essa obra, o tr\u00e2nsito melhorar\u00e1 muito nesta \u00e1rea. Estamos fazendo tamb\u00e9m um muro de conten\u00e7\u00e3o e come\u00e7amos a demoli\u00e7\u00e3o das casas que ficam ao lado da Euclides Figueiredo [as fam\u00edlias que l\u00e1 habitavam se mudaram para casas populares no Porto D\u2019Anta]. Vamos demolir e no lugar haver\u00e1 cal\u00e7ad\u00e3o, quadras, quiosques, posto policial, ou seja, uma \u00e1rea de lazer onde ser\u00e1 investido mais R$ 8 milh\u00f5es\u201d, explica.<\/p>\n<p style=\"text-align: justify;\"><strong>Centro Administrativo<\/strong><\/p>\n<p style=\"text-align: justify;\">Tamb\u00e9m com recursos do Proinveste, no valor de R$18.726.873,43, o Sistema Vi\u00e1rio do Centro Administrativo Governador Augusto Franco, na zona oeste de Aracaju, est\u00e1 praticamente conclu\u00eddo. Na \u00e1rea foi feita a recupera\u00e7\u00e3o de vias existentes e a cria\u00e7\u00e3o das avenidas C e D.<\/p>\n<p style=\"text-align: justify;\">Essa obra, al\u00e9m de facilitar o acesso \u00e0 regi\u00e3o do Centro Administrativo, tamb\u00e9m moldar\u00e1 o desenvolvimento da localidade, \u00e9 o que garante o engenheiro Geraldino Vieira Costa. \u201cO maior objetivo dessa obra \u00e9 contribuir para a mobilidade urbana da \u00e1rea. As duas novas avenidas d\u00e3o acesso a algumas das edifica\u00e7\u00f5es futuras, como a sede da Pol\u00edcia Federal, a amplia\u00e7\u00e3o do TRT e a Receita Federal, bem como fazem a comunica\u00e7\u00e3o com a avenida Dr. Carlos Cruz, que \u00e9 a avenida principal do Centro Administrativo e que futuramente ser\u00e1 uma avenida perimetral\u201d, adianta.<\/p>\n<p style=\"text-align: justify;\">A revitaliza\u00e7\u00e3o do Centro Administrativo \u00e9 um antigo pleito dos \u00f3rg\u00e3os l\u00e1 localizados e, sobretudo, dos trabalhadores da regi\u00e3o. \u201cTrabalho aqui h\u00e1 dois anos e antes as ruas eram esburacadas e sem seguran\u00e7a. Depois dessa obra, sinto mais seguran\u00e7a em trafegar aqui, melhorou tamb\u00e9m a ilumina\u00e7\u00e3o, tiraram um matagal pr\u00f3ximo, que era onde marginais se escondiam para praticar assaltos\u201d, explica Fl\u00e1vio Henrique dos Santos Prado, funcion\u00e1rio do TRT.<\/p>\n<p style=\"text-align: justify;\">O ciclista M\u00e1rcio dos Santos costumeiramente tamb\u00e9m transita na regi\u00e3o e comemora as mudan\u00e7as. \u201cMelhorou bastante mesmo. E tenho certeza que com a perimetral, facilitar\u00e1 ainda mais\u201d, declara.<\/p>\n<p style=\"text-align: justify;\">\n<p style=\"text-align: justify;\">\n<p style=\"text-align: justify;\"><strong>Acompanhe tamb\u00e9m o SE not\u00edcias no <a href=\"https:\/\/twitter.com\/Senoticias\" target=\"_blank\">Twitter<\/a>, <a href=\"https:\/\/www.facebook.com\/senoticias1\" target=\"_blank\">Facebook<\/a> e no<a href=\"https:\/\/www.instagram.com\/senoticias\/\" target=\"_blank\"> Instagram<\/a><\/strong><\/p>\n<p style=\"text-align: justify;\"><strong>\u00a0<a href=\"http:\/\/senoticias.com.br\/se\/wp-content\/uploads\/2016\/07\/Logo-fone.jpg\"><img loading=\"lazy\" decoding=\"async\" class=\"aligncenter size-full wp-image-93952\" alt=\"Logo-fone\" src=\"http:\/\/senoticias.com.br\/se\/wp-content\/uploads\/2016\/07\/Logo-fone.jpg\" width=\"599\" height=\"78\" srcset=\"https:\/\/senoticias.com.br\/se\/wp-content\/uploads\/2016\/07\/Logo-fone.jpg 599w, https:\/\/senoticias.com.br\/se\/wp-content\/uploads\/2016\/07\/Logo-fone-300x39.jpg 300w, https:\/\/senoticias.com.br\/se\/wp-content\/uploads\/2016\/07\/Logo-fone-342x44.jpg 342w\" sizes=\"(max-width: 599px) 100vw, 599px\" \/><\/a><\/strong><\/p>\n<p style=\"text-align: justify;\">\n<strong>Mat\u00e9ria extra\u00edda do Portal <a href=\"http:\/\/www.agencia.se.gov.br\/noticias\/governo\/proinveste-obra-no-residencial-santa-tereza-beneficia-mais-de-30-mil-aracajuanos\" target=\"_blank\">Ag\u00eancia Sergipe de Noticias.<\/a><\/strong><\/p>\n","protected":false},"excerpt":{"rendered":"<p>Prevista para ser conclu\u00edda e entregue \u00e0 popula\u00e7\u00e3o em 2017, a urbaniza\u00e7\u00e3o do loteamento Santa Tereza, no bairro Industrial, zona norte de Aracaju, j\u00e1 traz benef\u00edcios para moradores de 25 ruas. Com recursos provenientes do Programa de Apoio ao Investimento dos Estados (Proinveste), as vias j\u00e1 contam com rede de esgoto, drenagem e pavimenta\u00e7\u00e3o. Dona [&hellip;]<\/p>\n","protected":false},"author":3,"featured_media":94151,"comment_status":"closed","ping_status":"closed","sticky":false,"template":"","format":"standard","meta":{"footnotes":""},"categories":[6],"tags":[1133],"class_list":{"0":"post-94150","1":"post","2":"type-post","3":"status-publish","4":"format-standard","5":"has-post-thumbnail","7":"category-politica","8":"tag-proinveste-obra-no-residencial-santa-tereza-beneficia-mais-de-30-mil-aracajuanos"},"_links":{"self":[{"href":"https:\/\/senoticias.com.br\/se\/wp-json\/wp\/v2\/posts\/94150"}],"collection":[{"href":"https:\/\/senoticias.com.br\/se\/wp-json\/wp\/v2\/posts"}],"about":[{"href":"https:\/\/senoticias.com.br\/se\/wp-json\/wp\/v2\/types\/post"}],"author":[{"embeddable":true,"href":"https:\/\/senoticias.com.br\/se\/wp-json\/wp\/v2\/users\/3"}],"replies":[{"embeddable":true,"href":"https:\/\/senoticias.com.br\/se\/wp-json\/wp\/v2\/comments?post=94150"}],"version-history":[{"count":0,"href":"https:\/\/senoticias.com.br\/se\/wp-json\/wp\/v2\/posts\/94150\/revisions"}],"wp:featuredmedia":[{"embeddable":true,"href":"https:\/\/senoticias.com.br\/se\/wp-json\/wp\/v2\/media\/94151"}],"wp:attachment":[{"href":"https:\/\/senoticias.com.br\/se\/wp-json\/wp\/v2\/media?parent=94150"}],"wp:term":[{"taxonomy":"category","embeddable":true,"href":"https:\/\/senoticias.com.br\/se\/wp-json\/wp\/v2\/categories?post=94150"},{"taxonomy":"post_tag","embeddable":true,"href":"https:\/\/senoticias.com.br\/se\/wp-json\/wp\/v2\/tags?post=94150"}],"curies":[{"name":"wp","href":"https:\/\/api.w.org\/{rel}","templated":true}]}}