{"id":93947,"date":"2016-07-06T19:25:51","date_gmt":"2016-07-06T22:25:51","guid":{"rendered":"http:\/\/senoticias.com.br\/se\/?p=93947"},"modified":"2016-07-07T16:08:40","modified_gmt":"2016-07-07T19:08:40","slug":"ana-lucia-freire-dos-anjos-e-escolhida-nova-desembargadora-do-tjse","status":"publish","type":"post","link":"https:\/\/senoticias.com.br\/se\/ana-lucia-freire-dos-anjos-e-escolhida-nova-desembargadora-do-tjse\/","title":{"rendered":"Ana L\u00facia Freire dos Anjos \u00e9 escolhida nova Desembargadora do TJSE"},"content":{"rendered":"<div id=\"attachment_93949\" style=\"width: 410px\" class=\"wp-caption alignright\"><a href=\"http:\/\/senoticias.com.br\/se\/wp-content\/uploads\/2016\/07\/Nova-desembargadora-SE-Noticias.jpg\"><img loading=\"lazy\" decoding=\"async\" aria-describedby=\"caption-attachment-93949\" class=\"size-full wp-image-93949\" alt=\"A posse ser\u00e1 realizada na segunda-feira, 11.07, \u00e0s 16 horas, no Audit\u00f3rio Jos\u00e9 Rollemberg Leite, no Pal\u00e1cio da Justi\u00e7a.(Foto: Bruno C\u00e9sar)\" src=\"http:\/\/senoticias.com.br\/se\/wp-content\/uploads\/2016\/07\/Nova-desembargadora-SE-Noticias.jpg\" width=\"400\" height=\"267\" srcset=\"https:\/\/senoticias.com.br\/se\/wp-content\/uploads\/2016\/07\/Nova-desembargadora-SE-Noticias.jpg 400w, https:\/\/senoticias.com.br\/se\/wp-content\/uploads\/2016\/07\/Nova-desembargadora-SE-Noticias-300x200.jpg 300w, https:\/\/senoticias.com.br\/se\/wp-content\/uploads\/2016\/07\/Nova-desembargadora-SE-Noticias-342x228.jpg 342w\" sizes=\"(max-width: 400px) 100vw, 400px\" \/><\/a><p id=\"caption-attachment-93949\" class=\"wp-caption-text\">A posse ser\u00e1 realizada na segunda-feira, 11.07, \u00e0s 16 horas, no Audit\u00f3rio Jos\u00e9 Rollemberg Leite, no Pal\u00e1cio da Justi\u00e7a.(Foto: Bruno C\u00e9sar)<\/p><\/div>\n<p style=\"text-align: justify;\">A Ju\u00edza de Direito titular da 9\u00aa Vara C\u00edvel da Comarca de Aracaju, Ana L\u00facia Freire de Almeida dos Anjos, \u00e9 a nova Desembargadora do Tribunal de Justi\u00e7a de Sergipe (TJSE). A magistrada ocupar\u00e1 a vaga aberta pela aposentadoria do Desembargador Cl\u00e1udio D\u00e9da. A ju\u00edza integrou a lista tr\u00edplice, definida em sess\u00e3o administrativa realizada nesta quarta-feira, 06.07, para promo\u00e7\u00e3o a Desembargador, pelo crit\u00e9rio de merecimento, e al\u00e9m de ser a ju\u00edza com maior pontua\u00e7\u00e3o (1055,80), entrou pela terceira vez consecutiva na lista e foi promovida ao cargo de Desembargadora.<\/p>\n<p style=\"text-align: justify;\">Al\u00e9m da nova integrante do colegiado do 2\u00aa grau da Justi\u00e7a sergipana, integraram a lista tr\u00edplice os Ju\u00edzes Marcel de Castro Britto, com 1016,50 pontos e Jo\u00e3o Hora Neto, com 1013,50. Cada um dos 11 Desembargadores votantes analisou crit\u00e9rios de desempenho, produtividade, presteza no\u00a0exerc\u00edcio\u00a0das fun\u00e7\u00f5es, aperfei\u00e7oamento t\u00e9cnico e adequa\u00e7\u00e3o da conduta ao C\u00f3digo de \u00c9tica da Magistratura Nacional, de acordo com a Resolu\u00e7\u00e3o n\u00ba 106 do Conselho Nacional de Justi\u00e7a.<\/p>\n<p style=\"text-align: justify;\">Treze ju\u00edzes habilitados apresentaram candidatura: Maria Ang\u00e9lica Fran\u00e7a e Souza, Jo\u00e3o Hora Neto, Jos\u00e9 Pereira Neto, Jos\u00e9 Anselmo de Oliveira, Ana L\u00facia Freire dos Anjos, Bethzamara Rocha Macedo, Marcel de Castro Britto, Ana Bernadete Leite de Carvalho, Manoel Costa Neto, S\u00e9rgio Menezes Lucas, Maria da Concei\u00e7\u00e3o da Silva\u00a0Santos\u00a0e \u00c1urea Corumba de Santana.<\/p>\n<p style=\"text-align: justify;\"><strong>Breve Curr\u00edculo da nova Desembargadora<\/strong><\/p>\n<p style=\"text-align: justify;\">Nascida em Aracaju, a Ju\u00edza Ana L\u00facia Freire de Almeida dos Anjos bacharelou-se em Direito pela Universidade Federal de Sergipe (UFS) em 1984. Atuou como Defensora P\u00fablica at\u00e9 o ano de 1989.<\/p>\n<p style=\"text-align: justify;\">Ingressou no Tribunal de Justi\u00e7a de Sergipe no dia 26.12.1989, e em 27 anos de magistratura judicou nas Comarcas de Pacatuba, Frei Paulo, Boquim e Aracaju. Atuou na Justi\u00e7a Eleitoral do 1\u00ba e 2\u00ba grau, foi Presidente da Turma Recursal e por in\u00fameras oportunidades foi\u00a0convocada\u00a0para substituir desembargadores.<\/p>\n<p style=\"text-align: justify;\">\u00c9 acad\u00eamica fundadora da\u00a0Academia\u00a0Sergipana de Letras Jur\u00eddicas e P\u00f3s-Graduada em Direito Constitucional e Processual Civil pela Escola Judicial de Sergipe (Ejuse).<\/p>\n<p style=\"text-align: justify;\"><em><strong>Acompanhe tamb\u00e9m o SE Not\u00edcias no\u00a0<a href=\"https:\/\/twitter.com\/Senoticias\" target=\"_blank\">Twitter<\/a>,\u00a0<a href=\"https:\/\/www.facebook.com\/senoticias1\" target=\"_blank\">Facebook<\/a>\u00a0e no\u00a0<a href=\"https:\/\/www.instagram.com\/senoticias\/\" target=\"_blank\">Instagram<\/a><\/strong><\/em><\/p>\n<p style=\"text-align: justify;\"><a href=\"http:\/\/senoticias.com.br\/se\/wp-content\/uploads\/2016\/06\/Logo-fone.jpg\"><img loading=\"lazy\" decoding=\"async\" class=\"aligncenter size-full wp-image-93338\" alt=\"Logo fone\" src=\"http:\/\/senoticias.com.br\/se\/wp-content\/uploads\/2016\/06\/Logo-fone.jpg\" width=\"599\" height=\"78\" srcset=\"https:\/\/senoticias.com.br\/se\/wp-content\/uploads\/2016\/06\/Logo-fone.jpg 599w, https:\/\/senoticias.com.br\/se\/wp-content\/uploads\/2016\/06\/Logo-fone-300x39.jpg 300w, https:\/\/senoticias.com.br\/se\/wp-content\/uploads\/2016\/06\/Logo-fone-342x44.jpg 342w\" sizes=\"(max-width: 599px) 100vw, 599px\" \/><\/a><\/p>\n","protected":false},"excerpt":{"rendered":"<p>A Ju\u00edza de Direito titular da 9\u00aa Vara C\u00edvel da Comarca de Aracaju, Ana L\u00facia Freire de Almeida dos Anjos, \u00e9 a nova Desembargadora do Tribunal de Justi\u00e7a de Sergipe (TJSE). A magistrada ocupar\u00e1 a vaga aberta pela aposentadoria do Desembargador Cl\u00e1udio D\u00e9da. A ju\u00edza integrou a lista tr\u00edplice, definida em sess\u00e3o administrativa realizada nesta [&hellip;]<\/p>\n","protected":false},"author":3,"featured_media":93949,"comment_status":"closed","ping_status":"closed","sticky":false,"template":"","format":"standard","meta":{"footnotes":""},"categories":[310,6],"tags":[],"class_list":{"0":"post-93947","1":"post","2":"type-post","3":"status-publish","4":"format-standard","5":"has-post-thumbnail","7":"category-destaques-da-semana","8":"category-politica"},"_links":{"self":[{"href":"https:\/\/senoticias.com.br\/se\/wp-json\/wp\/v2\/posts\/93947"}],"collection":[{"href":"https:\/\/senoticias.com.br\/se\/wp-json\/wp\/v2\/posts"}],"about":[{"href":"https:\/\/senoticias.com.br\/se\/wp-json\/wp\/v2\/types\/post"}],"author":[{"embeddable":true,"href":"https:\/\/senoticias.com.br\/se\/wp-json\/wp\/v2\/users\/3"}],"replies":[{"embeddable":true,"href":"https:\/\/senoticias.com.br\/se\/wp-json\/wp\/v2\/comments?post=93947"}],"version-history":[{"count":0,"href":"https:\/\/senoticias.com.br\/se\/wp-json\/wp\/v2\/posts\/93947\/revisions"}],"wp:featuredmedia":[{"embeddable":true,"href":"https:\/\/senoticias.com.br\/se\/wp-json\/wp\/v2\/media\/93949"}],"wp:attachment":[{"href":"https:\/\/senoticias.com.br\/se\/wp-json\/wp\/v2\/media?parent=93947"}],"wp:term":[{"taxonomy":"category","embeddable":true,"href":"https:\/\/senoticias.com.br\/se\/wp-json\/wp\/v2\/categories?post=93947"},{"taxonomy":"post_tag","embeddable":true,"href":"https:\/\/senoticias.com.br\/se\/wp-json\/wp\/v2\/tags?post=93947"}],"curies":[{"name":"wp","href":"https:\/\/api.w.org\/{rel}","templated":true}]}}