{"id":93945,"date":"2016-07-06T18:23:14","date_gmt":"2016-07-06T21:23:14","guid":{"rendered":"http:\/\/senoticias.com.br\/se\/?p=93945"},"modified":"2016-07-06T18:23:14","modified_gmt":"2016-07-06T21:23:14","slug":"teori-arquiva-um-dos-inqueritos-contra-renan-calheiros-no-stf","status":"publish","type":"post","link":"https:\/\/senoticias.com.br\/se\/teori-arquiva-um-dos-inqueritos-contra-renan-calheiros-no-stf\/","title":{"rendered":"Teori arquiva um dos inqu\u00e9ritos contra Renan Calheiros no STF"},"content":{"rendered":"<p style=\"text-align: justify;\">O ministro do Supremo Tribunal Federal (STF) Teori Zavascki determinou o arquivamento de um inqu\u00e9rito contra o presidente do Senado, Renan Calheiros (PMDB-AL). A decis\u00e3o atendeu a um pedido do procurador-geral da Rep\u00fablica (PGR), Rodrigo Janot. Renan \u00e9 alvo de outros inqu\u00e9ritos no Supremo.<\/p>\n<div id=\"attachment_48509\" style=\"width: 600px\" class=\"wp-caption aligncenter\"><a href=\"http:\/\/senoticias.com.br\/se\/wp-content\/uploads\/2013\/05\/size_590_calhe3.jpg\"><img loading=\"lazy\" decoding=\"async\" aria-describedby=\"caption-attachment-48509\" class=\"size-full wp-image-48509\" alt=\"O presidente do Senado, Renan Calheiros (PMDB-AL)\" src=\"http:\/\/senoticias.com.br\/se\/wp-content\/uploads\/2013\/05\/size_590_calhe3.jpg\" width=\"590\" height=\"443\" srcset=\"https:\/\/senoticias.com.br\/se\/wp-content\/uploads\/2013\/05\/size_590_calhe3.jpg 590w, https:\/\/senoticias.com.br\/se\/wp-content\/uploads\/2013\/05\/size_590_calhe3-300x225.jpg 300w, https:\/\/senoticias.com.br\/se\/wp-content\/uploads\/2013\/05\/size_590_calhe3-342x256.jpg 342w, https:\/\/senoticias.com.br\/se\/wp-content\/uploads\/2013\/05\/size_590_calhe3-60x45.jpg 60w, https:\/\/senoticias.com.br\/se\/wp-content\/uploads\/2013\/05\/size_590_calhe3-150x113.jpg 150w, https:\/\/senoticias.com.br\/se\/wp-content\/uploads\/2013\/05\/size_590_calhe3-269x201.jpg 269w\" sizes=\"(max-width: 590px) 100vw, 590px\" \/><\/a><p id=\"caption-attachment-48509\" class=\"wp-caption-text\">O presidente do Senado, Renan Calheiros (PMDB-AL)<\/p><\/div>\n<p style=\"text-align: justify;\">No dia 16 de junho, Janot pediu o arquivamento da investiga\u00e7\u00e3o contra Renan no inqu\u00e9rito da Lava Jato por falta de provas contra o senador, mas denunciou, no mesmo processo, o deputado An\u00edbal Gomes (PMDB-CE) pelos crimes de corrup\u00e7\u00e3o e lavagem de dinheiro.<\/p>\n<p style=\"text-align: justify;\">\u201cSegundo a den\u00fancia, constatou-se a atua\u00e7\u00e3o do deputado federal An\u00edbal Gomes com promessa de pagamento indevido no valor de R$ 800 mil ao ent\u00e3o diretor de Abastecimento da Petrobras Paulo Roberto Costa, para permitir e facilitar a celebra\u00e7\u00e3o de acordo entre a Petrobras e outras empresas atuantes na Zona Portu\u00e1ria 16\u201d, disse a PGR na \u00e9poca do oferecimento da den\u00fancia. Al\u00e9m de An\u00edbal Gomes, o s\u00f3cio dele, Lu\u00eds Carlos Batista S\u00e1, tamb\u00e9m foi denunciado.<\/p>\n<p style=\"text-align: justify;\">Na decis\u00e3o, Teori determinou que o inqu\u00e9rito seja desmembrado para que as condutas dos acusados que n\u00e3o possuem foro sejam analisadas na 13\u00aa Vara Federal de Curitiba.<\/p>\n<p style=\"text-align: justify;\">\u201c[Determino]a remessa de c\u00f3pia integral dos autos ao ju\u00edzo da 13\u00aa Vara Federal da Subse\u00e7\u00e3o Judici\u00e1ria de Curitiba\/PR, para provid\u00eancias cab\u00edveis em rela\u00e7\u00e3o \u00e0s demais pessoas n\u00e3o detentoras de foro por prerrogativa de fun\u00e7\u00e3o, ficando determinado ao ju\u00edzo indicado o imediato exame da compet\u00eancia de foro; o arquivamento deste inqu\u00e9rito em rela\u00e7\u00e3o ao Senador Jos\u00e9 Renan Vasconcelos Calheiros\u201d, diz a decis\u00e3o.<\/p>\n<p style=\"text-align: justify;\">\n<p style=\"text-align: justify;\"><strong>Acompanhe tamb\u00e9m o SE Not\u00edcias no <a href=\"https:\/\/twitter.com\/Senoticias\" target=\"_blank\">Twitter<\/a>, <a href=\"https:\/\/www.facebook.com\/senoticias1\" target=\"_blank\">Facebook<\/a> e no <a href=\"https:\/\/www.instagram.com\/senoticias\/\" target=\"_blank\">Instagram.<\/a><\/strong><\/p>\n<p style=\"text-align: justify;\"><strong>\u00a0<a href=\"http:\/\/senoticias.com.br\/se\/wp-content\/uploads\/2016\/06\/Logo-fone.jpg\"><img loading=\"lazy\" decoding=\"async\" class=\"aligncenter size-full wp-image-93338\" alt=\"Logo fone\" src=\"http:\/\/senoticias.com.br\/se\/wp-content\/uploads\/2016\/06\/Logo-fone.jpg\" width=\"599\" height=\"78\" srcset=\"https:\/\/senoticias.com.br\/se\/wp-content\/uploads\/2016\/06\/Logo-fone.jpg 599w, https:\/\/senoticias.com.br\/se\/wp-content\/uploads\/2016\/06\/Logo-fone-300x39.jpg 300w, https:\/\/senoticias.com.br\/se\/wp-content\/uploads\/2016\/06\/Logo-fone-342x44.jpg 342w\" sizes=\"(max-width: 599px) 100vw, 599px\" \/><\/a><\/strong><\/p>\n<p style=\"text-align: justify;\">\n<strong>Mat\u00e9ria extra\u00edda do Portal <a href=\"http:\/\/agenciabrasil.ebc.com.br\/politica\/noticia\/2016-07\/ministro-do-stf-arquiva-um-dos-inqueritos-contra-renan-calheiros\" target=\"_blank\">Ag\u00eancia Brasil de Noticias.<\/a><\/strong><\/p>\n","protected":false},"excerpt":{"rendered":"<p>O ministro do Supremo Tribunal Federal (STF) Teori Zavascki determinou o arquivamento de um inqu\u00e9rito contra o presidente do Senado, Renan Calheiros (PMDB-AL). A decis\u00e3o atendeu a um pedido do procurador-geral da Rep\u00fablica (PGR), Rodrigo Janot. Renan \u00e9 alvo de outros inqu\u00e9ritos no Supremo. No dia 16 de junho, Janot pediu o arquivamento da investiga\u00e7\u00e3o [&hellip;]<\/p>\n","protected":false},"author":3,"featured_media":48509,"comment_status":"closed","ping_status":"closed","sticky":false,"template":"","format":"standard","meta":{"footnotes":""},"categories":[6],"tags":[1118],"class_list":{"0":"post-93945","1":"post","2":"type-post","3":"status-publish","4":"format-standard","5":"has-post-thumbnail","7":"category-politica","8":"tag-teori-arquiva-um-dos-inqueritos-contra-renan-calheiros-no-stf"},"_links":{"self":[{"href":"https:\/\/senoticias.com.br\/se\/wp-json\/wp\/v2\/posts\/93945"}],"collection":[{"href":"https:\/\/senoticias.com.br\/se\/wp-json\/wp\/v2\/posts"}],"about":[{"href":"https:\/\/senoticias.com.br\/se\/wp-json\/wp\/v2\/types\/post"}],"author":[{"embeddable":true,"href":"https:\/\/senoticias.com.br\/se\/wp-json\/wp\/v2\/users\/3"}],"replies":[{"embeddable":true,"href":"https:\/\/senoticias.com.br\/se\/wp-json\/wp\/v2\/comments?post=93945"}],"version-history":[{"count":0,"href":"https:\/\/senoticias.com.br\/se\/wp-json\/wp\/v2\/posts\/93945\/revisions"}],"wp:featuredmedia":[{"embeddable":true,"href":"https:\/\/senoticias.com.br\/se\/wp-json\/wp\/v2\/media\/48509"}],"wp:attachment":[{"href":"https:\/\/senoticias.com.br\/se\/wp-json\/wp\/v2\/media?parent=93945"}],"wp:term":[{"taxonomy":"category","embeddable":true,"href":"https:\/\/senoticias.com.br\/se\/wp-json\/wp\/v2\/categories?post=93945"},{"taxonomy":"post_tag","embeddable":true,"href":"https:\/\/senoticias.com.br\/se\/wp-json\/wp\/v2\/tags?post=93945"}],"curies":[{"name":"wp","href":"https:\/\/api.w.org\/{rel}","templated":true}]}}