{"id":93942,"date":"2016-07-06T18:16:41","date_gmt":"2016-07-06T21:16:41","guid":{"rendered":"http:\/\/senoticias.com.br\/se\/?p=93942"},"modified":"2016-07-06T18:16:41","modified_gmt":"2016-07-06T21:16:41","slug":"feijao-manteiga-e-leite-ficam-mais-caros-e-elevam-o-valor-da-cesta-basica","status":"publish","type":"post","link":"https:\/\/senoticias.com.br\/se\/feijao-manteiga-e-leite-ficam-mais-caros-e-elevam-o-valor-da-cesta-basica\/","title":{"rendered":"Feij\u00e3o, manteiga e leite ficam mais caros e elevam o valor da cesta b\u00e1sica"},"content":{"rendered":"<p style=\"text-align: justify;\">O custo do conjunto de alimentos b\u00e1sicos aumentou, em junho, em 26 das 27 capitais, segundo pesquisa divulgada hoje (6) pelo Departamento Intersindical de Estat\u00edstica e Estudos Socioecon\u00f4micos (Dieese). De acordo com o levantamento, o feij\u00e3o, a manteiga e o leite s\u00e3o os produtos que mais tiveram impacto no custo da cesta b\u00e1sica no pa\u00eds.<\/p>\n<div id=\"attachment_93943\" style=\"width: 606px\" class=\"wp-caption aligncenter\"><a href=\"http:\/\/senoticias.com.br\/se\/wp-content\/uploads\/2016\/07\/Feijao-manteiga-e-leite-ficam-mais-caros-e-elevam-o-valor-da-cesta-basica-SE-Noticias-e1467839693400.jpg\"><img loading=\"lazy\" decoding=\"async\" aria-describedby=\"caption-attachment-93943\" class=\"size-full wp-image-93943\" alt=\"Feijao, manteiga e leite ficam mais caros e elevam o valor da cesta basica SE Noticias\" src=\"http:\/\/senoticias.com.br\/se\/wp-content\/uploads\/2016\/07\/Feijao-manteiga-e-leite-ficam-mais-caros-e-elevam-o-valor-da-cesta-basica-SE-Noticias-e1467839693400.jpg\" width=\"596\" height=\"399\" \/><\/a><p id=\"caption-attachment-93943\" class=\"wp-caption-text\">Foto: Thatiana Melo<\/p><\/div>\n<p style=\"text-align: justify;\">As maiores altas foram verificadas em Florian\u00f3polis (10,13%), Goi\u00e2nia (9,40%), Aracaju (9,25%) e Porto Velho (8,15%). A \u00fanica diminui\u00e7\u00e3o foi em Manaus (-0,54%). S\u00e3o Paulo foi a capital que registrou o maior custo para a cesta (R$ 469,02), seguida de Porto Alegre (R$ 465,03) e Florian\u00f3polis (R$ 463,24). Os menores valores m\u00e9dios foram observados em Natal (R$ 352,12) e Rio Branco (R$ 358,88).<\/p>\n<p style=\"text-align: justify;\">Entre janeiro e junho de 2016, todas as cidades acumularam alta, segundo o Dieese. As maiores varia\u00e7\u00f5es foram observadas em Goi\u00e2nia (25,59%), Aracaju (23,22%) e Bel\u00e9m (19,13%). Os menores aumentos ocorreram em Manaus (4,41%), Curitiba (6,31%) e Florian\u00f3polis (9,24%).<\/p>\n<p style=\"text-align: justify;\">Estimativa para o sal\u00e1rio m\u00ednimo<\/p>\n<p style=\"text-align: justify;\">O Dieese estima mensalmente o sal\u00e1rio m\u00ednimo necess\u00e1rio para suprir as despesas de um trabalhador e de sua fam\u00edlia, levando em considera\u00e7\u00e3o a determina\u00e7\u00e3o constitucional que estabelece que o valor deve ser suficiente para cobrir despesas com alimenta\u00e7\u00e3o, moradia, sa\u00fade, educa\u00e7\u00e3o, vestu\u00e1rio, higiene, transporte, lazer e previd\u00eancia.<\/p>\n<p style=\"text-align: justify;\">Com base na cesta mais cara, que em junho foi a de S\u00e3o Paulo, o sal\u00e1rio m\u00ednimo necess\u00e1rio para a manuten\u00e7\u00e3o de uma fam\u00edlia de quatro pessoas deveria equivaler a R$ 3.940,24, segundo o Dieese, o que representa 4,48 vezes mais do que o m\u00ednimo atual de R$ 880. Em maio, o m\u00ednimo necess\u00e1rio correspondeu a R$ 3.777,93, ou 4,29 vezes o piso vigente.<\/p>\n<p style=\"text-align: justify;\">\n<p style=\"text-align: justify;\"><strong>Acompanhe tamb\u00e9m o SE Not\u00edcias no <a href=\"https:\/\/twitter.com\/Senoticias\" target=\"_blank\">Twitter<\/a>, <a href=\"https:\/\/www.facebook.com\/senoticias1\" target=\"_blank\">Facebook<\/a> e no <a href=\"https:\/\/www.instagram.com\/senoticias\/\" target=\"_blank\">Instagram.<\/a><\/strong><\/p>\n<p style=\"text-align: justify;\"><strong>\u00a0<a href=\"http:\/\/senoticias.com.br\/se\/wp-content\/uploads\/2016\/06\/Logo-fone.jpg\"><img loading=\"lazy\" decoding=\"async\" class=\"aligncenter size-full wp-image-93338\" alt=\"Logo fone\" src=\"http:\/\/senoticias.com.br\/se\/wp-content\/uploads\/2016\/06\/Logo-fone.jpg\" width=\"599\" height=\"78\" srcset=\"https:\/\/senoticias.com.br\/se\/wp-content\/uploads\/2016\/06\/Logo-fone.jpg 599w, https:\/\/senoticias.com.br\/se\/wp-content\/uploads\/2016\/06\/Logo-fone-300x39.jpg 300w, https:\/\/senoticias.com.br\/se\/wp-content\/uploads\/2016\/06\/Logo-fone-342x44.jpg 342w\" sizes=\"(max-width: 599px) 100vw, 599px\" \/><\/a><\/strong><\/p>\n<p style=\"text-align: justify;\">\n<strong>Mat\u00e9ria extra\u00edda do Portal <a href=\"http:\/\/agenciabrasil.ebc.com.br\/economia\/noticia\/2016-07\/feijao-manteiga-e-leite-ficam-mais-caros-e-elevam-o-valor-da-cesta-basica\" target=\"_blank\">Ag\u00eancia Brasil de Noticias.<\/a><\/strong><\/p>\n","protected":false},"excerpt":{"rendered":"<p>O custo do conjunto de alimentos b\u00e1sicos aumentou, em junho, em 26 das 27 capitais, segundo pesquisa divulgada hoje (6) pelo Departamento Intersindical de Estat\u00edstica e Estudos Socioecon\u00f4micos (Dieese). De acordo com o levantamento, o feij\u00e3o, a manteiga e o leite s\u00e3o os produtos que mais tiveram impacto no custo da cesta b\u00e1sica no pa\u00eds. [&hellip;]<\/p>\n","protected":false},"author":3,"featured_media":93943,"comment_status":"closed","ping_status":"closed","sticky":false,"template":"","format":"standard","meta":{"footnotes":""},"categories":[8],"tags":[1116,1117],"class_list":{"0":"post-93942","1":"post","2":"type-post","3":"status-publish","4":"format-standard","5":"has-post-thumbnail","7":"category-esporte-e-cultura","8":"tag-feijao","9":"tag-manteiga-e-leite-ficam-mais-caros-e-elevam-o-valor-da-cesta-basica"},"_links":{"self":[{"href":"https:\/\/senoticias.com.br\/se\/wp-json\/wp\/v2\/posts\/93942"}],"collection":[{"href":"https:\/\/senoticias.com.br\/se\/wp-json\/wp\/v2\/posts"}],"about":[{"href":"https:\/\/senoticias.com.br\/se\/wp-json\/wp\/v2\/types\/post"}],"author":[{"embeddable":true,"href":"https:\/\/senoticias.com.br\/se\/wp-json\/wp\/v2\/users\/3"}],"replies":[{"embeddable":true,"href":"https:\/\/senoticias.com.br\/se\/wp-json\/wp\/v2\/comments?post=93942"}],"version-history":[{"count":0,"href":"https:\/\/senoticias.com.br\/se\/wp-json\/wp\/v2\/posts\/93942\/revisions"}],"wp:featuredmedia":[{"embeddable":true,"href":"https:\/\/senoticias.com.br\/se\/wp-json\/wp\/v2\/media\/93943"}],"wp:attachment":[{"href":"https:\/\/senoticias.com.br\/se\/wp-json\/wp\/v2\/media?parent=93942"}],"wp:term":[{"taxonomy":"category","embeddable":true,"href":"https:\/\/senoticias.com.br\/se\/wp-json\/wp\/v2\/categories?post=93942"},{"taxonomy":"post_tag","embeddable":true,"href":"https:\/\/senoticias.com.br\/se\/wp-json\/wp\/v2\/tags?post=93942"}],"curies":[{"name":"wp","href":"https:\/\/api.w.org\/{rel}","templated":true}]}}