{"id":93940,"date":"2016-07-06T14:49:31","date_gmt":"2016-07-06T17:49:31","guid":{"rendered":"http:\/\/senoticias.com.br\/se\/?p=93940"},"modified":"2016-07-07T16:26:26","modified_gmt":"2016-07-07T19:26:26","slug":"governo-confirma-que-servidores-vao-ter-descontos-restituidos","status":"publish","type":"post","link":"https:\/\/senoticias.com.br\/se\/governo-confirma-que-servidores-vao-ter-descontos-restituidos\/","title":{"rendered":"Governo confirma que servidores v\u00e3o ter descontos restitu\u00eddos"},"content":{"rendered":"<p style=\"text-align: justify;\"><em><strong>G1 <a href=\"http:\/\/g1.globo.com\/se\/sergipe\/noticia\/2016\/07\/seplag-confirma-que-servidores-vao-ter-descontos-restituidos.html\" target=\"_blank\">SE<\/a><\/strong><\/em><\/p>\n<p style=\"text-align: justify;\">O Governo do Estado, atrav\u00e9s da Secretaria de Planejamento, Or\u00e7amento e Gest\u00e3o (Seplag), em reuni\u00e3o realizada no final da manh\u00e3 desta quarta-feira (06), com o Sindicato dos Trabalhadores no Servi\u00e7o P\u00fablico do Estado de Sergipe (Sintrase) informou que ser\u00e1 restitu\u00eddo o desconto dos dias trabalhados no m\u00eas de junho pelos servidores da administra\u00e7\u00e3o geral que estavam em greve.<\/p>\n<div id=\"attachment_79991\" style=\"width: 606px\" class=\"wp-caption aligncenter\"><a href=\"http:\/\/senoticias.com.br\/se\/wp-content\/uploads\/2015\/05\/image-e1451862116275.jpg\"><img loading=\"lazy\" decoding=\"async\" aria-describedby=\"caption-attachment-79991\" class=\"size-full wp-image-79991\" alt=\"Valores come\u00e7am a ser pagos a partir desta quinta-feira (7).  (Foto: Reprodu\u00e7\u00e3o)  \" src=\"http:\/\/senoticias.com.br\/se\/wp-content\/uploads\/2015\/05\/image-e1451862116275.jpg\" width=\"596\" height=\"397\" \/><\/a><p id=\"caption-attachment-79991\" class=\"wp-caption-text\">Valores come\u00e7am a ser pagos a partir desta quinta-feira (7). (Foto: Reprodu\u00e7\u00e3o)<\/p><\/div>\n<p style=\"text-align: justify;\">Os valores ser\u00e3o pagos aos servidores a partir de amanh\u00e3, 07 de julho, at\u00e9 o dia 11, e ser\u00e3o liberados progressivamente, a partir de envio das informa\u00e7\u00f5es pela Secretaria da Educa\u00e7\u00e3o (SEED).<\/p>\n<p style=\"text-align: justify;\">Este \u00faltimo per\u00edodo de greve teve dura\u00e7\u00e3o de 23 dias, por\u00e9m h\u00e1 varia\u00e7\u00e3o de dias faltosos entre os servidores, por isso a restitui\u00e7\u00e3o ser\u00e1 feita de acordo com informa\u00e7\u00f5es da SEED.<\/p>\n<p style=\"text-align: justify;\">O bloqueio do sal\u00e1rio foi realizado devido \u00e0 decis\u00e3o do Tribunal de Justi\u00e7a de Sergipe, que decretou na \u00faltima sexta-feira, 1\u00ba, como ilegal a greve dos servidores do Sintrase.<\/p>\n<p style=\"text-align: justify;\">A Seplag informou ainda que o Sintrase ir\u00e1 enviar uma proposta para que o governo restitua tamb\u00e9m os dias em que os servidores faltaram devido \u00e0 greve, e refor\u00e7a que o canal de di\u00e1logo com a categoria continua aberto.<\/p>\n<p style=\"text-align: justify;\"><a href=\"http:\/\/senoticias.com.br\/se\/wp-content\/uploads\/2016\/06\/Logo-fone.jpg\"><img loading=\"lazy\" decoding=\"async\" class=\"aligncenter size-full wp-image-93338\" alt=\"Logo fone\" src=\"http:\/\/senoticias.com.br\/se\/wp-content\/uploads\/2016\/06\/Logo-fone.jpg\" width=\"599\" height=\"78\" srcset=\"https:\/\/senoticias.com.br\/se\/wp-content\/uploads\/2016\/06\/Logo-fone.jpg 599w, https:\/\/senoticias.com.br\/se\/wp-content\/uploads\/2016\/06\/Logo-fone-300x39.jpg 300w, https:\/\/senoticias.com.br\/se\/wp-content\/uploads\/2016\/06\/Logo-fone-342x44.jpg 342w\" sizes=\"(max-width: 599px) 100vw, 599px\" \/><\/a><\/p>\n<p style=\"text-align: justify;\"><em><strong>Acompanhe tamb\u00e9m o SE Not\u00edcias no\u00a0<a href=\"https:\/\/twitter.com\/Senoticias\" target=\"_blank\">Twitter<\/a>,\u00a0<a href=\"https:\/\/www.facebook.com\/senoticias1\" target=\"_blank\">Facebook\u00a0<\/a>e no\u00a0<a href=\"https:\/\/www.instagram.com\/senoticias\/\" target=\"_blank\">Instagram<\/a><\/strong><\/em><\/p>\n","protected":false},"excerpt":{"rendered":"<p>G1 SE O Governo do Estado, atrav\u00e9s da Secretaria de Planejamento, Or\u00e7amento e Gest\u00e3o (Seplag), em reuni\u00e3o realizada no final da manh\u00e3 desta quarta-feira (06), com o Sindicato dos Trabalhadores no Servi\u00e7o P\u00fablico do Estado de Sergipe (Sintrase) informou que ser\u00e1 restitu\u00eddo o desconto dos dias trabalhados no m\u00eas de junho pelos servidores da administra\u00e7\u00e3o [&hellip;]<\/p>\n","protected":false},"author":2,"featured_media":79991,"comment_status":"closed","ping_status":"closed","sticky":false,"template":"","format":"standard","meta":{"footnotes":""},"categories":[6,1],"tags":[],"class_list":{"0":"post-93940","1":"post","2":"type-post","3":"status-publish","4":"format-standard","5":"has-post-thumbnail","7":"category-politica","8":"category-sem-categoria"},"_links":{"self":[{"href":"https:\/\/senoticias.com.br\/se\/wp-json\/wp\/v2\/posts\/93940"}],"collection":[{"href":"https:\/\/senoticias.com.br\/se\/wp-json\/wp\/v2\/posts"}],"about":[{"href":"https:\/\/senoticias.com.br\/se\/wp-json\/wp\/v2\/types\/post"}],"author":[{"embeddable":true,"href":"https:\/\/senoticias.com.br\/se\/wp-json\/wp\/v2\/users\/2"}],"replies":[{"embeddable":true,"href":"https:\/\/senoticias.com.br\/se\/wp-json\/wp\/v2\/comments?post=93940"}],"version-history":[{"count":0,"href":"https:\/\/senoticias.com.br\/se\/wp-json\/wp\/v2\/posts\/93940\/revisions"}],"wp:featuredmedia":[{"embeddable":true,"href":"https:\/\/senoticias.com.br\/se\/wp-json\/wp\/v2\/media\/79991"}],"wp:attachment":[{"href":"https:\/\/senoticias.com.br\/se\/wp-json\/wp\/v2\/media?parent=93940"}],"wp:term":[{"taxonomy":"category","embeddable":true,"href":"https:\/\/senoticias.com.br\/se\/wp-json\/wp\/v2\/categories?post=93940"},{"taxonomy":"post_tag","embeddable":true,"href":"https:\/\/senoticias.com.br\/se\/wp-json\/wp\/v2\/tags?post=93940"}],"curies":[{"name":"wp","href":"https:\/\/api.w.org\/{rel}","templated":true}]}}