{"id":93932,"date":"2016-07-06T09:46:40","date_gmt":"2016-07-06T12:46:40","guid":{"rendered":"http:\/\/senoticias.com.br\/se\/?p=93932"},"modified":"2016-07-06T09:46:40","modified_gmt":"2016-07-06T12:46:40","slug":"governador-busca-liberacao-de-recursos-junto-a-secretaria-do-tesouro-nacional","status":"publish","type":"post","link":"https:\/\/senoticias.com.br\/se\/governador-busca-liberacao-de-recursos-junto-a-secretaria-do-tesouro-nacional\/","title":{"rendered":"Governador busca libera\u00e7\u00e3o de recursos junto \u00e0 Secretaria do Tesouro Nacional"},"content":{"rendered":"<p style=\"text-align: justify;\">O governador Jackson Barreto esteve reunido em Bras\u00edlia na tarde desta ter\u00e7a-feira, 05, com a secret\u00e1ria do Tesouro Nacional (STN), Ana Paula Vescovi, para tratar da libera\u00e7\u00e3o de recursos para investimentos no estado, a exemplo da contrata\u00e7\u00e3o da linha de financiamento Proredes, disponibilizada pelo Banco Interamericano de Desenvolvimento (BID), no valor de U$ 100 milh\u00f5es para Sergipe, o que equivale a R$ 330 milh\u00f5es na cota\u00e7\u00e3o do dia.<\/p>\n<div id=\"attachment_93933\" style=\"width: 606px\" class=\"wp-caption aligncenter\"><a href=\"http:\/\/senoticias.com.br\/se\/wp-content\/uploads\/2016\/07\/Governador-busca-liberacao-de-recursos-junto-a-Secretaria-do-Tesouro-Nacional-SE-Noticias-e1467809170391.jpg\"><img loading=\"lazy\" decoding=\"async\" aria-describedby=\"caption-attachment-93933\" class=\"size-full wp-image-93933\" alt=\"Em audi\u00eancia com a secret\u00e1ria do Tesouro Nacional (STN), Ana Paula Vescovi, Jackson Barreto solicitou autoriza\u00e7\u00e3o para acessar recursos do Proredes, que destina U$100 milh\u00f5es para sa\u00fade em Sergipe \/ Foto: Roque S\u00e1\" src=\"http:\/\/senoticias.com.br\/se\/wp-content\/uploads\/2016\/07\/Governador-busca-liberacao-de-recursos-junto-a-Secretaria-do-Tesouro-Nacional-SE-Noticias-e1467809170391.jpg\" width=\"596\" height=\"397\" \/><\/a><p id=\"caption-attachment-93933\" class=\"wp-caption-text\">Em audi\u00eancia com a secret\u00e1ria do Tesouro Nacional (STN), Ana Paula Vescovi, Jackson Barreto solicitou autoriza\u00e7\u00e3o para acessar recursos do Proredes, que destina U$100 milh\u00f5es para sa\u00fade em Sergipe \/ Foto: Roque S\u00e1<\/p><\/div>\n<p style=\"text-align: justify;\">Al\u00e9m desse assunto, tratou-se tamb\u00e9m das dificuldades financeiras do Governo do Estado e a possibilidade de se buscar acesso a novas linhas de cr\u00e9dito, como a DPL 2, disponibilizado pelo Banco Mundial.<\/p>\n<p style=\"text-align: justify;\">O governador explicou que o BID deu um prazo at\u00e9 o m\u00eas de julho deste ano para que a opera\u00e7\u00e3o do Proredes fosse concretizada, sob pena desses recursos serem realocados para outros projetos em outros pa\u00edses. \u201cS\u00e3o U$ 100 milh\u00f5es para sa\u00fade. N\u00e3o podemos perder esses recursos, que s\u00e3o fundamentais para melhorar nossos servi\u00e7os para o povo pobre, que \u00e9 quem mais precisa da sa\u00fade p\u00fablica\u201d, explicou Jackson Barreto.<\/p>\n<p style=\"text-align: justify;\">Na companhia da assessora do Governo em Bras\u00edlia, Concei\u00e7\u00e3o Vieira, o secret\u00e1rio de Estado da Fazenda, Jeferson Passos, disse que desde 2011 o Governo do Estado vem fazendo um ajuste fiscal. \u201cSergipe foi o estado que menos cresceu em despesas de 2009 at\u00e9 2016. Nossa despesa corrente total, utilizada inclusive para custeio, corresponde aos mesmos valores de 2009. J\u00e1 fizemos todos os cortes poss\u00edveis. Precisamos desses recursos para melhorar os servi\u00e7os b\u00e1sicos para nossa popula\u00e7\u00e3o\u201d, enfatizou.<\/p>\n<p style=\"text-align: justify;\">Jeferson Passos demonstrou que a situa\u00e7\u00e3o financeira do Estado passa por um momento preocupante. \u201cEstamos conseguindo pagar a folha, mesmo com um atraso, mas estamos com graves dificuldades de honrar nossos compromissos com fornecedores, com os demais Poderes, com precat\u00f3rios. Precisamos de solu\u00e7\u00f5es de curto prazo\u201d, disse.<\/p>\n<p style=\"text-align: justify;\">Ana Paula Vescovi iniciou suas argumenta\u00e7\u00f5es parabenizando a gest\u00e3o estadual pelo esfor\u00e7o fiscal na busca de manter o equil\u00edbrio. Disse que o \u00f3rg\u00e3o acompanha os n\u00fameros e que tem consci\u00eancia de que Sergipe vem fazendo o dever de casa. \u201cN\u00f3s precisamos acertar as contas p\u00fablicas, fazer o ajuste fiscal. Esse \u00e9 o centro da crise. Temos que cumprir a meta para que o Brasil possa voltar a crescer. Para isso, precisamos resgatar a confian\u00e7a. N\u00e3o h\u00e1 mais espa\u00e7o fiscal para fazer concess\u00f5es aos estados. Teremos que fazer um ajuste conjunto para podermos superar essa fase\u201d.<\/p>\n<p style=\"text-align: justify;\">Vescovi afirmou que ainda n\u00e3o sabe se haver\u00e1 espa\u00e7o para dar garantias para novas opera\u00e7\u00f5es de cr\u00e9dito. \u201cTemos limita\u00e7\u00f5es de espa\u00e7o fiscal. H\u00e1 uma restri\u00e7\u00e3o real, mas vamos fazer um esfor\u00e7o para analisar o caso de Sergipe e ver se poderemos conceder essas autoriza\u00e7\u00f5es para as opera\u00e7\u00f5es de cr\u00e9dito\u201d, explicou.<\/p>\n<p style=\"text-align: justify;\">O governador deixou claro que o tempo \u00e9 importante nessas quest\u00f5es, pois h\u00e1 press\u00e3o dos organismos internacionais. \u201cTemos demandas para resolver junto ao nosso povo. Por outro lado, temos ofertas de cr\u00e9dito, espa\u00e7o para tomar esses recursos, mas n\u00e3o temos a autoriza\u00e7\u00e3o. O STN est\u00e1 trabalhando com uma perspectiva macroecon\u00f4mica, buscando sa\u00eddas estruturantes para que a economia possa voltar a crescer e haver mais recursos para todos. Mas n\u00e3o temos tempo e n\u00e3o podemos descartar a busca por solu\u00e7\u00f5es para o agora\u201d, finalizou Jackson Barreto.<\/p>\n<p><strong>Proredes<\/strong><\/p>\n<p style=\"text-align: justify;\">O Programa de Fortalecimento das Redes de Inclus\u00e3o Social e de Aten\u00e7\u00e3o \u00e0 Sa\u00fade (Proredes) \u00e9 uma opera\u00e7\u00e3o de cr\u00e9dito externo no valor de at\u00e9 US$ 100.000.000,00 junto ao Banco Interamericano de Desenvolvimento \u2013 BID.<\/p>\n<p style=\"text-align: justify;\">Os recursos destinar-se-\u00e3o a um conjunto de a\u00e7\u00f5es coordenadas e articuladas para viabilizar a pol\u00edtica de inclus\u00e3o social, por meio da consolida\u00e7\u00e3o da reforma sanit\u00e1ria no Estado, suprindo defici\u00eancias ainda existentes no \u00e2mbito da promo\u00e7\u00e3o, prote\u00e7\u00e3o e recupera\u00e7\u00e3o da sa\u00fade.<\/p>\n<p style=\"text-align: justify;\">\n<p style=\"text-align: justify;\">\n<strong>Acompanhe tamb\u00e9m o SE not\u00edcias no <a href=\"https:\/\/twitter.com\/Senoticias\" target=\"_blank\">Twitter<\/a>, <a href=\"https:\/\/www.facebook.com\/senoticias1\" target=\"_blank\">Facebook<\/a> e no <a href=\"https:\/\/www.instagram.com\/senoticias\/\" target=\"_blank\">Instagram<\/a><\/strong><\/p>\n<p style=\"text-align: justify;\"><strong>\u00a0<a href=\"http:\/\/senoticias.com.br\/se\/wp-content\/uploads\/2016\/06\/Logo-fone.jpg\"><img loading=\"lazy\" decoding=\"async\" class=\"aligncenter size-full wp-image-93338\" alt=\"Logo fone\" src=\"http:\/\/senoticias.com.br\/se\/wp-content\/uploads\/2016\/06\/Logo-fone.jpg\" width=\"599\" height=\"78\" srcset=\"https:\/\/senoticias.com.br\/se\/wp-content\/uploads\/2016\/06\/Logo-fone.jpg 599w, https:\/\/senoticias.com.br\/se\/wp-content\/uploads\/2016\/06\/Logo-fone-300x39.jpg 300w, https:\/\/senoticias.com.br\/se\/wp-content\/uploads\/2016\/06\/Logo-fone-342x44.jpg 342w\" sizes=\"(max-width: 599px) 100vw, 599px\" \/><\/a><\/strong><\/p>\n<p style=\"text-align: justify;\">\n<strong>Mat\u00e9ria extra\u00edda do Portal <a href=\"http:\/\/www.agencia.se.gov.br\/noticias\/governo\/governador-busca-liberacao-de-recursos-junto-a-secretaria-do-tesouro-nacional\" target=\"_blank\">Ag\u00eancia Sergipe de Noticias.<\/a><\/strong><\/p>\n","protected":false},"excerpt":{"rendered":"<p>O governador Jackson Barreto esteve reunido em Bras\u00edlia na tarde desta ter\u00e7a-feira, 05, com a secret\u00e1ria do Tesouro Nacional (STN), Ana Paula Vescovi, para tratar da libera\u00e7\u00e3o de recursos para investimentos no estado, a exemplo da contrata\u00e7\u00e3o da linha de financiamento Proredes, disponibilizada pelo Banco Interamericano de Desenvolvimento (BID), no valor de U$ 100 milh\u00f5es [&hellip;]<\/p>\n","protected":false},"author":3,"featured_media":93933,"comment_status":"closed","ping_status":"closed","sticky":false,"template":"","format":"standard","meta":{"footnotes":""},"categories":[6],"tags":[1114],"class_list":{"0":"post-93932","1":"post","2":"type-post","3":"status-publish","4":"format-standard","5":"has-post-thumbnail","7":"category-politica","8":"tag-governador-busca-liberacao-de-recursos-junto-a-secretaria-do-tesouro-nacional"},"_links":{"self":[{"href":"https:\/\/senoticias.com.br\/se\/wp-json\/wp\/v2\/posts\/93932"}],"collection":[{"href":"https:\/\/senoticias.com.br\/se\/wp-json\/wp\/v2\/posts"}],"about":[{"href":"https:\/\/senoticias.com.br\/se\/wp-json\/wp\/v2\/types\/post"}],"author":[{"embeddable":true,"href":"https:\/\/senoticias.com.br\/se\/wp-json\/wp\/v2\/users\/3"}],"replies":[{"embeddable":true,"href":"https:\/\/senoticias.com.br\/se\/wp-json\/wp\/v2\/comments?post=93932"}],"version-history":[{"count":0,"href":"https:\/\/senoticias.com.br\/se\/wp-json\/wp\/v2\/posts\/93932\/revisions"}],"wp:featuredmedia":[{"embeddable":true,"href":"https:\/\/senoticias.com.br\/se\/wp-json\/wp\/v2\/media\/93933"}],"wp:attachment":[{"href":"https:\/\/senoticias.com.br\/se\/wp-json\/wp\/v2\/media?parent=93932"}],"wp:term":[{"taxonomy":"category","embeddable":true,"href":"https:\/\/senoticias.com.br\/se\/wp-json\/wp\/v2\/categories?post=93932"},{"taxonomy":"post_tag","embeddable":true,"href":"https:\/\/senoticias.com.br\/se\/wp-json\/wp\/v2\/tags?post=93932"}],"curies":[{"name":"wp","href":"https:\/\/api.w.org\/{rel}","templated":true}]}}