{"id":93928,"date":"2016-07-06T09:36:26","date_gmt":"2016-07-06T12:36:26","guid":{"rendered":"http:\/\/senoticias.com.br\/se\/?p=93928"},"modified":"2016-07-07T07:45:50","modified_gmt":"2016-07-07T10:45:50","slug":"messi-e-condenado-a-21-meses-de-prisao-por-sonegacao-de-impostos","status":"publish","type":"post","link":"https:\/\/senoticias.com.br\/se\/messi-e-condenado-a-21-meses-de-prisao-por-sonegacao-de-impostos\/","title":{"rendered":"Messi \u00e9 condenado a 21 meses de pris\u00e3o por sonega\u00e7\u00e3o de impostos"},"content":{"rendered":"<p style=\"text-align: justify;\"><em><strong>Por\u00a0GloboEsporte, em\u00a0Barcelona, Espanha<\/strong><\/em><\/p>\n<p style=\"text-align: justify;\">A justi\u00e7a espanhola se pronunciou sobre o julgamento de\u00a0Messi\u00a0e o condenou a 21 meses de pris\u00e3o assim como seu pai. A decis\u00e3o foi adiantada nesta quarta-feira pelo jornal espanhol &#8220;Peri\u00f3dico de Catalunya&#8221;. Trata-se do crime cometido em entre os anos de 2007 e 2009. O atleta teria fraudado a fazenda em 4,1 milh\u00f5es de euros atrav\u00e9s do uso de para\u00edsos fiscais. H\u00e1 alguns dias, em depoimento, o camisa 10 do\u00a0Barcelona\u00a0chegou a declarar que n\u00e3o lia os contratos que assinava.<\/p>\n<div id=\"attachment_93929\" style=\"width: 609px\" class=\"wp-caption aligncenter\"><a href=\"http:\/\/senoticias.com.br\/se\/wp-content\/uploads\/2016\/07\/Messi-condenado-a-prisao-SENoticias-e1467808533231.jpg\"><img loading=\"lazy\" decoding=\"async\" aria-describedby=\"caption-attachment-93929\" class=\"size-full wp-image-93929\" alt=\"Crime foi cometido entre os anos de 2007 e 2009. Pai do jogador teve mesma pena. (Foto: Getty)\" src=\"http:\/\/senoticias.com.br\/se\/wp-content\/uploads\/2016\/07\/Messi-condenado-a-prisao-SENoticias-e1467808533231.jpg\" width=\"599\" height=\"337\" \/><\/a><p id=\"caption-attachment-93929\" class=\"wp-caption-text\">Crime foi cometido entre os anos de 2007 e 2009. Pai do jogador teve mesma pena. (Foto: Getty)<\/p><\/div>\n<p style=\"text-align: justify;\">Apesar da senten\u00e7a e ainda com possibilidade de recurso, os dois podem n\u00e3o precisar cumprir a pena j\u00e1 que nenhum deles tem antecedentes criminais e a condena\u00e7\u00e3o \u00e9 inferior a dois anos. A fam\u00edlia de Messi j\u00e1 havia depositado 5 milh\u00f5es de euros para o pagamento de impostos devidos.<\/p>\n<p style=\"text-align: justify;\">A advocacia do Estado, que representa a Ag\u00eancia Tribut\u00e1ria e insistiu na acusa\u00e7\u00e3o depois da desist\u00eancia da &#8220;Fiscal\u00eda&#8221;, havia pedido uma pena de 22 meses e 15 dias de pris\u00e3o para cada um. A multa total que a fam\u00edlia precisar\u00e1 pagar ser\u00e1 de \u00a03.689.941,48 euros, segundo a ag\u00eancia AFP.<\/p>\n<p style=\"text-align: justify;\">Como n\u00e3o tem antecedentes criminais e a pena \u00e9 inferior a 24 meses, Messi e seu pai n\u00e3o precisar\u00e3o cumprir o per\u00edodo de puni\u00e7\u00e3o dentro da pris\u00e3o. Segundo a Justi\u00e7a da Espanha, o jogador poder\u00e1 pedir por uma esp\u00e9cie de &#8216;troca&#8217;. Com isso, seu per\u00edodo de deten\u00e7\u00e3o seria substitu\u00eddo por uma multa em dinheiro.<\/p>\n<p style=\"text-align: justify;\">Al\u00e9m disso, Messi foi multado em 2 milh\u00f5es de euros (R$ 7,3 milh\u00f5es) pelo fisco espanhol.<\/p>\n<p style=\"text-align: justify;\">O atacate argentino foi julgado por ter sonegado mais de 4 milh\u00f5es de euros (R$ 14,6 milh\u00f5es) em direitos de imagem relativos aos anos de 2007, 2008 e 2009.<\/p>\n<p style=\"text-align: justify;\">Ainda de acordo com o fisco, Messi ocultou impostos criando empresas de fachada em pa\u00edses como Uruguai, Belize, Su\u00ed\u00e7a e Gr\u00e3-Bretanha.<\/p>\n<p style=\"text-align: justify;\"><em><strong>Acompanhe tamb\u00e9m o SE Not\u00edcias no<a href=\"https:\/\/twitter.com\/Senoticias\" target=\"_blank\">\u00a0Twitter<\/a>,\u00a0<a href=\"https:\/\/www.facebook.com\/senoticias1\" target=\"_blank\">Facebook\u00a0<\/a>e no\u00a0<a href=\"https:\/\/www.instagram.com\/senoticias\/\" target=\"_blank\">Instagram<\/a><\/strong><\/em><\/p>\n<p style=\"text-align: justify;\"><a href=\"http:\/\/senoticias.com.br\/se\/wp-content\/uploads\/2016\/06\/Logo-fone.jpg\"><img loading=\"lazy\" decoding=\"async\" class=\"aligncenter size-full wp-image-93338\" alt=\"Logo fone\" src=\"http:\/\/senoticias.com.br\/se\/wp-content\/uploads\/2016\/06\/Logo-fone.jpg\" width=\"599\" height=\"78\" srcset=\"https:\/\/senoticias.com.br\/se\/wp-content\/uploads\/2016\/06\/Logo-fone.jpg 599w, https:\/\/senoticias.com.br\/se\/wp-content\/uploads\/2016\/06\/Logo-fone-300x39.jpg 300w, https:\/\/senoticias.com.br\/se\/wp-content\/uploads\/2016\/06\/Logo-fone-342x44.jpg 342w\" sizes=\"(max-width: 599px) 100vw, 599px\" \/><\/a><\/p>\n","protected":false},"excerpt":{"rendered":"<p>Por\u00a0GloboEsporte, em\u00a0Barcelona, Espanha A justi\u00e7a espanhola se pronunciou sobre o julgamento de\u00a0Messi\u00a0e o condenou a 21 meses de pris\u00e3o assim como seu pai. A decis\u00e3o foi adiantada nesta quarta-feira pelo jornal espanhol &#8220;Peri\u00f3dico de Catalunya&#8221;. Trata-se do crime cometido em entre os anos de 2007 e 2009. O atleta teria fraudado a fazenda em 4,1 [&hellip;]<\/p>\n","protected":false},"author":1,"featured_media":93929,"comment_status":"closed","ping_status":"closed","sticky":false,"template":"","format":"standard","meta":{"footnotes":""},"categories":[310,26,1],"tags":[],"class_list":{"0":"post-93928","1":"post","2":"type-post","3":"status-publish","4":"format-standard","5":"has-post-thumbnail","7":"category-destaques-da-semana","8":"category-esportes","9":"category-sem-categoria"},"_links":{"self":[{"href":"https:\/\/senoticias.com.br\/se\/wp-json\/wp\/v2\/posts\/93928"}],"collection":[{"href":"https:\/\/senoticias.com.br\/se\/wp-json\/wp\/v2\/posts"}],"about":[{"href":"https:\/\/senoticias.com.br\/se\/wp-json\/wp\/v2\/types\/post"}],"author":[{"embeddable":true,"href":"https:\/\/senoticias.com.br\/se\/wp-json\/wp\/v2\/users\/1"}],"replies":[{"embeddable":true,"href":"https:\/\/senoticias.com.br\/se\/wp-json\/wp\/v2\/comments?post=93928"}],"version-history":[{"count":0,"href":"https:\/\/senoticias.com.br\/se\/wp-json\/wp\/v2\/posts\/93928\/revisions"}],"wp:featuredmedia":[{"embeddable":true,"href":"https:\/\/senoticias.com.br\/se\/wp-json\/wp\/v2\/media\/93929"}],"wp:attachment":[{"href":"https:\/\/senoticias.com.br\/se\/wp-json\/wp\/v2\/media?parent=93928"}],"wp:term":[{"taxonomy":"category","embeddable":true,"href":"https:\/\/senoticias.com.br\/se\/wp-json\/wp\/v2\/categories?post=93928"},{"taxonomy":"post_tag","embeddable":true,"href":"https:\/\/senoticias.com.br\/se\/wp-json\/wp\/v2\/tags?post=93928"}],"curies":[{"name":"wp","href":"https:\/\/api.w.org\/{rel}","templated":true}]}}