{"id":93927,"date":"2016-07-06T09:39:33","date_gmt":"2016-07-06T12:39:33","guid":{"rendered":"http:\/\/senoticias.com.br\/se\/?p=93927"},"modified":"2016-07-06T09:49:06","modified_gmt":"2016-07-06T12:49:06","slug":"educacao-debate-com-consulado-da-franca-ensino-de-lingua-francesa-nas-escolas-estaduais","status":"publish","type":"post","link":"https:\/\/senoticias.com.br\/se\/educacao-debate-com-consulado-da-franca-ensino-de-lingua-francesa-nas-escolas-estaduais\/","title":{"rendered":"Educa\u00e7\u00e3o debate com Consulado da Fran\u00e7a ensino de l\u00edngua francesa nas escolas estaduais"},"content":{"rendered":"<p style=\"text-align: justify;\">O secret\u00e1rio de Estado da Educa\u00e7\u00e3o, Jorge Carvalho, recebeu na tarde desta ter\u00e7a-feira, 05, os adidos de coopera\u00e7\u00e3o para o franc\u00eas do Consulado Geral da Fran\u00e7a em Recife, D\u00e1rio Pagel e Cecilia Goloboff. Durante o encontro, eles debateram sobre o ensino da l\u00edngua francesa nas escolas da rede estadual de ensino.<\/p>\n<div id=\"attachment_93931\" style=\"width: 606px\" class=\"wp-caption aligncenter\"><a href=\"http:\/\/senoticias.com.br\/se\/wp-content\/uploads\/2016\/07\/Educacao-debate-com-Consulado-da-Franca-ensino-de-lingua-francesa-nas-escolas-estaduais-SE-Noticias-e1467808734589.jpeg\"><img loading=\"lazy\" decoding=\"async\" aria-describedby=\"caption-attachment-93931\" class=\"size-full wp-image-93931\" alt=\"Educacao debate com Consulado da Franca ensino de lingua francesa nas escolas estaduais SE Noticias\" src=\"http:\/\/senoticias.com.br\/se\/wp-content\/uploads\/2016\/07\/Educacao-debate-com-Consulado-da-Franca-ensino-de-lingua-francesa-nas-escolas-estaduais-SE-Noticias-e1467808734589.jpeg\" width=\"596\" height=\"336\" \/><\/a><p id=\"caption-attachment-93931\" class=\"wp-caption-text\">Foto: Maria Od\u00edlia\/Seed<\/p><\/div>\n<p style=\"text-align: justify;\">Jorge Carvalho destacou que considera importante a inser\u00e7\u00e3o da l\u00edngua francesa no curr\u00edculo escolar, mas que isso depender\u00e1 de uma s\u00e9rie de discuss\u00f5es que est\u00e3o sendo realizadas a n\u00edvel nacional. &#8220;Hoje em dia h\u00e1 um debate sobre o que ensinar em nossas escolas. Sou membro do Conselho Nacional de Secret\u00e1rios de Educa\u00e7\u00e3o (Consed) e temos discutido muito essas tem\u00e1ticas. As coisas ir\u00e3o ganhar mais clareza quando esse debate finalizar. O Governo de Sergipe, atrav\u00e9s da Seed, tem toda a disposi\u00e7\u00e3o de ser parceira do Consulado da Fran\u00e7a, pois consideramos que a cultura francesa tem uma import\u00e2ncia muito grande&#8221;, explicou.<\/p>\n<p style=\"text-align: justify;\">Durante o encontro, o secret\u00e1rio Jorge Carvalho ainda falou sobre o Programa Sergipe para o Mundo, projeto da Secretaria de Estado da Educa\u00e7\u00e3o que tem como finalidade enviar, anualmente, 100 estudantes do ensino m\u00e9dio para fazerem um semestre letivo em diversos pa\u00edses, inclusive nas na\u00e7\u00f5es de l\u00edngua francesa.<\/p>\n<p style=\"text-align: justify;\">A representante do consulado, Cecilia Goloboff, ressaltou a import\u00e2ncia da reuni\u00e3o com o secret\u00e1rio. &#8220;O secret\u00e1rio se mostrou muito aberto a qualquer proposi\u00e7\u00e3o por parte da Embaixada da Fran\u00e7a. Penso que podemos adiantar alguns projetos juntos, mas por enquanto a situa\u00e7\u00e3o atual pede que esperemos um pouco mais antes de tomarmos decis\u00f5es. Jorge Carvalho nos falou sobre o projeto de enviar alunos para estudar um semestre letivo na Fran\u00e7a, e acho que seria muito positivo para Sergipe&#8221;, disse.<\/p>\n<p style=\"text-align: justify;\">J\u00e1 D\u00e1rio Pagel tamb\u00e9m achou bastante positivo o encontro com o secret\u00e1rio. &#8220;Viemos discutir a import\u00e2ncia da diversidade da oferta de l\u00ednguas estrangeiras, inclusive o franc\u00eas. Estamos trabalhando para que o franc\u00eas esteja presente na grade curricular dos estudantes, permitindo que no futuro eles tenham acesso \u00e0 leitura e \u00e0 circula\u00e7\u00e3o de informa\u00e7\u00f5es em franc\u00eas&#8221;, declarou.<\/p>\n<p style=\"text-align: justify;\"><strong>Acompanhe tamb\u00e9m o SE not\u00edcias no <a href=\"https:\/\/twitter.com\/Senoticias\" target=\"_blank\">Twitter<\/a>, <a href=\"https:\/\/www.facebook.com\/senoticias1\" target=\"_blank\">Facebook<\/a> e no <a href=\"https:\/\/www.instagram.com\/senoticias\/\" target=\"_blank\">Instagram<\/a><\/strong><\/p>\n<p style=\"text-align: justify;\"><strong>\u00a0<a href=\"http:\/\/senoticias.com.br\/se\/wp-content\/uploads\/2016\/06\/Logo-fone.jpg\"><img loading=\"lazy\" decoding=\"async\" class=\"aligncenter size-full wp-image-93338\" alt=\"Logo fone\" src=\"http:\/\/senoticias.com.br\/se\/wp-content\/uploads\/2016\/06\/Logo-fone.jpg\" width=\"599\" height=\"78\" srcset=\"https:\/\/senoticias.com.br\/se\/wp-content\/uploads\/2016\/06\/Logo-fone.jpg 599w, https:\/\/senoticias.com.br\/se\/wp-content\/uploads\/2016\/06\/Logo-fone-300x39.jpg 300w, https:\/\/senoticias.com.br\/se\/wp-content\/uploads\/2016\/06\/Logo-fone-342x44.jpg 342w\" sizes=\"(max-width: 599px) 100vw, 599px\" \/><\/a><\/strong><\/p>\n<p style=\"text-align: justify;\"><strong>Mat\u00e9ria extra\u00edda do Portal <a href=\"http:\/\/www.agencia.se.gov.br\/noticias\/educacao\/educacao-debate-com-consulado-da-franca-ensino-de-lingua-francesa-nas-escolas-estaduais\" target=\"_blank\">Ag\u00eancia Sergipe de Noticias.<\/a><\/strong><\/p>\n","protected":false},"excerpt":{"rendered":"<p>O secret\u00e1rio de Estado da Educa\u00e7\u00e3o, Jorge Carvalho, recebeu na tarde desta ter\u00e7a-feira, 05, os adidos de coopera\u00e7\u00e3o para o franc\u00eas do Consulado Geral da Fran\u00e7a em Recife, D\u00e1rio Pagel e Cecilia Goloboff. Durante o encontro, eles debateram sobre o ensino da l\u00edngua francesa nas escolas da rede estadual de ensino. Jorge Carvalho destacou que [&hellip;]<\/p>\n","protected":false},"author":3,"featured_media":93931,"comment_status":"closed","ping_status":"closed","sticky":false,"template":"","format":"standard","meta":{"footnotes":""},"categories":[44,26],"tags":[1113],"class_list":{"0":"post-93927","1":"post","2":"type-post","3":"status-publish","4":"format-standard","5":"has-post-thumbnail","7":"category-educacao","8":"category-esportes","9":"tag-educacao-debate-com-consulado-da-franca-ensino-de-lingua-francesa-nas-escolas-estaduais"},"_links":{"self":[{"href":"https:\/\/senoticias.com.br\/se\/wp-json\/wp\/v2\/posts\/93927"}],"collection":[{"href":"https:\/\/senoticias.com.br\/se\/wp-json\/wp\/v2\/posts"}],"about":[{"href":"https:\/\/senoticias.com.br\/se\/wp-json\/wp\/v2\/types\/post"}],"author":[{"embeddable":true,"href":"https:\/\/senoticias.com.br\/se\/wp-json\/wp\/v2\/users\/3"}],"replies":[{"embeddable":true,"href":"https:\/\/senoticias.com.br\/se\/wp-json\/wp\/v2\/comments?post=93927"}],"version-history":[{"count":0,"href":"https:\/\/senoticias.com.br\/se\/wp-json\/wp\/v2\/posts\/93927\/revisions"}],"wp:featuredmedia":[{"embeddable":true,"href":"https:\/\/senoticias.com.br\/se\/wp-json\/wp\/v2\/media\/93931"}],"wp:attachment":[{"href":"https:\/\/senoticias.com.br\/se\/wp-json\/wp\/v2\/media?parent=93927"}],"wp:term":[{"taxonomy":"category","embeddable":true,"href":"https:\/\/senoticias.com.br\/se\/wp-json\/wp\/v2\/categories?post=93927"},{"taxonomy":"post_tag","embeddable":true,"href":"https:\/\/senoticias.com.br\/se\/wp-json\/wp\/v2\/tags?post=93927"}],"curies":[{"name":"wp","href":"https:\/\/api.w.org\/{rel}","templated":true}]}}