{"id":93917,"date":"2016-07-06T04:40:55","date_gmt":"2016-07-06T07:40:55","guid":{"rendered":"http:\/\/senoticias.com.br\/se\/?p=93917"},"modified":"2016-07-06T08:49:32","modified_gmt":"2016-07-06T11:49:32","slug":"sergipe-sedia-evento-nacional-de-tecnologia-da-informacao","status":"publish","type":"post","link":"https:\/\/senoticias.com.br\/se\/sergipe-sedia-evento-nacional-de-tecnologia-da-informacao\/","title":{"rendered":"Sergipe sedia evento nacional de tecnologia da informa\u00e7\u00e3o"},"content":{"rendered":"<div id=\"attachment_93919\" style=\"width: 310px\" class=\"wp-caption alignright\"><a href=\"http:\/\/senoticias.com.br\/se\/wp-content\/uploads\/2016\/07\/Diretor-da-Emgetis-SE-Noticias.jpg\"><img loading=\"lazy\" decoding=\"async\" aria-describedby=\"caption-attachment-93919\" class=\"size-full wp-image-93919\" alt=\"Diretor-presidente da Emgetis, Ezio Prata. (Foto: ASN)\" src=\"http:\/\/senoticias.com.br\/se\/wp-content\/uploads\/2016\/07\/Diretor-da-Emgetis-SE-Noticias.jpg\" width=\"300\" height=\"226\" srcset=\"https:\/\/senoticias.com.br\/se\/wp-content\/uploads\/2016\/07\/Diretor-da-Emgetis-SE-Noticias.jpg 300w, https:\/\/senoticias.com.br\/se\/wp-content\/uploads\/2016\/07\/Diretor-da-Emgetis-SE-Noticias-60x45.jpg 60w, https:\/\/senoticias.com.br\/se\/wp-content\/uploads\/2016\/07\/Diretor-da-Emgetis-SE-Noticias-150x113.jpg 150w\" sizes=\"(max-width: 300px) 100vw, 300px\" \/><\/a><p id=\"caption-attachment-93919\" class=\"wp-caption-text\">Diretor-presidente da Emgetis, Ezio Prata. (Foto: ASN)<\/p><\/div>\n<p style=\"text-align: justify;\">\u00a0Representantes de \u00f3rg\u00e3os estatais de Tecnologia da Informa\u00e7\u00e3o e Comunica\u00e7\u00e3o (TIC) de todo o Brasil estar\u00e3o em Aracaju, nos pr\u00f3ximos dias 07 e 08 de julho, no hotel Radisson, para participarem da 113\u00aa Reuni\u00e3o do F\u00f3rum de Diretores T\u00e9cnicos e 14\u00aa Reuni\u00e3o de Gerentes T\u00e9cnicos, promovidos pela Associa\u00e7\u00e3o Brasileira de Entidades Estaduais de Tecnologia da Informa\u00e7\u00e3o e Comunica\u00e7\u00e3o (Abep). Organizada pela Empresa Sergipana de Tecnologia da Informa\u00e7\u00e3o (Emgetis), o evento ter\u00e1 como tema principal o armazenamento em nuvem e tamb\u00e9m ser\u00e1 a oportunidade para a apresenta\u00e7\u00e3o do Plano de Moderniza\u00e7\u00e3o de TI de Sergipe.<\/p>\n<p style=\"text-align: justify;\">As reuni\u00f5es acontecem periodicamente para apresentar as solu\u00e7\u00f5es na \u00e1rea de TI que est\u00e3o sendo desenvolvidas pelas afiliadas da Abep. Nesta edi\u00e7\u00e3o, o estado conta com a participa\u00e7\u00e3o de cerca de 30 diretores e gerentes t\u00e9cnicos, al\u00e9m de representantes de grandes empresas da \u00e1rea de TI.<\/p>\n<p style=\"text-align: justify;\">Diretor-Presidente da Emgetis, Ezio Prata Faro\u201cVamos aproveitar o momento de intera\u00e7\u00e3o entre todas as empresas estatais de TI do pa\u00eds e discutir a promo\u00e7\u00e3o da TI como instrumento de gest\u00e3o nas pol\u00edticas p\u00fablicas, tornando mais acess\u00edveis os servi\u00e7os prestados pelos governos\u201d, refor\u00e7a o diretor-presidente da Emgetis e vice-presidente do Conselho de Associadas Abep, Ezio Prata Faro.<\/p>\n<p style=\"text-align: justify;\">Ainda de acordo com Ezio, esta ser\u00e1 uma oportunidade de outros estados conhecerem o Plano de Moderniza\u00e7\u00e3o de TI de Sergipe, criado pela Emgetis, que possibilitar\u00e1 o desenvolvimento de um sistema de governan\u00e7a integrada. \u201cQuando implantado, o Plano proporcionar\u00e1 uma maior velocidade e efici\u00eancia na entrega dos servi\u00e7os p\u00fablicos, principalmente nos setores da sa\u00fade, seguran\u00e7a e educa\u00e7\u00e3o\u201d, acrescenta.<\/p>\n<p><strong>Programa\u00e7\u00e3o<\/strong><\/p>\n<p style=\"text-align: justify;\">As atividades ter\u00e3o in\u00edcio \u00e0s 9h de quinta-feira, 07, com a presen\u00e7a de autoridades locais, seguida de mini semin\u00e1rios e palestras. Na sexta-feira, 08, a programa\u00e7\u00e3o iniciar\u00e1 \u00e0s 8h30, com assuntos internos e informes, e segue com apresenta\u00e7\u00f5es e palestra de representantes da empresa americana PTS, respons\u00e1vel pela execu\u00e7\u00e3o do Plano de Moderniza\u00e7\u00e3o de TI de Sergipe. \u00c0s 14h, no retorno dos trabalhos ter\u00e3o continuidade as palestras e discuss\u00f5es acerca de infraestrutura de TI e Nuvem. O encerramento do evento ocorrer\u00e1 \u00e0s 16h45.<\/p>\n<p><em><strong>Ag\u00eancia Sergipe de Not\u00edcias<\/strong><\/em><\/p>\n<p><a href=\"http:\/\/senoticias.com.br\/se\/wp-content\/uploads\/2016\/06\/Logo-fone.jpg\"><img loading=\"lazy\" decoding=\"async\" class=\"aligncenter size-full wp-image-93338\" alt=\"Logo fone\" src=\"http:\/\/senoticias.com.br\/se\/wp-content\/uploads\/2016\/06\/Logo-fone.jpg\" width=\"599\" height=\"78\" srcset=\"https:\/\/senoticias.com.br\/se\/wp-content\/uploads\/2016\/06\/Logo-fone.jpg 599w, https:\/\/senoticias.com.br\/se\/wp-content\/uploads\/2016\/06\/Logo-fone-300x39.jpg 300w, https:\/\/senoticias.com.br\/se\/wp-content\/uploads\/2016\/06\/Logo-fone-342x44.jpg 342w\" sizes=\"(max-width: 599px) 100vw, 599px\" \/><\/a><\/p>\n<p><em><strong>Acompanhe tamb\u00e9m o SE Not\u00edcias no<a href=\"https:\/\/twitter.com\/Senoticias\" target=\"_blank\">\u00a0Twitter<\/a>,\u00a0<a href=\"https:\/\/www.facebook.com\/senoticias1\" target=\"_blank\">Facebook\u00a0<\/a>e no\u00a0<a href=\"https:\/\/www.instagram.com\/senoticias\/\" target=\"_blank\">Instagram<\/a><\/strong><\/em><\/p>\n<p><em>\u00a0<\/em><\/p>\n","protected":false},"excerpt":{"rendered":"<p>\u00a0Representantes de \u00f3rg\u00e3os estatais de Tecnologia da Informa\u00e7\u00e3o e Comunica\u00e7\u00e3o (TIC) de todo o Brasil estar\u00e3o em Aracaju, nos pr\u00f3ximos dias 07 e 08 de julho, no hotel Radisson, para participarem da 113\u00aa Reuni\u00e3o do F\u00f3rum de Diretores T\u00e9cnicos e 14\u00aa Reuni\u00e3o de Gerentes T\u00e9cnicos, promovidos pela Associa\u00e7\u00e3o Brasileira de Entidades Estaduais de Tecnologia da [&hellip;]<\/p>\n","protected":false},"author":1,"featured_media":93919,"comment_status":"closed","ping_status":"closed","sticky":false,"template":"","format":"standard","meta":{"footnotes":""},"categories":[6,1],"tags":[],"class_list":{"0":"post-93917","1":"post","2":"type-post","3":"status-publish","4":"format-standard","5":"has-post-thumbnail","7":"category-politica","8":"category-sem-categoria"},"_links":{"self":[{"href":"https:\/\/senoticias.com.br\/se\/wp-json\/wp\/v2\/posts\/93917"}],"collection":[{"href":"https:\/\/senoticias.com.br\/se\/wp-json\/wp\/v2\/posts"}],"about":[{"href":"https:\/\/senoticias.com.br\/se\/wp-json\/wp\/v2\/types\/post"}],"author":[{"embeddable":true,"href":"https:\/\/senoticias.com.br\/se\/wp-json\/wp\/v2\/users\/1"}],"replies":[{"embeddable":true,"href":"https:\/\/senoticias.com.br\/se\/wp-json\/wp\/v2\/comments?post=93917"}],"version-history":[{"count":0,"href":"https:\/\/senoticias.com.br\/se\/wp-json\/wp\/v2\/posts\/93917\/revisions"}],"wp:featuredmedia":[{"embeddable":true,"href":"https:\/\/senoticias.com.br\/se\/wp-json\/wp\/v2\/media\/93919"}],"wp:attachment":[{"href":"https:\/\/senoticias.com.br\/se\/wp-json\/wp\/v2\/media?parent=93917"}],"wp:term":[{"taxonomy":"category","embeddable":true,"href":"https:\/\/senoticias.com.br\/se\/wp-json\/wp\/v2\/categories?post=93917"},{"taxonomy":"post_tag","embeddable":true,"href":"https:\/\/senoticias.com.br\/se\/wp-json\/wp\/v2\/tags?post=93917"}],"curies":[{"name":"wp","href":"https:\/\/api.w.org\/{rel}","templated":true}]}}