{"id":93914,"date":"2016-07-06T08:30:47","date_gmt":"2016-07-06T11:30:47","guid":{"rendered":"http:\/\/senoticias.com.br\/se\/?p=93914"},"modified":"2016-07-06T19:28:55","modified_gmt":"2016-07-06T22:28:55","slug":"governo-divulga-resultado-de-edital-de-convocacao-de-professor","status":"publish","type":"post","link":"https:\/\/senoticias.com.br\/se\/governo-divulga-resultado-de-edital-de-convocacao-de-professor\/","title":{"rendered":"Governo divulga resultado de edital de convoca\u00e7\u00e3o de professor"},"content":{"rendered":"<div>\n<div>\n<div>\n<div>\n<p style=\"text-align: justify;\">O Governo do Estado, por meio da Secretaria de Estado do Planejamento, Or\u00e7amento e Gest\u00e3o (Seplag), torna p\u00fablico o resultado definitivo do 26\u00ba Edital de Convoca\u00e7\u00e3o por Convite, para preenchimento de vagas para o concurso p\u00fablico no cargo de professor de educa\u00e7\u00e3o b\u00e1sica da carreira do magist\u00e9rio p\u00fablico estadual.<\/p>\n<div id=\"attachment_93916\" style=\"width: 609px\" class=\"wp-caption aligncenter\"><a href=\"http:\/\/senoticias.com.br\/se\/wp-content\/uploads\/2016\/07\/351d512b635032ff60ff082178f06171-e1467804807371.jpg\"><img loading=\"lazy\" decoding=\"async\" aria-describedby=\"caption-attachment-93916\" class=\"size-full wp-image-93916\" alt=\"Foram nomeados 242 profissionais de v\u00e1rias \u00e1reas, dentre elas Educa\u00e7\u00e3o F\u00edsica, Matem\u00e1tica, Qu\u00edmica, Geografia, L\u00ednguas Ingl\u00eas e Espanhol, Filosofia, Biologia e Portugu\u00eas\/ Foto: Arquivo\/ASN\" src=\"http:\/\/senoticias.com.br\/se\/wp-content\/uploads\/2016\/07\/351d512b635032ff60ff082178f06171-e1467804807371.jpg\" width=\"599\" height=\"397\" \/><\/a><p id=\"caption-attachment-93916\" class=\"wp-caption-text\">Foram nomeados 242 profissionais de v\u00e1rias \u00e1reas, dentre elas Educa\u00e7\u00e3o F\u00edsica, Matem\u00e1tica, Qu\u00edmica, Geografia, L\u00ednguas Ingl\u00eas e Espanhol, Filosofia, Biologia e Portugu\u00eas\/ Foto: Arquivo\/ASN<\/p><\/div>\n<p style=\"text-align: justify;\">O n\u00famero de candidatos que ser\u00e3o nomeados atrav\u00e9s do chamamento desse edital \u00e9 de 242 pessoas. As \u00e1reas contempladas para o exerc\u00edcio desses educadores s\u00e3o educa\u00e7\u00e3o f\u00edsica, matem\u00e1tica, qu\u00edmica, geografia, l\u00edngua ingl\u00eas e espanhol, filosofia, biologia, portugu\u00eas, entre outras.<\/p>\n<p style=\"text-align: justify;\">Vale lembrar que o convite obedeceu \u00e0 ordem de classifica\u00e7\u00e3o da lista espec\u00edfica por DRE e\/ou lista geral. No caso de mais de um candidato convidado ter aceitado a localidade especificada, a nomea\u00e7\u00e3o observou a ordem de classifica\u00e7\u00e3o, permanecendo os demais candidatos nas listas origin\u00e1rias. A posse depender\u00e1 do preenchimento dos requisitos legais de investidura para o cargo.<\/p>\n<p style=\"text-align: justify;\">Os candidatos selecionados devem comparecer na Secretaria de Estado do Planejamento, Or\u00e7amento e Gest\u00e3o, conforme cronograma a ser publicado, oportunamente, no site\u00a0<a href=\"http:\/\/agencia.se.gov.br\/noticias\/planejamento\/www.seplag.se.gov.br\/concursos\">www.seplag.se.gov.br\/concursos<\/a>, munidos de documentos e exames listados em convoca\u00e7\u00e3o para fins de per\u00edcia m\u00e9dica. \u00c9 importante frisar que no caso espec\u00edfico do concurso do magist\u00e9rio, os candidatos devem aguardar a convoca\u00e7\u00e3o da per\u00edcia m\u00e9dica.<\/p>\n<p>A lista dos candidatos que foram aprovados no edital por convite est\u00e1 dispon\u00edvel\u00a0<a href=\"http:\/\/seplag.se.gov.br\/images\/CONCURSO_ANDAMENTO\/SEED\/PSS_02-2014\/EDITAIS_DE_CONVITE\/26%C2%BA_EDITAL_DE_RESULTADO_FINAL_RETIFICADO.PDF\">aqui<\/a>.<\/p>\n<p><a href=\"http:\/\/senoticias.com.br\/se\/wp-content\/uploads\/2016\/06\/Logo-fone.jpg\"><img loading=\"lazy\" decoding=\"async\" class=\"aligncenter size-full wp-image-93338\" alt=\"Logo fone\" src=\"http:\/\/senoticias.com.br\/se\/wp-content\/uploads\/2016\/06\/Logo-fone.jpg\" width=\"599\" height=\"78\" srcset=\"https:\/\/senoticias.com.br\/se\/wp-content\/uploads\/2016\/06\/Logo-fone.jpg 599w, https:\/\/senoticias.com.br\/se\/wp-content\/uploads\/2016\/06\/Logo-fone-300x39.jpg 300w, https:\/\/senoticias.com.br\/se\/wp-content\/uploads\/2016\/06\/Logo-fone-342x44.jpg 342w\" sizes=\"(max-width: 599px) 100vw, 599px\" \/><\/a><\/p>\n<p><em><strong>Acompanhe tamb\u00e9m o SE Not\u00edcias no<a href=\"https:\/\/twitter.com\/Senoticias\" target=\"_blank\">\u00a0Twitter<\/a>,\u00a0<a href=\"https:\/\/www.facebook.com\/senoticias1\" target=\"_blank\">Facebook\u00a0<\/a>e no\u00a0<a href=\"https:\/\/www.instagram.com\/senoticias\/\" target=\"_blank\">Instagram<\/a><\/strong><\/em><\/p>\n<p><em><strong>Ascom\/Seed<\/strong><\/em><\/p>\n<\/div>\n<\/div>\n<\/div>\n<\/div>\n<div><\/div>\n","protected":false},"excerpt":{"rendered":"<p>O Governo do Estado, por meio da Secretaria de Estado do Planejamento, Or\u00e7amento e Gest\u00e3o (Seplag), torna p\u00fablico o resultado definitivo do 26\u00ba Edital de Convoca\u00e7\u00e3o por Convite, para preenchimento de vagas para o concurso p\u00fablico no cargo de professor de educa\u00e7\u00e3o b\u00e1sica da carreira do magist\u00e9rio p\u00fablico estadual. O n\u00famero de candidatos que ser\u00e3o [&hellip;]<\/p>\n","protected":false},"author":1,"featured_media":93916,"comment_status":"closed","ping_status":"closed","sticky":false,"template":"","format":"standard","meta":{"footnotes":""},"categories":[9,6,1],"tags":[],"class_list":{"0":"post-93914","1":"post","2":"type-post","3":"status-publish","4":"format-standard","5":"has-post-thumbnail","7":"category-concursos","8":"category-politica","9":"category-sem-categoria"},"_links":{"self":[{"href":"https:\/\/senoticias.com.br\/se\/wp-json\/wp\/v2\/posts\/93914"}],"collection":[{"href":"https:\/\/senoticias.com.br\/se\/wp-json\/wp\/v2\/posts"}],"about":[{"href":"https:\/\/senoticias.com.br\/se\/wp-json\/wp\/v2\/types\/post"}],"author":[{"embeddable":true,"href":"https:\/\/senoticias.com.br\/se\/wp-json\/wp\/v2\/users\/1"}],"replies":[{"embeddable":true,"href":"https:\/\/senoticias.com.br\/se\/wp-json\/wp\/v2\/comments?post=93914"}],"version-history":[{"count":0,"href":"https:\/\/senoticias.com.br\/se\/wp-json\/wp\/v2\/posts\/93914\/revisions"}],"wp:featuredmedia":[{"embeddable":true,"href":"https:\/\/senoticias.com.br\/se\/wp-json\/wp\/v2\/media\/93916"}],"wp:attachment":[{"href":"https:\/\/senoticias.com.br\/se\/wp-json\/wp\/v2\/media?parent=93914"}],"wp:term":[{"taxonomy":"category","embeddable":true,"href":"https:\/\/senoticias.com.br\/se\/wp-json\/wp\/v2\/categories?post=93914"},{"taxonomy":"post_tag","embeddable":true,"href":"https:\/\/senoticias.com.br\/se\/wp-json\/wp\/v2\/tags?post=93914"}],"curies":[{"name":"wp","href":"https:\/\/api.w.org\/{rel}","templated":true}]}}