{"id":93911,"date":"2016-07-06T08:21:54","date_gmt":"2016-07-06T11:21:54","guid":{"rendered":"http:\/\/senoticias.com.br\/se\/?p=93911"},"modified":"2016-07-07T10:57:31","modified_gmt":"2016-07-07T13:57:31","slug":"homem-diz-que-foi-traido-e-confessa-ter-esquartejado-esposa-em-itabaiana-suspeito-ja-foi-preso","status":"publish","type":"post","link":"https:\/\/senoticias.com.br\/se\/homem-diz-que-foi-traido-e-confessa-ter-esquartejado-esposa-em-itabaiana-suspeito-ja-foi-preso\/","title":{"rendered":"Homem diz que foi tra\u00eddo e confessa ter esquartejado esposa, em Itabaiana; suspeito j\u00e1 foi preso"},"content":{"rendered":"<p style=\"text-align: justify;\">O acusado, que trabalha como flanelinha na Pra\u00e7a Jo\u00e3o Pessoa, foi detido pela pol\u00edcia e encaminhado \u00e0 Delegacia Regional de Itabaiana. Em depoimento, ele diz que sua esposa estava lhe traindo com um homem conhecido por Tampinha, e no \u00faltimo domingo ap\u00f3s ser informado que ela havia tra\u00eddo mais uma vez resolveu cometer o crime.<\/p>\n<div id=\"attachment_93912\" style=\"width: 591px\" class=\"wp-caption aligncenter\"><a href=\"http:\/\/senoticias.com.br\/se\/wp-content\/uploads\/2016\/07\/Suspeito-de-esquartejar-esposa-SE-Noticias.jpg\"><img loading=\"lazy\" decoding=\"async\" aria-describedby=\"caption-attachment-93912\" class=\"size-full wp-image-93912\" alt=\"O suspeito alega que a trai\u00e7\u00e3o da esposa teria sido o motivo para cometer o crime b\u00e1rbaro. (Foto: Itnet)\" src=\"http:\/\/senoticias.com.br\/se\/wp-content\/uploads\/2016\/07\/Suspeito-de-esquartejar-esposa-SE-Noticias.jpg\" width=\"581\" height=\"768\" srcset=\"https:\/\/senoticias.com.br\/se\/wp-content\/uploads\/2016\/07\/Suspeito-de-esquartejar-esposa-SE-Noticias.jpg 581w, https:\/\/senoticias.com.br\/se\/wp-content\/uploads\/2016\/07\/Suspeito-de-esquartejar-esposa-SE-Noticias-226x300.jpg 226w, https:\/\/senoticias.com.br\/se\/wp-content\/uploads\/2016\/07\/Suspeito-de-esquartejar-esposa-SE-Noticias-342x452.jpg 342w, https:\/\/senoticias.com.br\/se\/wp-content\/uploads\/2016\/07\/Suspeito-de-esquartejar-esposa-SE-Noticias-300x396.jpg 300w\" sizes=\"(max-width: 581px) 100vw, 581px\" \/><\/a><p id=\"caption-attachment-93912\" class=\"wp-caption-text\">O suspeito alega que a trai\u00e7\u00e3o da esposa teria sido o motivo para cometer o crime b\u00e1rbaro. (Foto: Itnet)<\/p><\/div>\n<p style=\"text-align: justify;\">Em sua pr\u00f3pria resid\u00eancia, Erisvan Jos\u00e9 da Silva\u00a0utilizou de um fio para matar a sua esposa enforcada, e com uma faca cortou o corpo em v\u00e1rios peda\u00e7os, e em seguida jogou no quintal. Nesta ter\u00e7a-feira, dia 05, ele pegou a moto de um amigo emprestado e jogou os peda\u00e7os do corpo\u00a0em um matagal.\u00a0O caso foi comunicado a pol\u00edcia, e por volta de 11 horas da manh\u00e3 o corpo foi localizado e o acusado detido.<\/p>\n<p style=\"text-align: justify;\">Fruto do relacionamento do casal\u00a0eles tiveram uma filha de 1 ano e 2 meses, que estava na casa durante o assassinato da m\u00e3e. A menina encontra-se com a av\u00f3 materna.<\/p>\n<p><strong>Delegadoj\u00e1 tomou os primeiros depoimentos do suspeito<\/strong><\/p>\n<p style=\"text-align: justify;\">O delegado Regional de Itabaiana, Marcos Garcia, tomou na tarde desta ter\u00e7a-feira, 5, os primeiros depoimentos do homem suspeito de matar a esposa e depois esquartej\u00e1-la no munic\u00edpio de Itabaiana. Erisvan Jos\u00e9 da Silva foi preso hoje e disse que matou a esposa enforcada com as pr\u00f3prias m\u00e3os e em seguida utilizou um fio para se certificar da morte. O crime aconteceu no \u00faltimo domingo dentro da resid\u00eancia do casal.<\/p>\n<p style=\"text-align: justify;\">O suspeito alegou ao delegado que a esposa estava traindo-o com um vizinho de apelido &#8216;Tampinha&#8217; e disse que a descoberta da trai\u00e7\u00e3o o deixou descontrolado. Ap\u00f3s o crime, Erisvan largou o corpo no quintal da casa, mas com o mau cheiro decidiu esquartejar a mulher com uma faca e desovar em uma localidade deserta da cidade.<\/p>\n<p style=\"text-align: justify;\"><a href=\"http:\/\/senoticias.com.br\/se\/wp-content\/uploads\/2016\/06\/Logo-fone.jpg\"><img loading=\"lazy\" decoding=\"async\" class=\"aligncenter size-full wp-image-93338\" alt=\"Logo fone\" src=\"http:\/\/senoticias.com.br\/se\/wp-content\/uploads\/2016\/06\/Logo-fone.jpg\" width=\"599\" height=\"78\" srcset=\"https:\/\/senoticias.com.br\/se\/wp-content\/uploads\/2016\/06\/Logo-fone.jpg 599w, https:\/\/senoticias.com.br\/se\/wp-content\/uploads\/2016\/06\/Logo-fone-300x39.jpg 300w, https:\/\/senoticias.com.br\/se\/wp-content\/uploads\/2016\/06\/Logo-fone-342x44.jpg 342w\" sizes=\"(max-width: 599px) 100vw, 599px\" \/><\/a><\/p>\n<p style=\"text-align: justify;\"><strong><em>Com informa\u00e7\u00f5es do Itnet e SSP\/SE<\/em><\/strong><\/p>\n<p style=\"text-align: justify;\"><i><em><strong>Acompanhe tamb\u00e9m o SE Not\u00edcias no\u00a0<a href=\"https:\/\/twitter.com\/Senoticias\" target=\"_blank\">Twitter<\/a>,\u00a0<a href=\"https:\/\/www.facebook.com\/senoticias1\" target=\"_blank\">Facebook<\/a>\u00a0e no\u00a0<a href=\"https:\/\/www.instagram.com\/senoticias\/\" target=\"_blank\">Instagram<\/a><\/strong><\/em><\/i><\/p>\n","protected":false},"excerpt":{"rendered":"<p>O acusado, que trabalha como flanelinha na Pra\u00e7a Jo\u00e3o Pessoa, foi detido pela pol\u00edcia e encaminhado \u00e0 Delegacia Regional de Itabaiana. Em depoimento, ele diz que sua esposa estava lhe traindo com um homem conhecido por Tampinha, e no \u00faltimo domingo ap\u00f3s ser informado que ela havia tra\u00eddo mais uma vez resolveu cometer o crime. [&hellip;]<\/p>\n","protected":false},"author":1,"featured_media":93912,"comment_status":"closed","ping_status":"closed","sticky":false,"template":"","format":"standard","meta":{"footnotes":""},"categories":[310,7],"tags":[],"class_list":{"0":"post-93911","1":"post","2":"type-post","3":"status-publish","4":"format-standard","5":"has-post-thumbnail","7":"category-destaques-da-semana","8":"category-policia"},"_links":{"self":[{"href":"https:\/\/senoticias.com.br\/se\/wp-json\/wp\/v2\/posts\/93911"}],"collection":[{"href":"https:\/\/senoticias.com.br\/se\/wp-json\/wp\/v2\/posts"}],"about":[{"href":"https:\/\/senoticias.com.br\/se\/wp-json\/wp\/v2\/types\/post"}],"author":[{"embeddable":true,"href":"https:\/\/senoticias.com.br\/se\/wp-json\/wp\/v2\/users\/1"}],"replies":[{"embeddable":true,"href":"https:\/\/senoticias.com.br\/se\/wp-json\/wp\/v2\/comments?post=93911"}],"version-history":[{"count":0,"href":"https:\/\/senoticias.com.br\/se\/wp-json\/wp\/v2\/posts\/93911\/revisions"}],"wp:featuredmedia":[{"embeddable":true,"href":"https:\/\/senoticias.com.br\/se\/wp-json\/wp\/v2\/media\/93912"}],"wp:attachment":[{"href":"https:\/\/senoticias.com.br\/se\/wp-json\/wp\/v2\/media?parent=93911"}],"wp:term":[{"taxonomy":"category","embeddable":true,"href":"https:\/\/senoticias.com.br\/se\/wp-json\/wp\/v2\/categories?post=93911"},{"taxonomy":"post_tag","embeddable":true,"href":"https:\/\/senoticias.com.br\/se\/wp-json\/wp\/v2\/tags?post=93911"}],"curies":[{"name":"wp","href":"https:\/\/api.w.org\/{rel}","templated":true}]}}