{"id":93908,"date":"2016-07-06T07:22:31","date_gmt":"2016-07-06T10:22:31","guid":{"rendered":"http:\/\/senoticias.com.br\/se\/?p=93908"},"modified":"2016-07-07T07:33:23","modified_gmt":"2016-07-07T10:33:23","slug":"em-reuniao-diretorio-do-pmdb-informa-que-vanderlan-devera-ser-o-vice-de-marcos-santana","status":"publish","type":"post","link":"https:\/\/senoticias.com.br\/se\/em-reuniao-diretorio-do-pmdb-informa-que-vanderlan-devera-ser-o-vice-de-marcos-santana\/","title":{"rendered":"Em reuni\u00e3o, diret\u00f3rio do PMDB informa que Vanderlan dever\u00e1 ser o vice de Marcos Santana"},"content":{"rendered":"<p style=\"text-align: justify;\">O Diret\u00f3rio do PMDB de S\u00e3o Crist\u00f3v\u00e3o se reuniu na \u00faltima segunda-feira (4), e reafirmou por unanimidade mais uma vez o que j\u00e1 havia decidido, a pr\u00e9-candidatura em torno do nome do filiado, Marcos Santana \u00e0 prefeito do munic\u00edpio.<\/p>\n<p style=\"text-align: justify;\">Durante a reuni\u00e3o, se debateu os \u00faltimos acontecimentos da pol\u00edtica local e se reafirmou o projeto do PMDB de S\u00e3o Crist\u00f3v\u00e3o de lan\u00e7ar nas elei\u00e7\u00f5es de 2016, uma candidatura pr\u00f3pria \u00e0 Prefeitura de S\u00e3o Crist\u00f3v\u00e3o, tendo como nome, o pr\u00e9-candidato, Marcos Santana. Ainda no encontro foi discutida a possibilidade do <strong>Vereador Vanderlan Correia ser o vice de Marcos Santana,<\/strong> caso as oposi\u00e7\u00f5es n\u00e3o cheguem ao consenso em torno de um nome. A not\u00edcia caiu como uma bomba visto ser Vanderlan um nome muito popular em S\u00e3o Crist\u00f3v\u00e3o o que fortalece a pr\u00e9-candidatura de Marcos Santana al\u00e9m de abrir a possibilidade de atrair v\u00e1rios partidos que buscam eleger vereadores visto que abriria essa vaga que \u00e9 dada praticamente como certa.<\/p>\n<div id=\"attachment_93909\" style=\"width: 609px\" class=\"wp-caption aligncenter\"><a href=\"http:\/\/senoticias.com.br\/se\/wp-content\/uploads\/2016\/07\/Chapa-Marcos-e-Vanderlan.jpg\"><img loading=\"lazy\" decoding=\"async\" aria-describedby=\"caption-attachment-93909\" class=\"size-full wp-image-93909\" alt=\" Vereador Vanderlan confirmou que poder\u00e1 ser o candidato a vice-prrefeito na chapa de Marcos Santana.(Foto montagem\/SE Not\u00edcias) \" src=\"http:\/\/senoticias.com.br\/se\/wp-content\/uploads\/2016\/07\/Chapa-Marcos-e-Vanderlan.jpg\" width=\"599\" height=\"300\" srcset=\"https:\/\/senoticias.com.br\/se\/wp-content\/uploads\/2016\/07\/Chapa-Marcos-e-Vanderlan.jpg 599w, https:\/\/senoticias.com.br\/se\/wp-content\/uploads\/2016\/07\/Chapa-Marcos-e-Vanderlan-300x150.jpg 300w, https:\/\/senoticias.com.br\/se\/wp-content\/uploads\/2016\/07\/Chapa-Marcos-e-Vanderlan-342x171.jpg 342w\" sizes=\"(max-width: 599px) 100vw, 599px\" \/><\/a><p id=\"caption-attachment-93909\" class=\"wp-caption-text\"><br \/>Vereador Vanderlan confirmou que poder\u00e1 ser o candidato a vice-prrefeito na chapa de Marcos Santana. (Foto montagem\/SE Not\u00edcias)<\/p><\/div>\n<p style=\"text-align: justify;\">\u201cO PMDB est\u00e1 firme na decis\u00e3o tomada pela milit\u00e2ncia e ratificada pelo Diret\u00f3rio, de continuar com a pr\u00e9-candidatura de nosso companheiro Marcos Santana \u00e0 Prefeitura de S\u00e3o Crist\u00f3v\u00e3o. Temos o melhor nome, o de Marcos Santana. Estamos dialogando com os partidos parceiros que deram apoio a elei\u00e7\u00e3o do governador e pretendemos formar uma alian\u00e7a. Mas isto n\u00e3o \u00e9 um fator condicionante, afinal, a pr\u00e9-candidatura do PMDB est\u00e1 consolidada h\u00e1 bastante tempo\u201d, declarou o ex-deputado Wanderl\u00ea Correia, durante a reuni\u00e3o.<\/p>\n<p style=\"text-align: justify;\">A reuni\u00e3o foi prestigiada pelas principais lideran\u00e7as peemedebistas de S\u00e3o Crist\u00f3v\u00e3o, dentre elas, o vereador Vanderlan Correia, al\u00e9m dezenas de membros do diret\u00f3rio e simpatizantes do partido.<\/p>\n<p>Abaixo, confira a Resolu\u00e7\u00e3o Partid\u00e1ria do PMDB de S\u00e3o Crist\u00f3v\u00e3o de julho de 2016.<\/p>\n<p style=\"text-align: justify;\">O Diret\u00f3rio Municipal do Partido do Movimento Democr\u00e1tico Brasileiro (PMDB) em S\u00e3o Crist\u00f3v\u00e3o, reunido na noite de segunda-feira (4), resolve:<br \/>\n\u2022 Reafirmar a pr\u00e9-candidatura do seu filiado Marcos Santana ao cargo de refeito municipal;<br \/>\n\u2022 Orientar que a Executiva Municipal continue as tratativas com os partidos que deram apoio a elei\u00e7\u00e3o do Governador Jackson Barreto no sentido de unificar a oposi\u00e7\u00e3o com vistas a elei\u00e7\u00e3o municipal que se avizinha, apresentando Marcos Santana como seu pr\u00e9-candidato;<br \/>\n\u2022 Indicar, ap\u00f3s vencidas todas as etapas na busca de um nome para compor na condi\u00e7\u00e3o de candidato a vice prefeito entre os partidos que est\u00e3o no nosso arco de alian\u00e7a e na impossibilidade de uma composi\u00e7\u00e3o, o nome do filiado Vanderlan Correia como alternativa para formar a chapa que concorrer\u00e1 as elei\u00e7\u00f5es municipais tendo como cabe\u00e7a de chapa o nosso filiado Marcos Santana.<\/p>\n<p style=\"text-align: justify;\">Wanderl\u00ea Dias Correia,\u00a0Presidente do Diret\u00f3rio Municipal de S\u00e3o Crist\u00f3v\u00e3o.<\/p>\n<p><i><em><strong>Acompanhe tamb\u00e9m o SE Not\u00edcias no\u00a0<a href=\"https:\/\/twitter.com\/Senoticias\" target=\"_blank\">Twitter<\/a>,\u00a0<a href=\"https:\/\/www.facebook.com\/senoticias1\" target=\"_blank\">Facebook<\/a>\u00a0e no\u00a0<a href=\"https:\/\/www.instagram.com\/senoticias\/\" target=\"_blank\">Instagram<\/a><a href=\"http:\/\/senoticias.com.br\/se\/wp-content\/uploads\/2016\/06\/Logo-fone.jpg\"><img loading=\"lazy\" decoding=\"async\" class=\"aligncenter size-full wp-image-93338\" alt=\"Logo fone\" src=\"http:\/\/senoticias.com.br\/se\/wp-content\/uploads\/2016\/06\/Logo-fone.jpg\" width=\"599\" height=\"78\" srcset=\"https:\/\/senoticias.com.br\/se\/wp-content\/uploads\/2016\/06\/Logo-fone.jpg 599w, https:\/\/senoticias.com.br\/se\/wp-content\/uploads\/2016\/06\/Logo-fone-300x39.jpg 300w, https:\/\/senoticias.com.br\/se\/wp-content\/uploads\/2016\/06\/Logo-fone-342x44.jpg 342w\" sizes=\"(max-width: 599px) 100vw, 599px\" \/><\/a><\/strong><\/em><\/i><\/p>\n<p>&nbsp;<\/p>\n","protected":false},"excerpt":{"rendered":"<p>O Diret\u00f3rio do PMDB de S\u00e3o Crist\u00f3v\u00e3o se reuniu na \u00faltima segunda-feira (4), e reafirmou por unanimidade mais uma vez o que j\u00e1 havia decidido, a pr\u00e9-candidatura em torno do nome do filiado, Marcos Santana \u00e0 prefeito do munic\u00edpio. Durante a reuni\u00e3o, se debateu os \u00faltimos acontecimentos da pol\u00edtica local e se reafirmou o projeto [&hellip;]<\/p>\n","protected":false},"author":1,"featured_media":93909,"comment_status":"closed","ping_status":"closed","sticky":false,"template":"","format":"standard","meta":{"footnotes":""},"categories":[38,6,1],"tags":[],"class_list":{"0":"post-93908","1":"post","2":"type-post","3":"status-publish","4":"format-standard","5":"has-post-thumbnail","7":"category-municipios","8":"category-politica","9":"category-sem-categoria"},"_links":{"self":[{"href":"https:\/\/senoticias.com.br\/se\/wp-json\/wp\/v2\/posts\/93908"}],"collection":[{"href":"https:\/\/senoticias.com.br\/se\/wp-json\/wp\/v2\/posts"}],"about":[{"href":"https:\/\/senoticias.com.br\/se\/wp-json\/wp\/v2\/types\/post"}],"author":[{"embeddable":true,"href":"https:\/\/senoticias.com.br\/se\/wp-json\/wp\/v2\/users\/1"}],"replies":[{"embeddable":true,"href":"https:\/\/senoticias.com.br\/se\/wp-json\/wp\/v2\/comments?post=93908"}],"version-history":[{"count":0,"href":"https:\/\/senoticias.com.br\/se\/wp-json\/wp\/v2\/posts\/93908\/revisions"}],"wp:featuredmedia":[{"embeddable":true,"href":"https:\/\/senoticias.com.br\/se\/wp-json\/wp\/v2\/media\/93909"}],"wp:attachment":[{"href":"https:\/\/senoticias.com.br\/se\/wp-json\/wp\/v2\/media?parent=93908"}],"wp:term":[{"taxonomy":"category","embeddable":true,"href":"https:\/\/senoticias.com.br\/se\/wp-json\/wp\/v2\/categories?post=93908"},{"taxonomy":"post_tag","embeddable":true,"href":"https:\/\/senoticias.com.br\/se\/wp-json\/wp\/v2\/tags?post=93908"}],"curies":[{"name":"wp","href":"https:\/\/api.w.org\/{rel}","templated":true}]}}