{"id":93903,"date":"2016-07-06T04:52:04","date_gmt":"2016-07-06T07:52:04","guid":{"rendered":"http:\/\/senoticias.com.br\/se\/?p=93903"},"modified":"2016-07-06T04:52:26","modified_gmt":"2016-07-06T07:52:26","slug":"clovis-barbosa-recebe-o-diretor-presidente-da-agencia-reguladora-de-sergipe","status":"publish","type":"post","link":"https:\/\/senoticias.com.br\/se\/clovis-barbosa-recebe-o-diretor-presidente-da-agencia-reguladora-de-sergipe\/","title":{"rendered":"Cl\u00f3vis Barbosa recebe o diretor-presidente da Ag\u00eancia Reguladora de Sergipe"},"content":{"rendered":"<p style=\"text-align: justify;\">O conselheiro Cl\u00f3vis Barbosa de Melo, presidente do Tribunal de Contas do Estado (TCE), recebeu em seu gabinete na manh\u00e3 desta ter\u00e7a-feira, 5, o diretor-presidente da rec\u00e9m-criada Ag\u00eancia Reguladora de Servi\u00e7os P\u00fablicos do Estado de Sergipe (Agrese), o ex-deputado federal Mendon\u00e7a Prado.<\/p>\n<div id=\"attachment_93906\" style=\"width: 510px\" class=\"wp-caption aligncenter\"><a href=\"http:\/\/senoticias.com.br\/se\/wp-content\/uploads\/2016\/07\/Agencia-reguladora-de-Sergipe-SE-Noticias.jpg\"><img loading=\"lazy\" decoding=\"async\" aria-describedby=\"caption-attachment-93906\" class=\"size-full wp-image-93906\" alt=\" Tamb\u00e9m estiveram na ocasi\u00e3o os diretores administro e operacional da Agrese, Hamilton Santana e S\u00e9rgio Ferrari, bem como o assessor de comunica\u00e7\u00e3o Augusto Aranha, e o diretor de Comunica\u00e7\u00e3o do TCE, Marcos Cardoso.(Foto: Cleverton Ribeiro)\" src=\"http:\/\/senoticias.com.br\/se\/wp-content\/uploads\/2016\/07\/Agencia-reguladora-de-Sergipe-SE-Noticias.jpg\" width=\"500\" height=\"333\" srcset=\"https:\/\/senoticias.com.br\/se\/wp-content\/uploads\/2016\/07\/Agencia-reguladora-de-Sergipe-SE-Noticias.jpg 500w, https:\/\/senoticias.com.br\/se\/wp-content\/uploads\/2016\/07\/Agencia-reguladora-de-Sergipe-SE-Noticias-300x199.jpg 300w, https:\/\/senoticias.com.br\/se\/wp-content\/uploads\/2016\/07\/Agencia-reguladora-de-Sergipe-SE-Noticias-342x227.jpg 342w\" sizes=\"(max-width: 500px) 100vw, 500px\" \/><\/a><p id=\"caption-attachment-93906\" class=\"wp-caption-text\"><br \/>Tamb\u00e9m estiveram na ocasi\u00e3o os diretores administro e operacional da Agrese, Hamilton Santana e S\u00e9rgio Ferrari, bem como o assessor de comunica\u00e7\u00e3o Augusto Aranha, e o diretor de Comunica\u00e7\u00e3o do TCE, Marcos Cardoso.(Foto: Cleverton Ribeiro)<\/p><\/div>\n<p style=\"text-align: justify;\">Vinculada \u00e0 secretaria de estado da Casa Civil, a Agrese tem a compet\u00eancia de regular e fiscalizar as concess\u00f5es de servi\u00e7os p\u00fablicos nas \u00e1reas de saneamento, energia el\u00e9trica, rodovias, telecomunica\u00e7\u00f5es, portos e hidrovias, transportes intermunicipais de passageiros, entre outras atividades.<\/p>\n<p style=\"text-align: justify;\">Conforme Mendon\u00e7a, a reuni\u00e3o teve o prop\u00f3sito de buscar uma maior aproxima\u00e7\u00e3o junto \u00e0 Corte de Contas: &#8220;Como estamos iniciando as atividades, queremos nessa fase inicial estreitar os la\u00e7os com os \u00f3rg\u00e3os fiscalizadores, que \u00e9 essencial para termos uma agencia eficiente, uma ag\u00eancia que fa\u00e7a essa interlocu\u00e7\u00e3o com as autoridades para que possamos prestar os melhores servi\u00e7os para a popula\u00e7\u00e3o sergipana&#8221;.<\/p>\n<p style=\"text-align: justify;\">Ao agradecer a visita, o conselheiro destacou a import\u00e2ncia da nova autarquia e colocou a equipe t\u00e9cnica do Tribunal \u00e0 disposi\u00e7\u00e3o para contribuir com os trabalhos desenvolvidos.<\/p>\n<p style=\"text-align: justify;\"><span style=\"color: #000000; font-family: Arial, Helvetica, sans-serif; font-size: 12px; background-color: #ffffff;\">\u00a0<\/span><\/p>\n<p style=\"text-align: justify;\"><span style=\"color: #000000; font-family: Arial, Helvetica, sans-serif; font-size: 12px; background-color: #ffffff;\"><a href=\"http:\/\/senoticias.com.br\/se\/wp-content\/uploads\/2016\/06\/Logo-fone.jpg\"><img loading=\"lazy\" decoding=\"async\" class=\"aligncenter size-full wp-image-93338\" alt=\"Logo fone\" src=\"http:\/\/senoticias.com.br\/se\/wp-content\/uploads\/2016\/06\/Logo-fone.jpg\" width=\"599\" height=\"78\" srcset=\"https:\/\/senoticias.com.br\/se\/wp-content\/uploads\/2016\/06\/Logo-fone.jpg 599w, https:\/\/senoticias.com.br\/se\/wp-content\/uploads\/2016\/06\/Logo-fone-300x39.jpg 300w, https:\/\/senoticias.com.br\/se\/wp-content\/uploads\/2016\/06\/Logo-fone-342x44.jpg 342w\" sizes=\"(max-width: 599px) 100vw, 599px\" \/><\/a><\/span><\/p>\n<p><em><strong>Acompanhe tamb\u00e9m o SE Not\u00edcias no\u00a0<a href=\"https:\/\/twitter.com\/Senoticias\" target=\"_blank\">Twitter<\/a>,\u00a0<a href=\"https:\/\/www.facebook.com\/senoticias1\" target=\"_blank\">Facebook\u00a0<\/a>e no\u00a0<a href=\"https:\/\/www.instagram.com\/senoticias\/\" target=\"_blank\">Instagram<\/a><\/strong><\/em><\/p>\n<p><em>\u00a0Ascom\/TCE\/SE<\/em><\/p>\n","protected":false},"excerpt":{"rendered":"<p>O conselheiro Cl\u00f3vis Barbosa de Melo, presidente do Tribunal de Contas do Estado (TCE), recebeu em seu gabinete na manh\u00e3 desta ter\u00e7a-feira, 5, o diretor-presidente da rec\u00e9m-criada Ag\u00eancia Reguladora de Servi\u00e7os P\u00fablicos do Estado de Sergipe (Agrese), o ex-deputado federal Mendon\u00e7a Prado. Vinculada \u00e0 secretaria de estado da Casa Civil, a Agrese tem a compet\u00eancia [&hellip;]<\/p>\n","protected":false},"author":1,"featured_media":93906,"comment_status":"closed","ping_status":"closed","sticky":false,"template":"","format":"standard","meta":{"footnotes":""},"categories":[6,1],"tags":[],"class_list":{"0":"post-93903","1":"post","2":"type-post","3":"status-publish","4":"format-standard","5":"has-post-thumbnail","7":"category-politica","8":"category-sem-categoria"},"_links":{"self":[{"href":"https:\/\/senoticias.com.br\/se\/wp-json\/wp\/v2\/posts\/93903"}],"collection":[{"href":"https:\/\/senoticias.com.br\/se\/wp-json\/wp\/v2\/posts"}],"about":[{"href":"https:\/\/senoticias.com.br\/se\/wp-json\/wp\/v2\/types\/post"}],"author":[{"embeddable":true,"href":"https:\/\/senoticias.com.br\/se\/wp-json\/wp\/v2\/users\/1"}],"replies":[{"embeddable":true,"href":"https:\/\/senoticias.com.br\/se\/wp-json\/wp\/v2\/comments?post=93903"}],"version-history":[{"count":0,"href":"https:\/\/senoticias.com.br\/se\/wp-json\/wp\/v2\/posts\/93903\/revisions"}],"wp:featuredmedia":[{"embeddable":true,"href":"https:\/\/senoticias.com.br\/se\/wp-json\/wp\/v2\/media\/93906"}],"wp:attachment":[{"href":"https:\/\/senoticias.com.br\/se\/wp-json\/wp\/v2\/media?parent=93903"}],"wp:term":[{"taxonomy":"category","embeddable":true,"href":"https:\/\/senoticias.com.br\/se\/wp-json\/wp\/v2\/categories?post=93903"},{"taxonomy":"post_tag","embeddable":true,"href":"https:\/\/senoticias.com.br\/se\/wp-json\/wp\/v2\/tags?post=93903"}],"curies":[{"name":"wp","href":"https:\/\/api.w.org\/{rel}","templated":true}]}}