{"id":93748,"date":"2016-07-01T13:44:36","date_gmt":"2016-07-01T16:44:36","guid":{"rendered":"http:\/\/senoticias.com.br\/se\/?p=93748"},"modified":"2016-07-01T13:44:36","modified_gmt":"2016-07-01T16:44:36","slug":"a-partir-de-hoje-fica-suspensa-propaganda-partidaria-em-radio-e-tv","status":"publish","type":"post","link":"https:\/\/senoticias.com.br\/se\/a-partir-de-hoje-fica-suspensa-propaganda-partidaria-em-radio-e-tv\/","title":{"rendered":"A partir de hoje, fica suspensa propaganda partid\u00e1ria em r\u00e1dio e TV"},"content":{"rendered":"<p style=\"text-align: justify;\">Pelo calend\u00e1rio das elei\u00e7\u00f5es de 2016, a partir de hoje (1\u00b0) fica suspensa a veicula\u00e7\u00e3o no r\u00e1dio e na televis\u00e3o da propaganda partid\u00e1ria gratuita, prevista em lei. Tamb\u00e9m n\u00e3o ser\u00e1 permitida a veicula\u00e7\u00e3o de nenhum tipo de propaganda pol\u00edtica paga.<\/p>\n<div id=\"attachment_93749\" style=\"width: 606px\" class=\"wp-caption aligncenter\"><a href=\"http:\/\/senoticias.com.br\/se\/wp-content\/uploads\/2016\/07\/A-partir-de-hoje-fica-suspensa-propaganda-partidaria-em-radio-e-TV-SE-Noticias-e1467391443863.jpg\"><img loading=\"lazy\" decoding=\"async\" aria-describedby=\"caption-attachment-93749\" class=\"size-full wp-image-93749\" alt=\"Foto: Divulga\u00e7\u00e3o\/Arquivo Brasil 247\" src=\"http:\/\/senoticias.com.br\/se\/wp-content\/uploads\/2016\/07\/A-partir-de-hoje-fica-suspensa-propaganda-partidaria-em-radio-e-TV-SE-Noticias-e1467391443863.jpg\" width=\"596\" height=\"213\" \/><\/a><p id=\"caption-attachment-93749\" class=\"wp-caption-text\">Foto: Divulga\u00e7\u00e3o\/Arquivo Brasil 247<\/p><\/div>\n<p style=\"text-align: justify;\">A propaganda partid\u00e1ria \u00e9 um direito garantido a todas as legendas registradas no Tribunal Superior Eleitoral (TSE) e tem o objetivo de difundir os programas e posi\u00e7\u00f5es de cada partido.<\/p>\n<p style=\"text-align: justify;\">Desde a \u00faltima quinta-feira (30), as emissoras de r\u00e1dio e televis\u00e3o j\u00e1 est\u00e3o proibidas de transmitir programa apresentado ou comentado por pr\u00e9-candidato \u00e0s elei\u00e7\u00f5es municipais deste ano. As datas est\u00e3o previstas no calend\u00e1rio eleitoral, aprovado pelo TSE. Quem desrespeitar as regras fica sujeito \u00e0 multa.<\/p>\n<p style=\"text-align: justify;\">A partir do dia 16 de agosto, ser\u00e1 permitida a propaganda eleitoral. A partir dessa data, candidatos e partidos poder\u00e3o usar alto-falantes ou amplificadores de som nas suas sedes ou em ve\u00edculos, fazer com\u00edcios, distribuir material gr\u00e1fico, fazer carretas e caminhadas.<\/p>\n<p style=\"text-align: justify;\">No dia 2 de outubro, os eleitores v\u00e3o \u00e0s urnas votar para eleger prefeitos e vereadores. O segundo turno, quando houver, ser\u00e1 no dia 30 de outubro. O segundo turno \u00e9 realizado apenas nos munic\u00edpios com mais de 200 mil eleitores em que nenhum dos candidatos consiga a maioria absoluta, ou seja, 50% dos votos mais um.<\/p>\n<p style=\"text-align: justify;\">\n<strong>Acompanhe tamb\u00e9m o SE not\u00edcias no <a href=\"https:\/\/twitter.com\/Senoticias\" target=\"_blank\">Twitter<\/a>, <a href=\"https:\/\/www.instagram.com\/senoticias\/\" target=\"_blank\">Facebook<\/a> e no<a href=\"https:\/\/www.instagram.com\/senoticias\/\" target=\"_blank\"> Instagram<\/a><\/strong><\/p>\n<p style=\"text-align: justify;\"><strong>\u00a0<a href=\"http:\/\/senoticias.com.br\/se\/wp-content\/uploads\/2016\/06\/Logo-fone.jpg\"><img loading=\"lazy\" decoding=\"async\" class=\"aligncenter size-full wp-image-93338\" alt=\"Logo fone\" src=\"http:\/\/senoticias.com.br\/se\/wp-content\/uploads\/2016\/06\/Logo-fone.jpg\" width=\"599\" height=\"78\" srcset=\"https:\/\/senoticias.com.br\/se\/wp-content\/uploads\/2016\/06\/Logo-fone.jpg 599w, https:\/\/senoticias.com.br\/se\/wp-content\/uploads\/2016\/06\/Logo-fone-300x39.jpg 300w, https:\/\/senoticias.com.br\/se\/wp-content\/uploads\/2016\/06\/Logo-fone-342x44.jpg 342w\" sizes=\"(max-width: 599px) 100vw, 599px\" \/><\/a><\/strong><\/p>\n<p style=\"text-align: justify;\">\n<strong>Mat\u00e9ria extra\u00edda do Portal <a href=\"http:\/\/agenciabrasil.ebc.com.br\/politica\/noticia\/2016-07\/partir-de-hoje-fica-suspensa-propaganda-partidaria-em-radio-e-tv\" target=\"_blank\">Ag\u00eancia Brasil de Noticias.<\/a><\/strong><\/p>\n<p style=\"text-align: justify;\"><strong>\u00a0<\/strong><\/p>\n","protected":false},"excerpt":{"rendered":"<p>Pelo calend\u00e1rio das elei\u00e7\u00f5es de 2016, a partir de hoje (1\u00b0) fica suspensa a veicula\u00e7\u00e3o no r\u00e1dio e na televis\u00e3o da propaganda partid\u00e1ria gratuita, prevista em lei. Tamb\u00e9m n\u00e3o ser\u00e1 permitida a veicula\u00e7\u00e3o de nenhum tipo de propaganda pol\u00edtica paga. A propaganda partid\u00e1ria \u00e9 um direito garantido a todas as legendas registradas no Tribunal Superior [&hellip;]<\/p>\n","protected":false},"author":3,"featured_media":93749,"comment_status":"closed","ping_status":"closed","sticky":false,"template":"","format":"standard","meta":{"footnotes":""},"categories":[6],"tags":[1094,1095],"class_list":{"0":"post-93748","1":"post","2":"type-post","3":"status-publish","4":"format-standard","5":"has-post-thumbnail","7":"category-politica","8":"tag-a-partir-de-hoje","9":"tag-fica-suspensa-propaganda-partidaria-em-radio-e-tv"},"_links":{"self":[{"href":"https:\/\/senoticias.com.br\/se\/wp-json\/wp\/v2\/posts\/93748"}],"collection":[{"href":"https:\/\/senoticias.com.br\/se\/wp-json\/wp\/v2\/posts"}],"about":[{"href":"https:\/\/senoticias.com.br\/se\/wp-json\/wp\/v2\/types\/post"}],"author":[{"embeddable":true,"href":"https:\/\/senoticias.com.br\/se\/wp-json\/wp\/v2\/users\/3"}],"replies":[{"embeddable":true,"href":"https:\/\/senoticias.com.br\/se\/wp-json\/wp\/v2\/comments?post=93748"}],"version-history":[{"count":0,"href":"https:\/\/senoticias.com.br\/se\/wp-json\/wp\/v2\/posts\/93748\/revisions"}],"wp:featuredmedia":[{"embeddable":true,"href":"https:\/\/senoticias.com.br\/se\/wp-json\/wp\/v2\/media\/93749"}],"wp:attachment":[{"href":"https:\/\/senoticias.com.br\/se\/wp-json\/wp\/v2\/media?parent=93748"}],"wp:term":[{"taxonomy":"category","embeddable":true,"href":"https:\/\/senoticias.com.br\/se\/wp-json\/wp\/v2\/categories?post=93748"},{"taxonomy":"post_tag","embeddable":true,"href":"https:\/\/senoticias.com.br\/se\/wp-json\/wp\/v2\/tags?post=93748"}],"curies":[{"name":"wp","href":"https:\/\/api.w.org\/{rel}","templated":true}]}}