{"id":93626,"date":"2016-06-28T11:29:57","date_gmt":"2016-06-28T14:29:57","guid":{"rendered":"http:\/\/senoticias.com.br\/se\/?p=93626"},"modified":"2016-06-29T16:12:50","modified_gmt":"2016-06-29T19:12:50","slug":"justica-proibe-envio-de-noticia-falsa-contra-politico-pelo-whatsapp","status":"publish","type":"post","link":"https:\/\/senoticias.com.br\/se\/justica-proibe-envio-de-noticia-falsa-contra-politico-pelo-whatsapp\/","title":{"rendered":"Justi\u00e7a pro\u00edbe envio de not\u00edcia falsa contra pol\u00edtico pelo WhatsApp"},"content":{"rendered":"<p style=\"text-align: justify;\">Not\u00edcias falsas que acusam pol\u00edtico de crimes n\u00e3o devem circular, pois podem prejudic\u00e1-lo indevidamente nas pr\u00f3ximas elei\u00e7\u00f5es. Com esse entendimento, a 36\u00aa Zona Eleitoral de Cristalina (GO) concedeu liminar para suspender a veicula\u00e7\u00e3o no WhatsApp de uma not\u00edcia falsa que acusa o vereador Daniel do Sindicato (PSB), pr\u00e9-candidato a prefeito dessa cidade, de estar envolvido na opera\u00e7\u00e3o \u201clava jato\u201d.<\/p>\n<div id=\"attachment_93628\" style=\"width: 609px\" class=\"wp-caption aligncenter\"><a href=\"http:\/\/senoticias.com.br\/se\/wp-content\/uploads\/2016\/06\/Whatsapp-WEB-SE-Noticias-e1467124460619.jpg\"><img loading=\"lazy\" decoding=\"async\" aria-describedby=\"caption-attachment-93628\" class=\"size-full wp-image-93628\" alt=\"Mensagem mentirosa apresenta tamb\u00e9m aparente conte\u00fado eleitoreiro, afirmou juiz. (Foto: reprodu\u00e7\u00e3o\/iPhone\" src=\"http:\/\/senoticias.com.br\/se\/wp-content\/uploads\/2016\/06\/Whatsapp-WEB-SE-Noticias-e1467124460619.jpg\" width=\"599\" height=\"337\" \/><\/a><p id=\"caption-attachment-93628\" class=\"wp-caption-text\">Mensagem mentirosa apresenta tamb\u00e9m aparente conte\u00fado eleitoreiro, afirmou juiz. (Foto: reprodu\u00e7\u00e3o\/iPhone<\/p><\/div>\n<p style=\"text-align: justify;\">A reportagem falsa copia a identidade visual do site\u00a0<em>G1<\/em>\u00a0para afirmar que Daniel do Sindicato e o tamb\u00e9m vereador de Cristalina Rosivaldo Pelota (PSB) praticaram caixa dois com recursos do esquema de corrup\u00e7\u00e3o na Petrobras desvendado pela opera\u00e7\u00e3o.<\/p>\n<p style=\"text-align: justify;\">Para evitar ser prejudicado nas elei\u00e7\u00f5es de outubro, Daniel do Sindicato, representado pelo escrit\u00f3rio\u00a0<strong>Gabriela Rollemberg Advocacia<\/strong>, pediu que o homem que repassou a not\u00edcia falsa seja proibido de voltar a transmitir esse arquivo no aplicativo de mensagens.<\/p>\n<p style=\"text-align: justify;\">O juiz eleitoral Thiago In\u00e1cio de Oliveira deferiu a liminar. Segundo ele, est\u00e1 presente o perigo na demora, uma vez que a propaga\u00e7\u00e3o da mat\u00e9ria pode afetar a imagem do pol\u00edtico e afetar sua candidatura \u00e0 Prefeitura de Cristalina. Al\u00e9m disso, h\u00e1 fuma\u00e7a do bom direito, apontou o juiz, j\u00e1 que a envergadura da \u201clava jato\u201d n\u00e3o deixaria inc\u00f3lume nenhum pol\u00edtico dessa cidade.<\/p>\n<p style=\"text-align: justify;\">\u201cDessa apar\u00eancia de verdade das alega\u00e7\u00f5es trazidas pelo Representado, exsurge, uma vez provocado este ju\u00edzo eleitoral, o poder\/dever de inibir a divulga\u00e7\u00e3o da mensagem combatida, uma vez que, pelo contexto que a cerca, apresenta tamb\u00e9m aparente conte\u00fado eleitoreiro, pois supostamente dirigida por um vereador contra outro vereador, cargos p\u00fablicos eletivos que estar\u00e3o em disputa nas pr\u00f3ximas elei\u00e7\u00f5es\u201d, afirmou Oliveira.<\/p>\n<p style=\"text-align: justify;\">Com isso, ele concedeu a liminar proibindo que o homem volte a transmitir acusa\u00e7\u00f5es falsas contra Daniel do Sindicato. O juiz ainda pediu que o pol\u00edtico comunique o WhatsApp da decis\u00e3o, para que o aplicativo exclua a not\u00edcia fraudada do<em>\u00a0G1<\/em>.<\/p>\n<p><strong>Clique\u00a0<a href=\"http:\/\/s.conjur.com.br\/dl\/justica-proibe-veiculacao-noticia-falsa.pdf\" target=\"_blank\">aqui<\/a>\u00a0para ler a \u00edntegra da decis\u00e3o.<\/strong><\/p>\n<p><strong>Processo 56-08.2016.6.09.0036<\/strong><\/p>\n<p><strong><em>Acompanhe tamb\u00e9m o SE Not\u00edcias no\u00a0<a href=\"https:\/\/twitter.com\/Senoticias\" target=\"_blank\">Twitter<\/a>,\u00a0<a href=\"https:\/\/www.facebook.com\/senoticias1\" target=\"_blank\">Facebook<\/a>\u00a0e no\u00a0<a href=\"https:\/\/www.instagram.com\/senoticias\/\" target=\"_blank\">Instagram<\/a><\/em><\/strong><\/p>\n<p><em>Reda\u00e7\u00e3o Conjur<\/em><\/p>\n<p><a href=\"http:\/\/senoticias.com.br\/se\/wp-content\/uploads\/2016\/06\/Logo-fone.jpg\"><img loading=\"lazy\" decoding=\"async\" class=\"aligncenter size-full wp-image-93338\" alt=\"Logo fone\" src=\"http:\/\/senoticias.com.br\/se\/wp-content\/uploads\/2016\/06\/Logo-fone.jpg\" width=\"599\" height=\"78\" srcset=\"https:\/\/senoticias.com.br\/se\/wp-content\/uploads\/2016\/06\/Logo-fone.jpg 599w, https:\/\/senoticias.com.br\/se\/wp-content\/uploads\/2016\/06\/Logo-fone-300x39.jpg 300w, https:\/\/senoticias.com.br\/se\/wp-content\/uploads\/2016\/06\/Logo-fone-342x44.jpg 342w\" sizes=\"(max-width: 599px) 100vw, 599px\" \/><\/a><\/p>\n<p><strong>\u00a0<\/strong><\/p>\n","protected":false},"excerpt":{"rendered":"<p>Not\u00edcias falsas que acusam pol\u00edtico de crimes n\u00e3o devem circular, pois podem prejudic\u00e1-lo indevidamente nas pr\u00f3ximas elei\u00e7\u00f5es. Com esse entendimento, a 36\u00aa Zona Eleitoral de Cristalina (GO) concedeu liminar para suspender a veicula\u00e7\u00e3o no WhatsApp de uma not\u00edcia falsa que acusa o vereador Daniel do Sindicato (PSB), pr\u00e9-candidato a prefeito dessa cidade, de estar envolvido [&hellip;]<\/p>\n","protected":false},"author":1,"featured_media":93628,"comment_status":"closed","ping_status":"closed","sticky":false,"template":"","format":"standard","meta":{"footnotes":""},"categories":[6],"tags":[],"class_list":{"0":"post-93626","1":"post","2":"type-post","3":"status-publish","4":"format-standard","5":"has-post-thumbnail","7":"category-politica"},"_links":{"self":[{"href":"https:\/\/senoticias.com.br\/se\/wp-json\/wp\/v2\/posts\/93626"}],"collection":[{"href":"https:\/\/senoticias.com.br\/se\/wp-json\/wp\/v2\/posts"}],"about":[{"href":"https:\/\/senoticias.com.br\/se\/wp-json\/wp\/v2\/types\/post"}],"author":[{"embeddable":true,"href":"https:\/\/senoticias.com.br\/se\/wp-json\/wp\/v2\/users\/1"}],"replies":[{"embeddable":true,"href":"https:\/\/senoticias.com.br\/se\/wp-json\/wp\/v2\/comments?post=93626"}],"version-history":[{"count":0,"href":"https:\/\/senoticias.com.br\/se\/wp-json\/wp\/v2\/posts\/93626\/revisions"}],"wp:featuredmedia":[{"embeddable":true,"href":"https:\/\/senoticias.com.br\/se\/wp-json\/wp\/v2\/media\/93628"}],"wp:attachment":[{"href":"https:\/\/senoticias.com.br\/se\/wp-json\/wp\/v2\/media?parent=93626"}],"wp:term":[{"taxonomy":"category","embeddable":true,"href":"https:\/\/senoticias.com.br\/se\/wp-json\/wp\/v2\/categories?post=93626"},{"taxonomy":"post_tag","embeddable":true,"href":"https:\/\/senoticias.com.br\/se\/wp-json\/wp\/v2\/tags?post=93626"}],"curies":[{"name":"wp","href":"https:\/\/api.w.org\/{rel}","templated":true}]}}